{"id":273,"date":"2014-11-30T13:04:23","date_gmt":"2014-11-30T15:04:23","guid":{"rendered":"http:\/\/www.vogel-art.de\/blog\/?p=273"},"modified":"2015-09-12T10:47:48","modified_gmt":"2015-09-12T13:47:48","slug":"herzliche-begegnungen-in-tai-und-entre-rios","status":"publish","type":"post","link":"http:\/\/www.vogel-art.de\/blog\/?p=273","title":{"rendered":"Herzliche Begegnungen in Tai&oacute; und Entre Rios"},"content":{"rendered":"<p>\n<div class=\"ngg-galleryoverview\" id=\"ngg-gallery-cde5631b0c8630031865fef490bcb8c1-273\">\n\n\t\t\t<!-- Slideshow link -->\n\t<div class=\"slideshowlink\">\n\t\t<a class=\"slideshowlink\" href=\"http:\/\/www.vogel-art.de\/blog\/index.php\/nggallery\/slideshow?p=273\">\n\t\t\t[Zur Dia-Ansicht]\t\t<\/a>\n\t<\/div>\n\n\t<!-- Thumbnails -->\n\t\t\t\t\t\n\t<div id=\"ngg-image-1\" class=\"ngg-gallery-thumbnail-box\"  >\n\t\t<div class=\"ngg-gallery-thumbnail\" >\n\t\t\t<a href=\"http:\/\/www.vogel-art.de\/blog\/wp-content\/gallery\/brasilien-entre-rios\/141107_Brasilienp020_blog.jpg\"\n\t\t\t\ttitle=\" \"\n\t\t\t\tclass=\"ngg-fancybox\" rel=\"cde5631b0c8630031865fef490bcb8c1\" data-image-id=\"1\" data-src=\"http:\/\/www.vogel-art.de\/blog\/wp-content\/gallery\/brasilien-entre-rios\/141107_Brasilienp020_blog.jpg\" data-thumbnail=\"http:\/\/www.vogel-art.de\/blog\/wp-content\/gallery\/brasilien-entre-rios\/thumbs\/thumbs_141107_Brasilienp020_blog.jpg\" data-title=\"141107_Brasilienp020_blog\" data-description=\" \" >\n\t\t\t\t\t\t\t\t<img title=\"141107_Brasilienp020_blog\" alt=\"141107_Brasilienp020_blog\" src=\"http:\/\/www.vogel-art.de\/blog\/wp-content\/gallery\/brasilien-entre-rios\/thumbs\/thumbs_141107_Brasilienp020_blog.jpg\" width='120' height='90' \/>\n\t\t\t\t\t\t\t<\/a>\n\t\t<\/div>\n\t<\/div>\n\n\t\t\t\t\t\t\t\t\t\n\t\t\n\t<div id=\"ngg-image-2\" class=\"ngg-gallery-thumbnail-box\"  >\n\t\t<div class=\"ngg-gallery-thumbnail\" >\n\t\t\t<a href=\"http:\/\/www.vogel-art.de\/blog\/wp-content\/gallery\/brasilien-entre-rios\/141107_Brasilienp023_blog.jpg\"\n\t\t\t\ttitle=\"Brasilianer parken am Strand.\"\n\t\t\t\tclass=\"ngg-fancybox\" rel=\"cde5631b0c8630031865fef490bcb8c1\" data-image-id=\"2\" data-src=\"http:\/\/www.vogel-art.de\/blog\/wp-content\/gallery\/brasilien-entre-rios\/141107_Brasilienp023_blog.jpg\" data-thumbnail=\"http:\/\/www.vogel-art.de\/blog\/wp-content\/gallery\/brasilien-entre-rios\/thumbs\/thumbs_141107_Brasilienp023_blog.jpg\" data-title=\"Brasilianer parken am Strand.\" data-description=\"Brasilianer parken am Strand.\" >\n\t\t\t\t\t\t\t\t<img title=\"Brasilianer parken am Strand.\" alt=\"Brasilianer parken am Strand.\" src=\"http:\/\/www.vogel-art.de\/blog\/wp-content\/gallery\/brasilien-entre-rios\/thumbs\/thumbs_141107_Brasilienp023_blog.jpg\" width='120' height='90' \/>\n\t\t\t\t\t\t\t<\/a>\n\t\t<\/div>\n\t<\/div>\n\n\t\t\t\t\t\t\t\t\t\n\t\t\n\t<div id=\"ngg-image-3\" class=\"ngg-gallery-thumbnail-box\"  >\n\t\t<div class=\"ngg-gallery-thumbnail\" >\n\t\t\t<a href=\"http:\/\/www.vogel-art.de\/blog\/wp-content\/gallery\/brasilien-entre-rios\/141108_Brasilienp041_blog.jpg\"\n\t\t\t\ttitle=\" \"\n\t\t\t\tclass=\"ngg-fancybox\" rel=\"cde5631b0c8630031865fef490bcb8c1\" data-image-id=\"3\" data-src=\"http:\/\/www.vogel-art.de\/blog\/wp-content\/gallery\/brasilien-entre-rios\/141108_Brasilienp041_blog.jpg\" data-thumbnail=\"http:\/\/www.vogel-art.de\/blog\/wp-content\/gallery\/brasilien-entre-rios\/thumbs\/thumbs_141108_Brasilienp041_blog.jpg\" data-title=\"141108_Brasilienp041_blog\" data-description=\" \" >\n\t\t\t\t\t\t\t\t<img title=\"141108_Brasilienp041_blog\" alt=\"141108_Brasilienp041_blog\" src=\"http:\/\/www.vogel-art.de\/blog\/wp-content\/gallery\/brasilien-entre-rios\/thumbs\/thumbs_141108_Brasilienp041_blog.jpg\" width='120' height='90' \/>\n\t\t\t\t\t\t\t<\/a>\n\t\t<\/div>\n\t<\/div>\n\n\t\t\t\t\t\t\t\t\t\n\t\t\n\t<div id=\"ngg-image-4\" class=\"ngg-gallery-thumbnail-box\"  >\n\t\t<div class=\"ngg-gallery-thumbnail\" >\n\t\t\t<a href=\"http:\/\/www.vogel-art.de\/blog\/wp-content\/gallery\/brasilien-entre-rios\/141110_Brasilienp077_blog.jpg\"\n\t\t\t\ttitle=\"Einfahrt nach Florianopolis\"\n\t\t\t\tclass=\"ngg-fancybox\" rel=\"cde5631b0c8630031865fef490bcb8c1\" data-image-id=\"4\" data-src=\"http:\/\/www.vogel-art.de\/blog\/wp-content\/gallery\/brasilien-entre-rios\/141110_Brasilienp077_blog.jpg\" data-thumbnail=\"http:\/\/www.vogel-art.de\/blog\/wp-content\/gallery\/brasilien-entre-rios\/thumbs\/thumbs_141110_Brasilienp077_blog.jpg\" data-title=\"Einfahrt nach Florianopolis\" data-description=\"Einfahrt nach Florianopolis\" >\n\t\t\t\t\t\t\t\t<img title=\"Einfahrt nach Florianopolis\" alt=\"Einfahrt nach Florianopolis\" src=\"http:\/\/www.vogel-art.de\/blog\/wp-content\/gallery\/brasilien-entre-rios\/thumbs\/thumbs_141110_Brasilienp077_blog.jpg\" width='120' height='90' \/>\n\t\t\t\t\t\t\t<\/a>\n\t\t<\/div>\n\t<\/div>\n\n\t\t\t\t\t\t\t\t\t\n\t\t\n\t<div id=\"ngg-image-5\" class=\"ngg-gallery-thumbnail-box\"  >\n\t\t<div class=\"ngg-gallery-thumbnail\" >\n\t\t\t<a href=\"http:\/\/www.vogel-art.de\/blog\/wp-content\/gallery\/brasilien-entre-rios\/141112_Brasilien_072_blog.jpg\"\n\t\t\t\ttitle=\"Wir nennen sie &quot;blaue Raben&quot;.\"\n\t\t\t\tclass=\"ngg-fancybox\" rel=\"cde5631b0c8630031865fef490bcb8c1\" data-image-id=\"5\" data-src=\"http:\/\/www.vogel-art.de\/blog\/wp-content\/gallery\/brasilien-entre-rios\/141112_Brasilien_072_blog.jpg\" data-thumbnail=\"http:\/\/www.vogel-art.de\/blog\/wp-content\/gallery\/brasilien-entre-rios\/thumbs\/thumbs_141112_Brasilien_072_blog.jpg\" data-title=\"Wir nennen sie \"blaue Raben\".\" data-description=\"Wir nennen sie \"blaue Raben\".\" >\n\t\t\t\t\t\t\t\t<img title=\"Wir nennen sie &quot;blaue Raben&quot;.\" alt=\"Wir nennen sie &quot;blaue Raben&quot;.\" src=\"http:\/\/www.vogel-art.de\/blog\/wp-content\/gallery\/brasilien-entre-rios\/thumbs\/thumbs_141112_Brasilien_072_blog.jpg\" width='120' height='90' \/>\n\t\t\t\t\t\t\t<\/a>\n\t\t<\/div>\n\t<\/div>\n\n\t\t\t\t\t\t\t\t\t\n\t\t\n\t<div id=\"ngg-image-6\" class=\"ngg-gallery-thumbnail-box\"  >\n\t\t<div class=\"ngg-gallery-thumbnail\" >\n\t\t\t<a href=\"http:\/\/www.vogel-art.de\/blog\/wp-content\/gallery\/brasilien-entre-rios\/141112_Brasilien_075_blog.jpg\"\n\t\t\t\ttitle=\" \"\n\t\t\t\tclass=\"ngg-fancybox\" rel=\"cde5631b0c8630031865fef490bcb8c1\" data-image-id=\"6\" data-src=\"http:\/\/www.vogel-art.de\/blog\/wp-content\/gallery\/brasilien-entre-rios\/141112_Brasilien_075_blog.jpg\" data-thumbnail=\"http:\/\/www.vogel-art.de\/blog\/wp-content\/gallery\/brasilien-entre-rios\/thumbs\/thumbs_141112_Brasilien_075_blog.jpg\" data-title=\"141112_Brasilien_075_blog\" data-description=\" \" >\n\t\t\t\t\t\t\t\t<img title=\"141112_Brasilien_075_blog\" alt=\"141112_Brasilien_075_blog\" src=\"http:\/\/www.vogel-art.de\/blog\/wp-content\/gallery\/brasilien-entre-rios\/thumbs\/thumbs_141112_Brasilien_075_blog.jpg\" width='120' height='90' \/>\n\t\t\t\t\t\t\t<\/a>\n\t\t<\/div>\n\t<\/div>\n\n\t\t\t\t\t\t\t\t\t\n\t\t\n\t<div id=\"ngg-image-7\" class=\"ngg-gallery-thumbnail-box\"  >\n\t\t<div class=\"ngg-gallery-thumbnail\" >\n\t\t\t<a href=\"http:\/\/www.vogel-art.de\/blog\/wp-content\/gallery\/brasilien-entre-rios\/141112_Brasilien_084_blog.jpg\"\n\t\t\t\ttitle=\"Weihnachten verfolgt uns bis nach Brasilien. Bei 30\u00b0C rieselt allerdings kein Schnee mehr.\"\n\t\t\t\tclass=\"ngg-fancybox\" rel=\"cde5631b0c8630031865fef490bcb8c1\" data-image-id=\"7\" data-src=\"http:\/\/www.vogel-art.de\/blog\/wp-content\/gallery\/brasilien-entre-rios\/141112_Brasilien_084_blog.jpg\" data-thumbnail=\"http:\/\/www.vogel-art.de\/blog\/wp-content\/gallery\/brasilien-entre-rios\/thumbs\/thumbs_141112_Brasilien_084_blog.jpg\" data-title=\"Weihnachten verfolgt uns bis nach Brasilien. Bei 30\u00b0C rieselt allerdings kein Schnee mehr.\" data-description=\"Weihnachten verfolgt uns bis nach Brasilien. Bei 30\u00b0C rieselt allerdings kein Schnee mehr.\" >\n\t\t\t\t\t\t\t\t<img title=\"Weihnachten verfolgt uns bis nach Brasilien. Bei 30\u00b0C rieselt allerdings kein Schnee mehr.\" alt=\"Weihnachten verfolgt uns bis nach Brasilien. Bei 30\u00b0C rieselt allerdings kein Schnee mehr.\" src=\"http:\/\/www.vogel-art.de\/blog\/wp-content\/gallery\/brasilien-entre-rios\/thumbs\/thumbs_141112_Brasilien_084_blog.jpg\" width='120' height='90' \/>\n\t\t\t\t\t\t\t<\/a>\n\t\t<\/div>\n\t<\/div>\n\n\t\t\t\t\t\t\t\t\t\n\t\t\n\t<div id=\"ngg-image-8\" class=\"ngg-gallery-thumbnail-box\"  >\n\t\t<div class=\"ngg-gallery-thumbnail\" >\n\t\t\t<a href=\"http:\/\/www.vogel-art.de\/blog\/wp-content\/gallery\/brasilien-entre-rios\/141112_Brasilien_086_blog.jpg\"\n\t\t\t\ttitle=\"Pomerode - eine der deutschesten St\u00e4dte Brasiliens.\"\n\t\t\t\tclass=\"ngg-fancybox\" rel=\"cde5631b0c8630031865fef490bcb8c1\" data-image-id=\"8\" data-src=\"http:\/\/www.vogel-art.de\/blog\/wp-content\/gallery\/brasilien-entre-rios\/141112_Brasilien_086_blog.jpg\" data-thumbnail=\"http:\/\/www.vogel-art.de\/blog\/wp-content\/gallery\/brasilien-entre-rios\/thumbs\/thumbs_141112_Brasilien_086_blog.jpg\" data-title=\"Pomerode - eine der deutschesten St\u00e4dte Brasiliens.\" data-description=\"Pomerode - eine der deutschesten St\u00e4dte Brasiliens.\" >\n\t\t\t\t\t\t\t\t<img title=\"Pomerode - eine der deutschesten St\u00e4dte Brasiliens.\" alt=\"Pomerode - eine der deutschesten St\u00e4dte Brasiliens.\" src=\"http:\/\/www.vogel-art.de\/blog\/wp-content\/gallery\/brasilien-entre-rios\/thumbs\/thumbs_141112_Brasilien_086_blog.jpg\" width='120' height='90' \/>\n\t\t\t\t\t\t\t<\/a>\n\t\t<\/div>\n\t<\/div>\n\n\t\t\t\t\t\t\t\t\t\n\t\t\n\t<div id=\"ngg-image-13\" class=\"ngg-gallery-thumbnail-box\"  >\n\t\t<div class=\"ngg-gallery-thumbnail\" >\n\t\t\t<a href=\"http:\/\/www.vogel-art.de\/blog\/wp-content\/gallery\/brasilien-entre-rios\/141113_Brasilienp131_blog.jpg\"\n\t\t\t\ttitle=\"M\u00e4nner lassen Luft ab.\"\n\t\t\t\tclass=\"ngg-fancybox\" rel=\"cde5631b0c8630031865fef490bcb8c1\" data-image-id=\"13\" data-src=\"http:\/\/www.vogel-art.de\/blog\/wp-content\/gallery\/brasilien-entre-rios\/141113_Brasilienp131_blog.jpg\" data-thumbnail=\"http:\/\/www.vogel-art.de\/blog\/wp-content\/gallery\/brasilien-entre-rios\/thumbs\/thumbs_141113_Brasilienp131_blog.jpg\" data-title=\"M\u00e4nner lassen Luft ab.\" data-description=\"M\u00e4nner lassen Luft ab.\" >\n\t\t\t\t\t\t\t\t<img title=\"M\u00e4nner lassen Luft ab.\" alt=\"M\u00e4nner lassen Luft ab.\" src=\"http:\/\/www.vogel-art.de\/blog\/wp-content\/gallery\/brasilien-entre-rios\/thumbs\/thumbs_141113_Brasilienp131_blog.jpg\" width='120' height='90' \/>\n\t\t\t\t\t\t\t<\/a>\n\t\t<\/div>\n\t<\/div>\n\n\t\t\t\t\t\t\t\t\t\n\t\t\n\t<div id=\"ngg-image-9\" class=\"ngg-gallery-thumbnail-box\"  >\n\t\t<div class=\"ngg-gallery-thumbnail\" >\n\t\t\t<a href=\"http:\/\/www.vogel-art.de\/blog\/wp-content\/gallery\/brasilien-entre-rios\/141113_Brasilien_182_blog.jpg\"\n\t\t\t\ttitle=\"Wolken \u00fcber Reisfelder\"\n\t\t\t\tclass=\"ngg-fancybox\" rel=\"cde5631b0c8630031865fef490bcb8c1\" data-image-id=\"9\" data-src=\"http:\/\/www.vogel-art.de\/blog\/wp-content\/gallery\/brasilien-entre-rios\/141113_Brasilien_182_blog.jpg\" data-thumbnail=\"http:\/\/www.vogel-art.de\/blog\/wp-content\/gallery\/brasilien-entre-rios\/thumbs\/thumbs_141113_Brasilien_182_blog.jpg\" data-title=\"Wolken \u00fcber Reisfelder\" data-description=\"Wolken \u00fcber Reisfelder\" >\n\t\t\t\t\t\t\t\t<img title=\"Wolken \u00fcber Reisfelder\" alt=\"Wolken \u00fcber Reisfelder\" src=\"http:\/\/www.vogel-art.de\/blog\/wp-content\/gallery\/brasilien-entre-rios\/thumbs\/thumbs_141113_Brasilien_182_blog.jpg\" width='120' height='90' \/>\n\t\t\t\t\t\t\t<\/a>\n\t\t<\/div>\n\t<\/div>\n\n\t\t\t\t\t\t\t\t\t\n\t\t\n\t<div id=\"ngg-image-14\" class=\"ngg-gallery-thumbnail-box\"  >\n\t\t<div class=\"ngg-gallery-thumbnail\" >\n\t\t\t<a href=\"http:\/\/www.vogel-art.de\/blog\/wp-content\/gallery\/brasilien-entre-rios\/141113_Brasilienp145_blog.jpg\"\n\t\t\t\ttitle=\"V\u00f6gel im Reisfeld\"\n\t\t\t\tclass=\"ngg-fancybox\" rel=\"cde5631b0c8630031865fef490bcb8c1\" data-image-id=\"14\" data-src=\"http:\/\/www.vogel-art.de\/blog\/wp-content\/gallery\/brasilien-entre-rios\/141113_Brasilienp145_blog.jpg\" data-thumbnail=\"http:\/\/www.vogel-art.de\/blog\/wp-content\/gallery\/brasilien-entre-rios\/thumbs\/thumbs_141113_Brasilienp145_blog.jpg\" data-title=\"V\u00f6gel im Reisfeld\" data-description=\"V\u00f6gel im Reisfeld\" >\n\t\t\t\t\t\t\t\t<img title=\"V\u00f6gel im Reisfeld\" alt=\"V\u00f6gel im Reisfeld\" src=\"http:\/\/www.vogel-art.de\/blog\/wp-content\/gallery\/brasilien-entre-rios\/thumbs\/thumbs_141113_Brasilienp145_blog.jpg\" width='120' height='90' \/>\n\t\t\t\t\t\t\t<\/a>\n\t\t<\/div>\n\t<\/div>\n\n\t\t\t\t\t\t\t\t\t\n\t\t\n\t<div id=\"ngg-image-10\" class=\"ngg-gallery-thumbnail-box\"  >\n\t\t<div class=\"ngg-gallery-thumbnail\" >\n\t\t\t<a href=\"http:\/\/www.vogel-art.de\/blog\/wp-content\/gallery\/brasilien-entre-rios\/141113_Brasilien_186_blog.jpg\"\n\t\t\t\ttitle=\"Unser \u00dcbernachtungsplatz: Anfang einer herzlichen Begegnung\"\n\t\t\t\tclass=\"ngg-fancybox\" rel=\"cde5631b0c8630031865fef490bcb8c1\" data-image-id=\"10\" data-src=\"http:\/\/www.vogel-art.de\/blog\/wp-content\/gallery\/brasilien-entre-rios\/141113_Brasilien_186_blog.jpg\" data-thumbnail=\"http:\/\/www.vogel-art.de\/blog\/wp-content\/gallery\/brasilien-entre-rios\/thumbs\/thumbs_141113_Brasilien_186_blog.jpg\" data-title=\"Unser \u00dcbernachtungsplatz: Anfang einer herzlichen Begegnung\" data-description=\"Unser \u00dcbernachtungsplatz: Anfang einer herzlichen Begegnung\" >\n\t\t\t\t\t\t\t\t<img title=\"Unser \u00dcbernachtungsplatz: Anfang einer herzlichen Begegnung\" alt=\"Unser \u00dcbernachtungsplatz: Anfang einer herzlichen Begegnung\" src=\"http:\/\/www.vogel-art.de\/blog\/wp-content\/gallery\/brasilien-entre-rios\/thumbs\/thumbs_141113_Brasilien_186_blog.jpg\" width='120' height='90' \/>\n\t\t\t\t\t\t\t<\/a>\n\t\t<\/div>\n\t<\/div>\n\n\t\t\t\t\t\t\t\t\t\n\t\t\n\t<div id=\"ngg-image-11\" class=\"ngg-gallery-thumbnail-box\"  >\n\t\t<div class=\"ngg-gallery-thumbnail\" >\n\t\t\t<a href=\"http:\/\/www.vogel-art.de\/blog\/wp-content\/gallery\/brasilien-entre-rios\/141113_Brasilien_189_blog.jpg\"\n\t\t\t\ttitle=\"Der Blaue ist \u00fcbrigens Simon aus der Schweiz. Gemeinsam reisen wir bis Iguazu.\"\n\t\t\t\tclass=\"ngg-fancybox\" rel=\"cde5631b0c8630031865fef490bcb8c1\" data-image-id=\"11\" data-src=\"http:\/\/www.vogel-art.de\/blog\/wp-content\/gallery\/brasilien-entre-rios\/141113_Brasilien_189_blog.jpg\" data-thumbnail=\"http:\/\/www.vogel-art.de\/blog\/wp-content\/gallery\/brasilien-entre-rios\/thumbs\/thumbs_141113_Brasilien_189_blog.jpg\" data-title=\"Der Blaue ist \u00fcbrigens Simon aus der Schweiz. Gemeinsam reisen wir bis Iguazu.\" data-description=\"Der Blaue ist \u00fcbrigens Simon aus der Schweiz. Gemeinsam reisen wir bis Iguazu.\" >\n\t\t\t\t\t\t\t\t<img title=\"Der Blaue ist \u00fcbrigens Simon aus der Schweiz. Gemeinsam reisen wir bis Iguazu.\" alt=\"Der Blaue ist \u00fcbrigens Simon aus der Schweiz. Gemeinsam reisen wir bis Iguazu.\" src=\"http:\/\/www.vogel-art.de\/blog\/wp-content\/gallery\/brasilien-entre-rios\/thumbs\/thumbs_141113_Brasilien_189_blog.jpg\" width='120' height='90' \/>\n\t\t\t\t\t\t\t<\/a>\n\t\t<\/div>\n\t<\/div>\n\n\t\t\t\t\t\t\t\t\t\n\t\t\n\t<div id=\"ngg-image-12\" class=\"ngg-gallery-thumbnail-box\"  >\n\t\t<div class=\"ngg-gallery-thumbnail\" >\n\t\t\t<a href=\"http:\/\/www.vogel-art.de\/blog\/wp-content\/gallery\/brasilien-entre-rios\/141113_Brasilien_195_blog.jpg\"\n\t\t\t\ttitle=\"Josefs Begr\u00fc\u00dfung auf deutsch: &quot;Was habt denn Ihr hier verloren? Hier spricht man deutsch?&quot;\"\n\t\t\t\tclass=\"ngg-fancybox\" rel=\"cde5631b0c8630031865fef490bcb8c1\" data-image-id=\"12\" data-src=\"http:\/\/www.vogel-art.de\/blog\/wp-content\/gallery\/brasilien-entre-rios\/141113_Brasilien_195_blog.jpg\" data-thumbnail=\"http:\/\/www.vogel-art.de\/blog\/wp-content\/gallery\/brasilien-entre-rios\/thumbs\/thumbs_141113_Brasilien_195_blog.jpg\" data-title=\"Josefs Begr\u00fc\u00dfung auf deutsch: \"Was habt denn Ihr hier verloren? Hier spricht man deutsch?\"\" data-description=\"Josefs Begr\u00fc\u00dfung auf deutsch: \"Was habt denn Ihr hier verloren? Hier spricht man deutsch?\"\" >\n\t\t\t\t\t\t\t\t<img title=\"Josefs Begr\u00fc\u00dfung auf deutsch: &quot;Was habt denn Ihr hier verloren? Hier spricht man deutsch?&quot;\" alt=\"Josefs Begr\u00fc\u00dfung auf deutsch: &quot;Was habt denn Ihr hier verloren? Hier spricht man deutsch?&quot;\" src=\"http:\/\/www.vogel-art.de\/blog\/wp-content\/gallery\/brasilien-entre-rios\/thumbs\/thumbs_141113_Brasilien_195_blog.jpg\" width='120' height='90' \/>\n\t\t\t\t\t\t\t<\/a>\n\t\t<\/div>\n\t<\/div>\n\n\t\t\t\t\t\t\t\t\t\n\t\t\n\t<div id=\"ngg-image-15\" class=\"ngg-gallery-thumbnail-box\"  >\n\t\t<div class=\"ngg-gallery-thumbnail\" >\n\t\t\t<a href=\"http:\/\/www.vogel-art.de\/blog\/wp-content\/gallery\/brasilien-entre-rios\/141114_Brasilienp155_blog.jpg\"\n\t\t\t\ttitle=\"Interview mit der Lokalpresse in Tai\u00f3\"\n\t\t\t\tclass=\"ngg-fancybox\" rel=\"cde5631b0c8630031865fef490bcb8c1\" data-image-id=\"15\" data-src=\"http:\/\/www.vogel-art.de\/blog\/wp-content\/gallery\/brasilien-entre-rios\/141114_Brasilienp155_blog.jpg\" data-thumbnail=\"http:\/\/www.vogel-art.de\/blog\/wp-content\/gallery\/brasilien-entre-rios\/thumbs\/thumbs_141114_Brasilienp155_blog.jpg\" data-title=\"Interview mit der Lokalpresse in Tai\u00f3\" data-description=\"Interview mit der Lokalpresse in Tai\u00f3\" >\n\t\t\t\t\t\t\t\t<img title=\"Interview mit der Lokalpresse in Tai\u00f3\" alt=\"Interview mit der Lokalpresse in Tai\u00f3\" src=\"http:\/\/www.vogel-art.de\/blog\/wp-content\/gallery\/brasilien-entre-rios\/thumbs\/thumbs_141114_Brasilienp155_blog.jpg\" width='120' height='90' \/>\n\t\t\t\t\t\t\t<\/a>\n\t\t<\/div>\n\t<\/div>\n\n\t\t\t\t\t\t\t\t\t\n\t\t\n\t<div id=\"ngg-image-47\" class=\"ngg-gallery-thumbnail-box\"  >\n\t\t<div class=\"ngg-gallery-thumbnail\" >\n\t\t\t<a href=\"http:\/\/www.vogel-art.de\/blog\/wp-content\/gallery\/brasilien-entre-rios\/141114_Brasilienp156_blog.jpg\"\n\t\t\t\ttitle=\"Josefs Autohaus.\"\n\t\t\t\tclass=\"ngg-fancybox\" rel=\"cde5631b0c8630031865fef490bcb8c1\" data-image-id=\"47\" data-src=\"http:\/\/www.vogel-art.de\/blog\/wp-content\/gallery\/brasilien-entre-rios\/141114_Brasilienp156_blog.jpg\" data-thumbnail=\"http:\/\/www.vogel-art.de\/blog\/wp-content\/gallery\/brasilien-entre-rios\/thumbs\/thumbs_141114_Brasilienp156_blog.jpg\" data-title=\"Josefs Autohaus.\" data-description=\"Josefs Autohaus.\" >\n\t\t\t\t\t\t\t\t<img title=\"Josefs Autohaus.\" alt=\"Josefs Autohaus.\" src=\"http:\/\/www.vogel-art.de\/blog\/wp-content\/gallery\/brasilien-entre-rios\/thumbs\/thumbs_141114_Brasilienp156_blog.jpg\" width='120' height='90' \/>\n\t\t\t\t\t\t\t<\/a>\n\t\t<\/div>\n\t<\/div>\n\n\t\t\t\t\t\t\t\t\t\n\t\t\n\t<div id=\"ngg-image-48\" class=\"ngg-gallery-thumbnail-box\"  >\n\t\t<div class=\"ngg-gallery-thumbnail\" >\n\t\t\t<a href=\"http:\/\/www.vogel-art.de\/blog\/wp-content\/gallery\/brasilien-entre-rios\/141114_Brasilienp163_blog.jpg\"\n\t\t\t\ttitle=\" \"\n\t\t\t\tclass=\"ngg-fancybox\" rel=\"cde5631b0c8630031865fef490bcb8c1\" data-image-id=\"48\" data-src=\"http:\/\/www.vogel-art.de\/blog\/wp-content\/gallery\/brasilien-entre-rios\/141114_Brasilienp163_blog.jpg\" data-thumbnail=\"http:\/\/www.vogel-art.de\/blog\/wp-content\/gallery\/brasilien-entre-rios\/thumbs\/thumbs_141114_Brasilienp163_blog.jpg\" data-title=\"141114_Brasilienp163_blog\" data-description=\" \" >\n\t\t\t\t\t\t\t\t<img title=\"141114_Brasilienp163_blog\" alt=\"141114_Brasilienp163_blog\" src=\"http:\/\/www.vogel-art.de\/blog\/wp-content\/gallery\/brasilien-entre-rios\/thumbs\/thumbs_141114_Brasilienp163_blog.jpg\" width='120' height='90' \/>\n\t\t\t\t\t\t\t<\/a>\n\t\t<\/div>\n\t<\/div>\n\n\t\t\t\t\t\t\t\t\t\n\t\t\n\t<div id=\"ngg-image-16\" class=\"ngg-gallery-thumbnail-box\"  >\n\t\t<div class=\"ngg-gallery-thumbnail\" >\n\t\t\t<a href=\"http:\/\/www.vogel-art.de\/blog\/wp-content\/gallery\/brasilien-entre-rios\/141114_Brasilienp182_blog.jpg\"\n\t\t\t\ttitle=\"Mein erster Fisch.\"\n\t\t\t\tclass=\"ngg-fancybox\" rel=\"cde5631b0c8630031865fef490bcb8c1\" data-image-id=\"16\" data-src=\"http:\/\/www.vogel-art.de\/blog\/wp-content\/gallery\/brasilien-entre-rios\/141114_Brasilienp182_blog.jpg\" data-thumbnail=\"http:\/\/www.vogel-art.de\/blog\/wp-content\/gallery\/brasilien-entre-rios\/thumbs\/thumbs_141114_Brasilienp182_blog.jpg\" data-title=\"Mein erster Fisch.\" data-description=\"Mein erster Fisch.\" >\n\t\t\t\t\t\t\t\t<img title=\"Mein erster Fisch.\" alt=\"Mein erster Fisch.\" src=\"http:\/\/www.vogel-art.de\/blog\/wp-content\/gallery\/brasilien-entre-rios\/thumbs\/thumbs_141114_Brasilienp182_blog.jpg\" width='120' height='90' \/>\n\t\t\t\t\t\t\t<\/a>\n\t\t<\/div>\n\t<\/div>\n\n\t\t\t\t\t\t\t\t\t\n\t\t\n\t<div id=\"ngg-image-17\" class=\"ngg-gallery-thumbnail-box\"  >\n\t\t<div class=\"ngg-gallery-thumbnail\" >\n\t\t\t<a href=\"http:\/\/www.vogel-art.de\/blog\/wp-content\/gallery\/brasilien-entre-rios\/141114_Brasilienp195_blog.jpg\"\n\t\t\t\ttitle=\"Grillabend mit unseren Gastgebern.\"\n\t\t\t\tclass=\"ngg-fancybox\" rel=\"cde5631b0c8630031865fef490bcb8c1\" data-image-id=\"17\" data-src=\"http:\/\/www.vogel-art.de\/blog\/wp-content\/gallery\/brasilien-entre-rios\/141114_Brasilienp195_blog.jpg\" data-thumbnail=\"http:\/\/www.vogel-art.de\/blog\/wp-content\/gallery\/brasilien-entre-rios\/thumbs\/thumbs_141114_Brasilienp195_blog.jpg\" data-title=\"Grillabend mit unseren Gastgebern.\" data-description=\"Grillabend mit unseren Gastgebern.\" >\n\t\t\t\t\t\t\t\t<img title=\"Grillabend mit unseren Gastgebern.\" alt=\"Grillabend mit unseren Gastgebern.\" src=\"http:\/\/www.vogel-art.de\/blog\/wp-content\/gallery\/brasilien-entre-rios\/thumbs\/thumbs_141114_Brasilienp195_blog.jpg\" width='120' height='90' \/>\n\t\t\t\t\t\t\t<\/a>\n\t\t<\/div>\n\t<\/div>\n\n\t\t\t\t\t\t\t\t\t\n\t\t\n\t<div id=\"ngg-image-23\" class=\"ngg-gallery-thumbnail-box\"  >\n\t\t<div class=\"ngg-gallery-thumbnail\" >\n\t\t\t<a href=\"http:\/\/www.vogel-art.de\/blog\/wp-content\/gallery\/brasilien-entre-rios\/141115_Brasilienp196_blog.jpg\"\n\t\t\t\ttitle=\"Fr\u00fchst\u00fcck.\"\n\t\t\t\tclass=\"ngg-fancybox\" rel=\"cde5631b0c8630031865fef490bcb8c1\" data-image-id=\"23\" data-src=\"http:\/\/www.vogel-art.de\/blog\/wp-content\/gallery\/brasilien-entre-rios\/141115_Brasilienp196_blog.jpg\" data-thumbnail=\"http:\/\/www.vogel-art.de\/blog\/wp-content\/gallery\/brasilien-entre-rios\/thumbs\/thumbs_141115_Brasilienp196_blog.jpg\" data-title=\"Fr\u00fchst\u00fcck.\" data-description=\"Fr\u00fchst\u00fcck.\" >\n\t\t\t\t\t\t\t\t<img title=\"Fr\u00fchst\u00fcck.\" alt=\"Fr\u00fchst\u00fcck.\" src=\"http:\/\/www.vogel-art.de\/blog\/wp-content\/gallery\/brasilien-entre-rios\/thumbs\/thumbs_141115_Brasilienp196_blog.jpg\" width='120' height='90' \/>\n\t\t\t\t\t\t\t<\/a>\n\t\t<\/div>\n\t<\/div>\n\n\t\t\t\t\t\t\t\t\t\n\t\t\n\t<div id=\"ngg-image-18\" class=\"ngg-gallery-thumbnail-box\"  >\n\t\t<div class=\"ngg-gallery-thumbnail\" >\n\t\t\t<a href=\"http:\/\/www.vogel-art.de\/blog\/wp-content\/gallery\/brasilien-entre-rios\/141115_Brasilien_213_blog.jpg\"\n\t\t\t\ttitle=\"Ein Colt f\u00fcr alle F\u00e4lle.\"\n\t\t\t\tclass=\"ngg-fancybox\" rel=\"cde5631b0c8630031865fef490bcb8c1\" data-image-id=\"18\" data-src=\"http:\/\/www.vogel-art.de\/blog\/wp-content\/gallery\/brasilien-entre-rios\/141115_Brasilien_213_blog.jpg\" data-thumbnail=\"http:\/\/www.vogel-art.de\/blog\/wp-content\/gallery\/brasilien-entre-rios\/thumbs\/thumbs_141115_Brasilien_213_blog.jpg\" data-title=\"Ein Colt f\u00fcr alle F\u00e4lle.\" data-description=\"Ein Colt f\u00fcr alle F\u00e4lle.\" >\n\t\t\t\t\t\t\t\t<img title=\"Ein Colt f\u00fcr alle F\u00e4lle.\" alt=\"Ein Colt f\u00fcr alle F\u00e4lle.\" src=\"http:\/\/www.vogel-art.de\/blog\/wp-content\/gallery\/brasilien-entre-rios\/thumbs\/thumbs_141115_Brasilien_213_blog.jpg\" width='120' height='90' \/>\n\t\t\t\t\t\t\t<\/a>\n\t\t<\/div>\n\t<\/div>\n\n\t\t\t\t\t\t\t\t\t\n\t\t\n\t<div id=\"ngg-image-19\" class=\"ngg-gallery-thumbnail-box\"  >\n\t\t<div class=\"ngg-gallery-thumbnail\" >\n\t\t\t<a href=\"http:\/\/www.vogel-art.de\/blog\/wp-content\/gallery\/brasilien-entre-rios\/141115_Brasilien_217_blog.jpg\"\n\t\t\t\ttitle=\"Das Haus am See.\"\n\t\t\t\tclass=\"ngg-fancybox\" rel=\"cde5631b0c8630031865fef490bcb8c1\" data-image-id=\"19\" data-src=\"http:\/\/www.vogel-art.de\/blog\/wp-content\/gallery\/brasilien-entre-rios\/141115_Brasilien_217_blog.jpg\" data-thumbnail=\"http:\/\/www.vogel-art.de\/blog\/wp-content\/gallery\/brasilien-entre-rios\/thumbs\/thumbs_141115_Brasilien_217_blog.jpg\" data-title=\"Das Haus am See.\" data-description=\"Das Haus am See.\" >\n\t\t\t\t\t\t\t\t<img title=\"Das Haus am See.\" alt=\"Das Haus am See.\" src=\"http:\/\/www.vogel-art.de\/blog\/wp-content\/gallery\/brasilien-entre-rios\/thumbs\/thumbs_141115_Brasilien_217_blog.jpg\" width='120' height='90' \/>\n\t\t\t\t\t\t\t<\/a>\n\t\t<\/div>\n\t<\/div>\n\n\t\t\t\t\t\t\t\t\t\n\t\t\n\t<div id=\"ngg-image-20\" class=\"ngg-gallery-thumbnail-box\"  >\n\t\t<div class=\"ngg-gallery-thumbnail\" >\n\t\t\t<a href=\"http:\/\/www.vogel-art.de\/blog\/wp-content\/gallery\/brasilien-entre-rios\/141115_Brasilien_242_blog.jpg\"\n\t\t\t\ttitle=\"von links nach rechts:\r\nJulio, Simon, Petra, Josef, Frau von Josef, Heinz, Loriwald\"\n\t\t\t\tclass=\"ngg-fancybox\" rel=\"cde5631b0c8630031865fef490bcb8c1\" data-image-id=\"20\" data-src=\"http:\/\/www.vogel-art.de\/blog\/wp-content\/gallery\/brasilien-entre-rios\/141115_Brasilien_242_blog.jpg\" data-thumbnail=\"http:\/\/www.vogel-art.de\/blog\/wp-content\/gallery\/brasilien-entre-rios\/thumbs\/thumbs_141115_Brasilien_242_blog.jpg\" data-title=\"von links nach rechts: Julio, Simon, Petra, Josef, Frau von Josef, Heinz, Loriwald\" data-description=\"von links nach rechts:\r\nJulio, Simon, Petra, Josef, Frau von Josef, Heinz, Loriwald\" >\n\t\t\t\t\t\t\t\t<img title=\"von links nach rechts: Julio, Simon, Petra, Josef, Frau von Josef, Heinz, Loriwald\" alt=\"von links nach rechts: Julio, Simon, Petra, Josef, Frau von Josef, Heinz, Loriwald\" src=\"http:\/\/www.vogel-art.de\/blog\/wp-content\/gallery\/brasilien-entre-rios\/thumbs\/thumbs_141115_Brasilien_242_blog.jpg\" width='120' height='90' \/>\n\t\t\t\t\t\t\t<\/a>\n\t\t<\/div>\n\t<\/div>\n\n\t\t\t\t\t\t\t\t\t\n\t\t\n\t<div id=\"ngg-image-24\" class=\"ngg-gallery-thumbnail-box\"  >\n\t\t<div class=\"ngg-gallery-thumbnail\" >\n\t\t\t<a href=\"http:\/\/www.vogel-art.de\/blog\/wp-content\/gallery\/brasilien-entre-rios\/141115_Brasilienp198_blog.jpg\"\n\t\t\t\ttitle=\"Auf dem Weg zu den Donauschwaben.\"\n\t\t\t\tclass=\"ngg-fancybox\" rel=\"cde5631b0c8630031865fef490bcb8c1\" data-image-id=\"24\" data-src=\"http:\/\/www.vogel-art.de\/blog\/wp-content\/gallery\/brasilien-entre-rios\/141115_Brasilienp198_blog.jpg\" data-thumbnail=\"http:\/\/www.vogel-art.de\/blog\/wp-content\/gallery\/brasilien-entre-rios\/thumbs\/thumbs_141115_Brasilienp198_blog.jpg\" data-title=\"Auf dem Weg zu den Donauschwaben.\" data-description=\"Auf dem Weg zu den Donauschwaben.\" >\n\t\t\t\t\t\t\t\t<img title=\"Auf dem Weg zu den Donauschwaben.\" alt=\"Auf dem Weg zu den Donauschwaben.\" src=\"http:\/\/www.vogel-art.de\/blog\/wp-content\/gallery\/brasilien-entre-rios\/thumbs\/thumbs_141115_Brasilienp198_blog.jpg\" width='120' height='90' \/>\n\t\t\t\t\t\t\t<\/a>\n\t\t<\/div>\n\t<\/div>\n\n\t\t\t\t\t\t\t\t\t\n\t\t\n\t<div id=\"ngg-image-25\" class=\"ngg-gallery-thumbnail-box\"  >\n\t\t<div class=\"ngg-gallery-thumbnail\" >\n\t\t\t<a href=\"http:\/\/www.vogel-art.de\/blog\/wp-content\/gallery\/brasilien-entre-rios\/141115_Brasilienp208_blog.jpg\"\n\t\t\t\ttitle=\" \"\n\t\t\t\tclass=\"ngg-fancybox\" rel=\"cde5631b0c8630031865fef490bcb8c1\" data-image-id=\"25\" data-src=\"http:\/\/www.vogel-art.de\/blog\/wp-content\/gallery\/brasilien-entre-rios\/141115_Brasilienp208_blog.jpg\" data-thumbnail=\"http:\/\/www.vogel-art.de\/blog\/wp-content\/gallery\/brasilien-entre-rios\/thumbs\/thumbs_141115_Brasilienp208_blog.jpg\" data-title=\"141115_Brasilienp208_blog\" data-description=\" \" >\n\t\t\t\t\t\t\t\t<img title=\"141115_Brasilienp208_blog\" alt=\"141115_Brasilienp208_blog\" src=\"http:\/\/www.vogel-art.de\/blog\/wp-content\/gallery\/brasilien-entre-rios\/thumbs\/thumbs_141115_Brasilienp208_blog.jpg\" width='120' height='90' \/>\n\t\t\t\t\t\t\t<\/a>\n\t\t<\/div>\n\t<\/div>\n\n\t\t\t\t\t\t\t\t\t\n\t\t\n\t<div id=\"ngg-image-49\" class=\"ngg-gallery-thumbnail-box\"  >\n\t\t<div class=\"ngg-gallery-thumbnail\" >\n\t\t\t<a href=\"http:\/\/www.vogel-art.de\/blog\/wp-content\/gallery\/brasilien-entre-rios\/141115_Brasilienp209_blog.jpg\"\n\t\t\t\ttitle=\" \"\n\t\t\t\tclass=\"ngg-fancybox\" rel=\"cde5631b0c8630031865fef490bcb8c1\" data-image-id=\"49\" data-src=\"http:\/\/www.vogel-art.de\/blog\/wp-content\/gallery\/brasilien-entre-rios\/141115_Brasilienp209_blog.jpg\" data-thumbnail=\"http:\/\/www.vogel-art.de\/blog\/wp-content\/gallery\/brasilien-entre-rios\/thumbs\/thumbs_141115_Brasilienp209_blog.jpg\" data-title=\"141115_Brasilienp209_blog\" data-description=\" \" >\n\t\t\t\t\t\t\t\t<img title=\"141115_Brasilienp209_blog\" alt=\"141115_Brasilienp209_blog\" src=\"http:\/\/www.vogel-art.de\/blog\/wp-content\/gallery\/brasilien-entre-rios\/thumbs\/thumbs_141115_Brasilienp209_blog.jpg\" width='120' height='90' \/>\n\t\t\t\t\t\t\t<\/a>\n\t\t<\/div>\n\t<\/div>\n\n\t\t\t\t\t\t\t\t\t\n\t\t\n\t<div id=\"ngg-image-26\" class=\"ngg-gallery-thumbnail-box\"  >\n\t\t<div class=\"ngg-gallery-thumbnail\" >\n\t\t\t<a href=\"http:\/\/www.vogel-art.de\/blog\/wp-content\/gallery\/brasilien-entre-rios\/141115_Brasilienp215_blog.jpg\"\n\t\t\t\ttitle=\" \"\n\t\t\t\tclass=\"ngg-fancybox\" rel=\"cde5631b0c8630031865fef490bcb8c1\" data-image-id=\"26\" data-src=\"http:\/\/www.vogel-art.de\/blog\/wp-content\/gallery\/brasilien-entre-rios\/141115_Brasilienp215_blog.jpg\" data-thumbnail=\"http:\/\/www.vogel-art.de\/blog\/wp-content\/gallery\/brasilien-entre-rios\/thumbs\/thumbs_141115_Brasilienp215_blog.jpg\" data-title=\"141115_Brasilienp215_blog\" data-description=\" \" >\n\t\t\t\t\t\t\t\t<img title=\"141115_Brasilienp215_blog\" alt=\"141115_Brasilienp215_blog\" src=\"http:\/\/www.vogel-art.de\/blog\/wp-content\/gallery\/brasilien-entre-rios\/thumbs\/thumbs_141115_Brasilienp215_blog.jpg\" width='120' height='90' \/>\n\t\t\t\t\t\t\t<\/a>\n\t\t<\/div>\n\t<\/div>\n\n\t\t\t\t\t\t\t\t\t\n\t\t\n\t<div id=\"ngg-image-27\" class=\"ngg-gallery-thumbnail-box\"  >\n\t\t<div class=\"ngg-gallery-thumbnail\" >\n\t\t\t<a href=\"http:\/\/www.vogel-art.de\/blog\/wp-content\/gallery\/brasilien-entre-rios\/141115_Brasilienp228_blog.jpg\"\n\t\t\t\ttitle=\" \"\n\t\t\t\tclass=\"ngg-fancybox\" rel=\"cde5631b0c8630031865fef490bcb8c1\" data-image-id=\"27\" data-src=\"http:\/\/www.vogel-art.de\/blog\/wp-content\/gallery\/brasilien-entre-rios\/141115_Brasilienp228_blog.jpg\" data-thumbnail=\"http:\/\/www.vogel-art.de\/blog\/wp-content\/gallery\/brasilien-entre-rios\/thumbs\/thumbs_141115_Brasilienp228_blog.jpg\" data-title=\"141115_Brasilienp228_blog\" data-description=\" \" >\n\t\t\t\t\t\t\t\t<img title=\"141115_Brasilienp228_blog\" alt=\"141115_Brasilienp228_blog\" src=\"http:\/\/www.vogel-art.de\/blog\/wp-content\/gallery\/brasilien-entre-rios\/thumbs\/thumbs_141115_Brasilienp228_blog.jpg\" width='120' height='90' \/>\n\t\t\t\t\t\t\t<\/a>\n\t\t<\/div>\n\t<\/div>\n\n\t\t\t\t\t\t\t\t\t\n\t\t\n\t<div id=\"ngg-image-21\" class=\"ngg-gallery-thumbnail-box\"  >\n\t\t<div class=\"ngg-gallery-thumbnail\" >\n\t\t\t<a href=\"http:\/\/www.vogel-art.de\/blog\/wp-content\/gallery\/brasilien-entre-rios\/141115_Brasilienp007_blog.jpg\"\n\t\t\t\ttitle=\" \"\n\t\t\t\tclass=\"ngg-fancybox\" rel=\"cde5631b0c8630031865fef490bcb8c1\" data-image-id=\"21\" data-src=\"http:\/\/www.vogel-art.de\/blog\/wp-content\/gallery\/brasilien-entre-rios\/141115_Brasilienp007_blog.jpg\" data-thumbnail=\"http:\/\/www.vogel-art.de\/blog\/wp-content\/gallery\/brasilien-entre-rios\/thumbs\/thumbs_141115_Brasilienp007_blog.jpg\" data-title=\"141115_Brasilienp007_blog\" data-description=\" \" >\n\t\t\t\t\t\t\t\t<img title=\"141115_Brasilienp007_blog\" alt=\"141115_Brasilienp007_blog\" src=\"http:\/\/www.vogel-art.de\/blog\/wp-content\/gallery\/brasilien-entre-rios\/thumbs\/thumbs_141115_Brasilienp007_blog.jpg\" width='120' height='90' \/>\n\t\t\t\t\t\t\t<\/a>\n\t\t<\/div>\n\t<\/div>\n\n\t\t\t\t\t\t\t\t\t\n\t\t\n\t<div id=\"ngg-image-22\" class=\"ngg-gallery-thumbnail-box\"  >\n\t\t<div class=\"ngg-gallery-thumbnail\" >\n\t\t\t<a href=\"http:\/\/www.vogel-art.de\/blog\/wp-content\/gallery\/brasilien-entre-rios\/141115_Brasilienp008_blog.jpg\"\n\t\t\t\ttitle=\"Wolken.\"\n\t\t\t\tclass=\"ngg-fancybox\" rel=\"cde5631b0c8630031865fef490bcb8c1\" data-image-id=\"22\" data-src=\"http:\/\/www.vogel-art.de\/blog\/wp-content\/gallery\/brasilien-entre-rios\/141115_Brasilienp008_blog.jpg\" data-thumbnail=\"http:\/\/www.vogel-art.de\/blog\/wp-content\/gallery\/brasilien-entre-rios\/thumbs\/thumbs_141115_Brasilienp008_blog.jpg\" data-title=\"Wolken.\" data-description=\"Wolken.\" >\n\t\t\t\t\t\t\t\t<img title=\"Wolken.\" alt=\"Wolken.\" src=\"http:\/\/www.vogel-art.de\/blog\/wp-content\/gallery\/brasilien-entre-rios\/thumbs\/thumbs_141115_Brasilienp008_blog.jpg\" width='120' height='90' \/>\n\t\t\t\t\t\t\t<\/a>\n\t\t<\/div>\n\t<\/div>\n\n\t\t\t\t\t\t\t\t\t\n\t\t\n\t<div id=\"ngg-image-28\" class=\"ngg-gallery-thumbnail-box\"  >\n\t\t<div class=\"ngg-gallery-thumbnail\" >\n\t\t\t<a href=\"http:\/\/www.vogel-art.de\/blog\/wp-content\/gallery\/brasilien-entre-rios\/141116_Brasilien_245_blog.jpg\"\n\t\t\t\ttitle=\"\u00dcbernachtungsplatz auf gerodetem Land.\"\n\t\t\t\tclass=\"ngg-fancybox\" rel=\"cde5631b0c8630031865fef490bcb8c1\" data-image-id=\"28\" data-src=\"http:\/\/www.vogel-art.de\/blog\/wp-content\/gallery\/brasilien-entre-rios\/141116_Brasilien_245_blog.jpg\" data-thumbnail=\"http:\/\/www.vogel-art.de\/blog\/wp-content\/gallery\/brasilien-entre-rios\/thumbs\/thumbs_141116_Brasilien_245_blog.jpg\" data-title=\"\u00dcbernachtungsplatz auf gerodetem Land.\" data-description=\"\u00dcbernachtungsplatz auf gerodetem Land.\" >\n\t\t\t\t\t\t\t\t<img title=\"\u00dcbernachtungsplatz auf gerodetem Land.\" alt=\"\u00dcbernachtungsplatz auf gerodetem Land.\" src=\"http:\/\/www.vogel-art.de\/blog\/wp-content\/gallery\/brasilien-entre-rios\/thumbs\/thumbs_141116_Brasilien_245_blog.jpg\" width='120' height='90' \/>\n\t\t\t\t\t\t\t<\/a>\n\t\t<\/div>\n\t<\/div>\n\n\t\t\t\t\t\t\t\t\t\n\t\t\n\t<div id=\"ngg-image-33\" class=\"ngg-gallery-thumbnail-box\"  >\n\t\t<div class=\"ngg-gallery-thumbnail\" >\n\t\t\t<a href=\"http:\/\/www.vogel-art.de\/blog\/wp-content\/gallery\/brasilien-entre-rios\/141116_Brasilienp022_blog.jpg\"\n\t\t\t\ttitle=\" \"\n\t\t\t\tclass=\"ngg-fancybox\" rel=\"cde5631b0c8630031865fef490bcb8c1\" data-image-id=\"33\" data-src=\"http:\/\/www.vogel-art.de\/blog\/wp-content\/gallery\/brasilien-entre-rios\/141116_Brasilienp022_blog.jpg\" data-thumbnail=\"http:\/\/www.vogel-art.de\/blog\/wp-content\/gallery\/brasilien-entre-rios\/thumbs\/thumbs_141116_Brasilienp022_blog.jpg\" data-title=\"141116_Brasilienp022_blog\" data-description=\" \" >\n\t\t\t\t\t\t\t\t<img title=\"141116_Brasilienp022_blog\" alt=\"141116_Brasilienp022_blog\" src=\"http:\/\/www.vogel-art.de\/blog\/wp-content\/gallery\/brasilien-entre-rios\/thumbs\/thumbs_141116_Brasilienp022_blog.jpg\" width='120' height='90' \/>\n\t\t\t\t\t\t\t<\/a>\n\t\t<\/div>\n\t<\/div>\n\n\t\t\t\t\t\t\t\t\t\n\t\t\n\t<div id=\"ngg-image-34\" class=\"ngg-gallery-thumbnail-box\"  >\n\t\t<div class=\"ngg-gallery-thumbnail\" >\n\t\t\t<a href=\"http:\/\/www.vogel-art.de\/blog\/wp-content\/gallery\/brasilien-entre-rios\/141116_Brasilienp028_blog.jpg\"\n\t\t\t\ttitle=\"Die genaue Wegbeschreibung zu den Donauschwaben.\"\n\t\t\t\tclass=\"ngg-fancybox\" rel=\"cde5631b0c8630031865fef490bcb8c1\" data-image-id=\"34\" data-src=\"http:\/\/www.vogel-art.de\/blog\/wp-content\/gallery\/brasilien-entre-rios\/141116_Brasilienp028_blog.jpg\" data-thumbnail=\"http:\/\/www.vogel-art.de\/blog\/wp-content\/gallery\/brasilien-entre-rios\/thumbs\/thumbs_141116_Brasilienp028_blog.jpg\" data-title=\"Die genaue Wegbeschreibung zu den Donauschwaben.\" data-description=\"Die genaue Wegbeschreibung zu den Donauschwaben.\" >\n\t\t\t\t\t\t\t\t<img title=\"Die genaue Wegbeschreibung zu den Donauschwaben.\" alt=\"Die genaue Wegbeschreibung zu den Donauschwaben.\" src=\"http:\/\/www.vogel-art.de\/blog\/wp-content\/gallery\/brasilien-entre-rios\/thumbs\/thumbs_141116_Brasilienp028_blog.jpg\" width='120' height='90' \/>\n\t\t\t\t\t\t\t<\/a>\n\t\t<\/div>\n\t<\/div>\n\n\t\t\t\t\t\t\t\t\t\n\t\t\n\t<div id=\"ngg-image-29\" class=\"ngg-gallery-thumbnail-box\"  >\n\t\t<div class=\"ngg-gallery-thumbnail\" >\n\t\t\t<a href=\"http:\/\/www.vogel-art.de\/blog\/wp-content\/gallery\/brasilien-entre-rios\/141116_Brasilien_255_blog.jpg\"\n\t\t\t\ttitle=\"Entre Rios: Die Donauschwaben.\"\n\t\t\t\tclass=\"ngg-fancybox\" rel=\"cde5631b0c8630031865fef490bcb8c1\" data-image-id=\"29\" data-src=\"http:\/\/www.vogel-art.de\/blog\/wp-content\/gallery\/brasilien-entre-rios\/141116_Brasilien_255_blog.jpg\" data-thumbnail=\"http:\/\/www.vogel-art.de\/blog\/wp-content\/gallery\/brasilien-entre-rios\/thumbs\/thumbs_141116_Brasilien_255_blog.jpg\" data-title=\"Entre Rios: Die Donauschwaben.\" data-description=\"Entre Rios: Die Donauschwaben.\" >\n\t\t\t\t\t\t\t\t<img title=\"Entre Rios: Die Donauschwaben.\" alt=\"Entre Rios: Die Donauschwaben.\" src=\"http:\/\/www.vogel-art.de\/blog\/wp-content\/gallery\/brasilien-entre-rios\/thumbs\/thumbs_141116_Brasilien_255_blog.jpg\" width='120' height='90' \/>\n\t\t\t\t\t\t\t<\/a>\n\t\t<\/div>\n\t<\/div>\n\n\t\t\t\t\t\t\t\t\t\n\t\t\n\t<div id=\"ngg-image-30\" class=\"ngg-gallery-thumbnail-box\"  >\n\t\t<div class=\"ngg-gallery-thumbnail\" >\n\t\t\t<a href=\"http:\/\/www.vogel-art.de\/blog\/wp-content\/gallery\/brasilien-entre-rios\/141116_Brasilien_258_blog.jpg\"\n\t\t\t\ttitle=\"Noch immer in Brasilien?!\"\n\t\t\t\tclass=\"ngg-fancybox\" rel=\"cde5631b0c8630031865fef490bcb8c1\" data-image-id=\"30\" data-src=\"http:\/\/www.vogel-art.de\/blog\/wp-content\/gallery\/brasilien-entre-rios\/141116_Brasilien_258_blog.jpg\" data-thumbnail=\"http:\/\/www.vogel-art.de\/blog\/wp-content\/gallery\/brasilien-entre-rios\/thumbs\/thumbs_141116_Brasilien_258_blog.jpg\" data-title=\"Noch immer in Brasilien?!\" data-description=\"Noch immer in Brasilien?!\" >\n\t\t\t\t\t\t\t\t<img title=\"Noch immer in Brasilien?!\" alt=\"Noch immer in Brasilien?!\" src=\"http:\/\/www.vogel-art.de\/blog\/wp-content\/gallery\/brasilien-entre-rios\/thumbs\/thumbs_141116_Brasilien_258_blog.jpg\" width='120' height='90' \/>\n\t\t\t\t\t\t\t<\/a>\n\t\t<\/div>\n\t<\/div>\n\n\t\t\t\t\t\t\t\t\t\n\t\t\n\t<div id=\"ngg-image-31\" class=\"ngg-gallery-thumbnail-box\"  >\n\t\t<div class=\"ngg-gallery-thumbnail\" >\n\t\t\t<a href=\"http:\/\/www.vogel-art.de\/blog\/wp-content\/gallery\/brasilien-entre-rios\/141116_Brasilien_261_blog.jpg\"\n\t\t\t\ttitle=\"Gartenbesichtigung bei August.\"\n\t\t\t\tclass=\"ngg-fancybox\" rel=\"cde5631b0c8630031865fef490bcb8c1\" data-image-id=\"31\" data-src=\"http:\/\/www.vogel-art.de\/blog\/wp-content\/gallery\/brasilien-entre-rios\/141116_Brasilien_261_blog.jpg\" data-thumbnail=\"http:\/\/www.vogel-art.de\/blog\/wp-content\/gallery\/brasilien-entre-rios\/thumbs\/thumbs_141116_Brasilien_261_blog.jpg\" data-title=\"Gartenbesichtigung bei August.\" data-description=\"Gartenbesichtigung bei August.\" >\n\t\t\t\t\t\t\t\t<img title=\"Gartenbesichtigung bei August.\" alt=\"Gartenbesichtigung bei August.\" src=\"http:\/\/www.vogel-art.de\/blog\/wp-content\/gallery\/brasilien-entre-rios\/thumbs\/thumbs_141116_Brasilien_261_blog.jpg\" width='120' height='90' \/>\n\t\t\t\t\t\t\t<\/a>\n\t\t<\/div>\n\t<\/div>\n\n\t\t\t\t\t\t\t\t\t\n\t\t\n\t<div id=\"ngg-image-32\" class=\"ngg-gallery-thumbnail-box\"  >\n\t\t<div class=\"ngg-gallery-thumbnail\" >\n\t\t\t<a href=\"http:\/\/www.vogel-art.de\/blog\/wp-content\/gallery\/brasilien-entre-rios\/141116_Brasilien_263_blog.jpg\"\n\t\t\t\ttitle=\" \"\n\t\t\t\tclass=\"ngg-fancybox\" rel=\"cde5631b0c8630031865fef490bcb8c1\" data-image-id=\"32\" data-src=\"http:\/\/www.vogel-art.de\/blog\/wp-content\/gallery\/brasilien-entre-rios\/141116_Brasilien_263_blog.jpg\" data-thumbnail=\"http:\/\/www.vogel-art.de\/blog\/wp-content\/gallery\/brasilien-entre-rios\/thumbs\/thumbs_141116_Brasilien_263_blog.jpg\" data-title=\"141116_Brasilien_263_blog\" data-description=\" \" >\n\t\t\t\t\t\t\t\t<img title=\"141116_Brasilien_263_blog\" alt=\"141116_Brasilien_263_blog\" src=\"http:\/\/www.vogel-art.de\/blog\/wp-content\/gallery\/brasilien-entre-rios\/thumbs\/thumbs_141116_Brasilien_263_blog.jpg\" width='120' height='90' \/>\n\t\t\t\t\t\t\t<\/a>\n\t\t<\/div>\n\t<\/div>\n\n\t\t\t\t\t\t\t\t\t\n\t\t\n\t<div id=\"ngg-image-35\" class=\"ngg-gallery-thumbnail-box\"  >\n\t\t<div class=\"ngg-gallery-thumbnail\" >\n\t\t\t<a href=\"http:\/\/www.vogel-art.de\/blog\/wp-content\/gallery\/brasilien-entre-rios\/141116_Brasilienp071_blog.jpg\"\n\t\t\t\ttitle=\"Stickerei.\"\n\t\t\t\tclass=\"ngg-fancybox\" rel=\"cde5631b0c8630031865fef490bcb8c1\" data-image-id=\"35\" data-src=\"http:\/\/www.vogel-art.de\/blog\/wp-content\/gallery\/brasilien-entre-rios\/141116_Brasilienp071_blog.jpg\" data-thumbnail=\"http:\/\/www.vogel-art.de\/blog\/wp-content\/gallery\/brasilien-entre-rios\/thumbs\/thumbs_141116_Brasilienp071_blog.jpg\" data-title=\"Stickerei.\" data-description=\"Stickerei.\" >\n\t\t\t\t\t\t\t\t<img title=\"Stickerei.\" alt=\"Stickerei.\" src=\"http:\/\/www.vogel-art.de\/blog\/wp-content\/gallery\/brasilien-entre-rios\/thumbs\/thumbs_141116_Brasilienp071_blog.jpg\" width='120' height='90' \/>\n\t\t\t\t\t\t\t<\/a>\n\t\t<\/div>\n\t<\/div>\n\n\t\t\t\t\t\t\t\t\t\n\t\t\n\t<div id=\"ngg-image-36\" class=\"ngg-gallery-thumbnail-box\"  >\n\t\t<div class=\"ngg-gallery-thumbnail\" >\n\t\t\t<a href=\"http:\/\/www.vogel-art.de\/blog\/wp-content\/gallery\/brasilien-entre-rios\/141116_Brasilienp074_blog.jpg\"\n\t\t\t\ttitle=\" \"\n\t\t\t\tclass=\"ngg-fancybox\" rel=\"cde5631b0c8630031865fef490bcb8c1\" data-image-id=\"36\" data-src=\"http:\/\/www.vogel-art.de\/blog\/wp-content\/gallery\/brasilien-entre-rios\/141116_Brasilienp074_blog.jpg\" data-thumbnail=\"http:\/\/www.vogel-art.de\/blog\/wp-content\/gallery\/brasilien-entre-rios\/thumbs\/thumbs_141116_Brasilienp074_blog.jpg\" data-title=\"141116_Brasilienp074_blog\" data-description=\" \" >\n\t\t\t\t\t\t\t\t<img title=\"141116_Brasilienp074_blog\" alt=\"141116_Brasilienp074_blog\" src=\"http:\/\/www.vogel-art.de\/blog\/wp-content\/gallery\/brasilien-entre-rios\/thumbs\/thumbs_141116_Brasilienp074_blog.jpg\" width='120' height='90' \/>\n\t\t\t\t\t\t\t<\/a>\n\t\t<\/div>\n\t<\/div>\n\n\t\t\t\t\t\t\t\t\t\n\t\t\n\t<div id=\"ngg-image-37\" class=\"ngg-gallery-thumbnail-box\"  >\n\t\t<div class=\"ngg-gallery-thumbnail\" >\n\t\t\t<a href=\"http:\/\/www.vogel-art.de\/blog\/wp-content\/gallery\/brasilien-entre-rios\/141116_Brasilienp094_blog.jpg\"\n\t\t\t\ttitle=\" \"\n\t\t\t\tclass=\"ngg-fancybox\" rel=\"cde5631b0c8630031865fef490bcb8c1\" data-image-id=\"37\" data-src=\"http:\/\/www.vogel-art.de\/blog\/wp-content\/gallery\/brasilien-entre-rios\/141116_Brasilienp094_blog.jpg\" data-thumbnail=\"http:\/\/www.vogel-art.de\/blog\/wp-content\/gallery\/brasilien-entre-rios\/thumbs\/thumbs_141116_Brasilienp094_blog.jpg\" data-title=\"141116_Brasilienp094_blog\" data-description=\" \" >\n\t\t\t\t\t\t\t\t<img title=\"141116_Brasilienp094_blog\" alt=\"141116_Brasilienp094_blog\" src=\"http:\/\/www.vogel-art.de\/blog\/wp-content\/gallery\/brasilien-entre-rios\/thumbs\/thumbs_141116_Brasilienp094_blog.jpg\" width='120' height='90' \/>\n\t\t\t\t\t\t\t<\/a>\n\t\t<\/div>\n\t<\/div>\n\n\t\t\t\t\t\t\t\t\t\n\t\t\n\t<div id=\"ngg-image-38\" class=\"ngg-gallery-thumbnail-box\"  >\n\t\t<div class=\"ngg-gallery-thumbnail\" >\n\t\t\t<a href=\"http:\/\/www.vogel-art.de\/blog\/wp-content\/gallery\/brasilien-entre-rios\/141116_Brasilienp096_blog.jpg\"\n\t\t\t\ttitle=\"Grillmeister Julio\"\n\t\t\t\tclass=\"ngg-fancybox\" rel=\"cde5631b0c8630031865fef490bcb8c1\" data-image-id=\"38\" data-src=\"http:\/\/www.vogel-art.de\/blog\/wp-content\/gallery\/brasilien-entre-rios\/141116_Brasilienp096_blog.jpg\" data-thumbnail=\"http:\/\/www.vogel-art.de\/blog\/wp-content\/gallery\/brasilien-entre-rios\/thumbs\/thumbs_141116_Brasilienp096_blog.jpg\" data-title=\"Grillmeister Julio\" data-description=\"Grillmeister Julio\" >\n\t\t\t\t\t\t\t\t<img title=\"Grillmeister Julio\" alt=\"Grillmeister Julio\" src=\"http:\/\/www.vogel-art.de\/blog\/wp-content\/gallery\/brasilien-entre-rios\/thumbs\/thumbs_141116_Brasilienp096_blog.jpg\" width='120' height='90' \/>\n\t\t\t\t\t\t\t<\/a>\n\t\t<\/div>\n\t<\/div>\n\n\t\t\t\t\t\t\t\t\t\n\t\t\n\t<div id=\"ngg-image-39\" class=\"ngg-gallery-thumbnail-box\"  >\n\t\t<div class=\"ngg-gallery-thumbnail\" >\n\t\t\t<a href=\"http:\/\/www.vogel-art.de\/blog\/wp-content\/gallery\/brasilien-entre-rios\/141116_Brasilienp106_blog.jpg\"\n\t\t\t\ttitle=\"August mit Julios Tochter\"\n\t\t\t\tclass=\"ngg-fancybox\" rel=\"cde5631b0c8630031865fef490bcb8c1\" data-image-id=\"39\" data-src=\"http:\/\/www.vogel-art.de\/blog\/wp-content\/gallery\/brasilien-entre-rios\/141116_Brasilienp106_blog.jpg\" data-thumbnail=\"http:\/\/www.vogel-art.de\/blog\/wp-content\/gallery\/brasilien-entre-rios\/thumbs\/thumbs_141116_Brasilienp106_blog.jpg\" data-title=\"August mit Julios Tochter\" data-description=\"August mit Julios Tochter\" >\n\t\t\t\t\t\t\t\t<img title=\"August mit Julios Tochter\" alt=\"August mit Julios Tochter\" src=\"http:\/\/www.vogel-art.de\/blog\/wp-content\/gallery\/brasilien-entre-rios\/thumbs\/thumbs_141116_Brasilienp106_blog.jpg\" width='120' height='90' \/>\n\t\t\t\t\t\t\t<\/a>\n\t\t<\/div>\n\t<\/div>\n\n\t\t\t\t\t\t\t\t\t\n\t\t\n\t<div id=\"ngg-image-40\" class=\"ngg-gallery-thumbnail-box\"  >\n\t\t<div class=\"ngg-gallery-thumbnail\" >\n\t\t\t<a href=\"http:\/\/www.vogel-art.de\/blog\/wp-content\/gallery\/brasilien-entre-rios\/141116_Brasilienp107_blog.jpg\"\n\t\t\t\ttitle=\"Ein donauschw\u00e4bischbrasilianischer K\u00fchlschrank.\"\n\t\t\t\tclass=\"ngg-fancybox\" rel=\"cde5631b0c8630031865fef490bcb8c1\" data-image-id=\"40\" data-src=\"http:\/\/www.vogel-art.de\/blog\/wp-content\/gallery\/brasilien-entre-rios\/141116_Brasilienp107_blog.jpg\" data-thumbnail=\"http:\/\/www.vogel-art.de\/blog\/wp-content\/gallery\/brasilien-entre-rios\/thumbs\/thumbs_141116_Brasilienp107_blog.jpg\" data-title=\"Ein donauschw\u00e4bischbrasilianischer K\u00fchlschrank.\" data-description=\"Ein donauschw\u00e4bischbrasilianischer K\u00fchlschrank.\" >\n\t\t\t\t\t\t\t\t<img title=\"Ein donauschw\u00e4bischbrasilianischer K\u00fchlschrank.\" alt=\"Ein donauschw\u00e4bischbrasilianischer K\u00fchlschrank.\" src=\"http:\/\/www.vogel-art.de\/blog\/wp-content\/gallery\/brasilien-entre-rios\/thumbs\/thumbs_141116_Brasilienp107_blog.jpg\" width='120' height='90' \/>\n\t\t\t\t\t\t\t<\/a>\n\t\t<\/div>\n\t<\/div>\n\n\t\t\t\t\t\t\t\t\t\n\t\t\n\t<div id=\"ngg-image-41\" class=\"ngg-gallery-thumbnail-box\"  >\n\t\t<div class=\"ngg-gallery-thumbnail\" >\n\t\t\t<a href=\"http:\/\/www.vogel-art.de\/blog\/wp-content\/gallery\/brasilien-entre-rios\/141116_Brasilienp110_blog.jpg\"\n\t\t\t\ttitle=\" \"\n\t\t\t\tclass=\"ngg-fancybox\" rel=\"cde5631b0c8630031865fef490bcb8c1\" data-image-id=\"41\" data-src=\"http:\/\/www.vogel-art.de\/blog\/wp-content\/gallery\/brasilien-entre-rios\/141116_Brasilienp110_blog.jpg\" data-thumbnail=\"http:\/\/www.vogel-art.de\/blog\/wp-content\/gallery\/brasilien-entre-rios\/thumbs\/thumbs_141116_Brasilienp110_blog.jpg\" data-title=\"141116_Brasilienp110_blog\" data-description=\" \" >\n\t\t\t\t\t\t\t\t<img title=\"141116_Brasilienp110_blog\" alt=\"141116_Brasilienp110_blog\" src=\"http:\/\/www.vogel-art.de\/blog\/wp-content\/gallery\/brasilien-entre-rios\/thumbs\/thumbs_141116_Brasilienp110_blog.jpg\" width='120' height='90' \/>\n\t\t\t\t\t\t\t<\/a>\n\t\t<\/div>\n\t<\/div>\n\n\t\t\t\t\t\t\t\t\t\n\t\t\n\t<div id=\"ngg-image-42\" class=\"ngg-gallery-thumbnail-box\"  >\n\t\t<div class=\"ngg-gallery-thumbnail\" >\n\t\t\t<a href=\"http:\/\/www.vogel-art.de\/blog\/wp-content\/gallery\/brasilien-entre-rios\/141116_Brasilienp115-a_blog.jpg\"\n\t\t\t\ttitle=\"Hausbesichtigung\"\n\t\t\t\tclass=\"ngg-fancybox\" rel=\"cde5631b0c8630031865fef490bcb8c1\" data-image-id=\"42\" data-src=\"http:\/\/www.vogel-art.de\/blog\/wp-content\/gallery\/brasilien-entre-rios\/141116_Brasilienp115-a_blog.jpg\" data-thumbnail=\"http:\/\/www.vogel-art.de\/blog\/wp-content\/gallery\/brasilien-entre-rios\/thumbs\/thumbs_141116_Brasilienp115-a_blog.jpg\" data-title=\"Hausbesichtigung\" data-description=\"Hausbesichtigung\" >\n\t\t\t\t\t\t\t\t<img title=\"Hausbesichtigung\" alt=\"Hausbesichtigung\" src=\"http:\/\/www.vogel-art.de\/blog\/wp-content\/gallery\/brasilien-entre-rios\/thumbs\/thumbs_141116_Brasilienp115-a_blog.jpg\" width='120' height='90' \/>\n\t\t\t\t\t\t\t<\/a>\n\t\t<\/div>\n\t<\/div>\n\n\t\t\t\t\t\t\t\t\t\n\t\t\n\t<div id=\"ngg-image-43\" class=\"ngg-gallery-thumbnail-box\"  >\n\t\t<div class=\"ngg-gallery-thumbnail\" >\n\t\t\t<a href=\"http:\/\/www.vogel-art.de\/blog\/wp-content\/gallery\/brasilien-entre-rios\/141116_Brasilienp115-b_blog.jpg\"\n\t\t\t\ttitle=\"rekordverd\u00e4chtig!\"\n\t\t\t\tclass=\"ngg-fancybox\" rel=\"cde5631b0c8630031865fef490bcb8c1\" data-image-id=\"43\" data-src=\"http:\/\/www.vogel-art.de\/blog\/wp-content\/gallery\/brasilien-entre-rios\/141116_Brasilienp115-b_blog.jpg\" data-thumbnail=\"http:\/\/www.vogel-art.de\/blog\/wp-content\/gallery\/brasilien-entre-rios\/thumbs\/thumbs_141116_Brasilienp115-b_blog.jpg\" data-title=\"rekordverd\u00e4chtig!\" data-description=\"rekordverd\u00e4chtig!\" >\n\t\t\t\t\t\t\t\t<img title=\"rekordverd\u00e4chtig!\" alt=\"rekordverd\u00e4chtig!\" src=\"http:\/\/www.vogel-art.de\/blog\/wp-content\/gallery\/brasilien-entre-rios\/thumbs\/thumbs_141116_Brasilienp115-b_blog.jpg\" width='120' height='90' \/>\n\t\t\t\t\t\t\t<\/a>\n\t\t<\/div>\n\t<\/div>\n\n\t\t\t\t\t\t\t\t\t\n\t\t\n\t<div id=\"ngg-image-44\" class=\"ngg-gallery-thumbnail-box\"  >\n\t\t<div class=\"ngg-gallery-thumbnail\" >\n\t\t\t<a href=\"http:\/\/www.vogel-art.de\/blog\/wp-content\/gallery\/brasilien-entre-rios\/141116_Brasilienp117_blog.jpg\"\n\t\t\t\ttitle=\"Der Abschied fiel schwer.\"\n\t\t\t\tclass=\"ngg-fancybox\" rel=\"cde5631b0c8630031865fef490bcb8c1\" data-image-id=\"44\" data-src=\"http:\/\/www.vogel-art.de\/blog\/wp-content\/gallery\/brasilien-entre-rios\/141116_Brasilienp117_blog.jpg\" data-thumbnail=\"http:\/\/www.vogel-art.de\/blog\/wp-content\/gallery\/brasilien-entre-rios\/thumbs\/thumbs_141116_Brasilienp117_blog.jpg\" data-title=\"Der Abschied fiel schwer.\" data-description=\"Der Abschied fiel schwer.\" >\n\t\t\t\t\t\t\t\t<img title=\"Der Abschied fiel schwer.\" alt=\"Der Abschied fiel schwer.\" src=\"http:\/\/www.vogel-art.de\/blog\/wp-content\/gallery\/brasilien-entre-rios\/thumbs\/thumbs_141116_Brasilienp117_blog.jpg\" width='120' height='90' \/>\n\t\t\t\t\t\t\t<\/a>\n\t\t<\/div>\n\t<\/div>\n\n\t\t\t\t\t\t\t\t\t\n\t\t\n\t<div id=\"ngg-image-45\" class=\"ngg-gallery-thumbnail-box\"  >\n\t\t<div class=\"ngg-gallery-thumbnail\" >\n\t\t\t<a href=\"http:\/\/www.vogel-art.de\/blog\/wp-content\/gallery\/brasilien-entre-rios\/141117_Brasilienp120_blog.jpg\"\n\t\t\t\ttitle=\"Geschichtsl\u00fccken schlie\u00dfendes Heimatmuseum\"\n\t\t\t\tclass=\"ngg-fancybox\" rel=\"cde5631b0c8630031865fef490bcb8c1\" data-image-id=\"45\" data-src=\"http:\/\/www.vogel-art.de\/blog\/wp-content\/gallery\/brasilien-entre-rios\/141117_Brasilienp120_blog.jpg\" data-thumbnail=\"http:\/\/www.vogel-art.de\/blog\/wp-content\/gallery\/brasilien-entre-rios\/thumbs\/thumbs_141117_Brasilienp120_blog.jpg\" data-title=\"Geschichtsl\u00fccken schlie\u00dfendes Heimatmuseum\" data-description=\"Geschichtsl\u00fccken schlie\u00dfendes Heimatmuseum\" >\n\t\t\t\t\t\t\t\t<img title=\"Geschichtsl\u00fccken schlie\u00dfendes Heimatmuseum\" alt=\"Geschichtsl\u00fccken schlie\u00dfendes Heimatmuseum\" src=\"http:\/\/www.vogel-art.de\/blog\/wp-content\/gallery\/brasilien-entre-rios\/thumbs\/thumbs_141117_Brasilienp120_blog.jpg\" width='120' height='90' \/>\n\t\t\t\t\t\t\t<\/a>\n\t\t<\/div>\n\t<\/div>\n\n\t\t\t\t\t\t\t\t\t\n\t\t\n\t<div id=\"ngg-image-46\" class=\"ngg-gallery-thumbnail-box\"  >\n\t\t<div class=\"ngg-gallery-thumbnail\" >\n\t\t\t<a href=\"http:\/\/www.vogel-art.de\/blog\/wp-content\/gallery\/brasilien-entre-rios\/141117_Brasilienp129_blog.jpg\"\n\t\t\t\ttitle=\"Die ersten Donauschwaben.\"\n\t\t\t\tclass=\"ngg-fancybox\" rel=\"cde5631b0c8630031865fef490bcb8c1\" data-image-id=\"46\" data-src=\"http:\/\/www.vogel-art.de\/blog\/wp-content\/gallery\/brasilien-entre-rios\/141117_Brasilienp129_blog.jpg\" data-thumbnail=\"http:\/\/www.vogel-art.de\/blog\/wp-content\/gallery\/brasilien-entre-rios\/thumbs\/thumbs_141117_Brasilienp129_blog.jpg\" data-title=\"Die ersten Donauschwaben.\" data-description=\"Die ersten Donauschwaben.\" >\n\t\t\t\t\t\t\t\t<img title=\"Die ersten Donauschwaben.\" alt=\"Die ersten Donauschwaben.\" src=\"http:\/\/www.vogel-art.de\/blog\/wp-content\/gallery\/brasilien-entre-rios\/thumbs\/thumbs_141117_Brasilienp129_blog.jpg\" width='120' height='90' \/>\n\t\t\t\t\t\t\t<\/a>\n\t\t<\/div>\n\t<\/div>\n\n\t\t\t\t\t\t\t\t\t\n\t\t\n\t<!-- Pagination -->\n\t\t<div class='ngg-clear'><\/div>\t\n<\/div>\n\n\tFlorianopolis ist unsere vorerst letzte Stadt am Meer, wir fahren weiter ins Landesinnere, vorbei an Blumenau, einer von Deutschen gegr\u00fcndeten Stadt, in das beschauliche Pomerode, ebenfalls relativ deutsch und trinken Filterkaffee und essen Apfelstrudel im Caf\u00e9 Tortenparadies, wie witzig! Simon reist gerade mit uns und es f\u00fchlt sich ein wenig an wie ein famili\u00e4res Kaffeekr\u00e4nzchen.<\/p>\n<p>Auf unserer Karte finden wir eine kleine Stra\u00dfe, die sich optimal als Abk\u00fcrzung erweist und zus\u00e4tzlich Spa\u00df zum Fahren bringt, au\u00dferdem erhoffen wir uns hier eine M\u00f6glichkeit irgendwo auf einem sch\u00f6nen Feld zu \u00fcbernachten! Tats\u00e4chlich, nach einigen Kilometern Piste und Erdstra\u00dfe, wo die Jungs erst mal die Luft aus den Reifen lassen, kommt ein toller H\u00fcgel, auf dem wir \u00fcbernachten wollen und der eine tolle Aussicht bietet \u2013 auf dem uns nat\u00fcrlich aber auch jeder sehen kann! Und somit dauerte es nicht lange, bis ein Jeep angefahren kommt und Josef aus dem Auto ruft: \u201c&#8220;Was habt Ihr denn hier verloren? Spricht man hier deutsch oder was?\u201d Das war der Beginn einer ziemlich sch\u00f6nen Begegnung! Wir haben an diesem Abend erst mal gegrillt, am n\u00e4chsten Tag haben wir uns Josefs Autohaus in <strong>Tai\u00f3<\/strong> ansehen d\u00fcrfen und er hat uns auf sein Grundst\u00fcck am See zum Fischen eingeladen \u2013 seine Familie und sein Bruder Loriwald sind abends zum Grillen vorbeigekommen und wir waren v\u00f6llig hingerissen von der Gastfreundschaft und der Herzlichkeit, die noch nicht enden sollte! Josef und Loriwald haben uns erz\u00e4hlt, wie ihr Urgro\u00dfvater nach Brasilien kam und wie sie sich seither die deutsche Sprache erhalten haben, erstaunlich! Die beiden Br\u00fcder wollten viel wissen, wie und was wir in Deutschland so machen und was wir dort anpflanzen, oder ob es eher Industrie gibt &#8211; es war eine wahre Freude, Sprache verbindet! Nach 2,5 Tagen Bewirtung und Beherbergung dr\u00fcckten sie uns noch eine Karte mit genauer Wegbeschreibung in die Hand, wie wir zu Ihren Verwandten kommen, die auf unserem weiteren Weg nach Iguazu wohnen und die auch immer gerne mal wieder deutsch reden \u2013 also machten wir uns auf den Weg zu den <strong>Donauschwaben in Entre Rios<\/strong>.<\/p>\n<p>Mit einem Tag Versp\u00e4tung sind wir dann in Entre Rios angekommen. Einer Kolonie von 5 D\u00f6rfern, die vor ca. 60 Jahren von Donauschwaben gegr\u00fcndet wurde. Als wir ankamen, wurden wir herzlich begr\u00fc\u00dft und zum Kaffee eingeladen von Julio und seiner Familie. Die Verwandten von nebenan kamen und wir durften alles besichtigen, auch den umwerfenden Weihnachtsbaum!\u00a0 Am n\u00e4chsten Tag sind wir noch ins Heimatmuseum um alles genau verstehen zu k\u00f6nnen, wie die Donauschwaben nach Entre Rios gekommen sind und wurden vom Museumsf\u00fchrer mit den Worten verabschiedet: <em>\u201cWenns eich no gfalla hot\u201d.<\/em><\/p>\n<p>Was auf dem H\u00fcgel begann und in Entre Rios seinen Lauf genommen hat, war das, was Reisen ausmacht! Ach, es war sch\u00f6n und interessant. Vielen Dank nochmal von hier aus an Josef, Loriwald, Julio und ihren Familien!<\/p>\n<p>Nach diesen Begegnungen fahren wir weiter, um am n\u00e4chsten Tag Foz do Iguazu zu erreichen, die Stadt, von welcher aus man die gro\u00dfen Wasserf\u00e4lle und das gigantische Wasserkraftwerk Itaipu erreicht.<\/p>\n<p>PS: Die lokale Presse in Tai\u00f3 hat die breite \u00d6ffentlichkeit \u00fcber unser sensationelles Erscheinen in einem leidenschaftlichen Artikel gew\u00fcrdigt:<\/p>\n<p><a href=\"http:\/\/www.educadora.am.br\/noticia\/fotos-turistas-europeus-se-perdem-seguindo-gps-e-vao-parar-em-taio-conheca-essa-curiosa-historia\/\">http:\/\/www.educadora.am.br\/noticia\/fotos-turistas-europeus-se-perdem-seguindo-gps-e-vao-parar-em-taio-conheca-essa-curiosa-historia\/<\/a><\/p>\n","protected":false},"excerpt":{"rendered":"<p>[Zur Dia-Ansicht] Florianopolis ist unsere vorerst letzte Stadt am Meer, wir fahren weiter ins Landesinnere, vorbei an Blumenau, einer von Deutschen gegr\u00fcndeten Stadt, in das beschauliche Pomerode, ebenfalls relativ deutsch und trinken Filterkaffee und essen Apfelstrudel im Caf\u00e9 Tortenparadies, wie witzig! Simon reist gerade mit uns und es f\u00fchlt sich ein wenig an wie ein &hellip; <a href=\"http:\/\/www.vogel-art.de\/blog\/?p=273\" class=\"more-link\"><span class=\"screen-reader-text\">Herzliche Begegnungen in Tai&oacute; und Entre Rios<\/span> weiterlesen <span class=\"meta-nav\">&rarr;<\/span><\/a><\/p>\n","protected":false},"author":2,"featured_media":382,"comment_status":"open","ping_status":"open","sticky":false,"template":"","format":"gallery","meta":{"ngg_post_thumbnail":0,"footnotes":""},"categories":[15,12],"tags":[],"class_list":["post-273","post","type-post","status-publish","format-gallery","has-post-thumbnail","hentry","category-brasilien","category-die-grosse-reise","post_format-post-format-gallery"],"_links":{"self":[{"href":"http:\/\/www.vogel-art.de\/blog\/index.php?rest_route=\/wp\/v2\/posts\/273","targetHints":{"allow":["GET"]}}],"collection":[{"href":"http:\/\/www.vogel-art.de\/blog\/index.php?rest_route=\/wp\/v2\/posts"}],"about":[{"href":"http:\/\/www.vogel-art.de\/blog\/index.php?rest_route=\/wp\/v2\/types\/post"}],"author":[{"embeddable":true,"href":"http:\/\/www.vogel-art.de\/blog\/index.php?rest_route=\/wp\/v2\/users\/2"}],"replies":[{"embeddable":true,"href":"http:\/\/www.vogel-art.de\/blog\/index.php?rest_route=%2Fwp%2Fv2%2Fcomments&post=273"}],"version-history":[{"count":7,"href":"http:\/\/www.vogel-art.de\/blog\/index.php?rest_route=\/wp\/v2\/posts\/273\/revisions"}],"predecessor-version":[{"id":383,"href":"http:\/\/www.vogel-art.de\/blog\/index.php?rest_route=\/wp\/v2\/posts\/273\/revisions\/383"}],"wp:featuredmedia":[{"embeddable":true,"href":"http:\/\/www.vogel-art.de\/blog\/index.php?rest_route=\/wp\/v2\/media\/382"}],"wp:attachment":[{"href":"http:\/\/www.vogel-art.de\/blog\/index.php?rest_route=%2Fwp%2Fv2%2Fmedia&parent=273"}],"wp:term":[{"taxonomy":"category","embeddable":true,"href":"http:\/\/www.vogel-art.de\/blog\/index.php?rest_route=%2Fwp%2Fv2%2Fcategories&post=273"},{"taxonomy":"post_tag","embeddable":true,"href":"http:\/\/www.vogel-art.de\/blog\/index.php?rest_route=%2Fwp%2Fv2%2Ftags&post=273"}],"curies":[{"name":"wp","href":"https:\/\/api.w.org\/{rel}","templated":true}]}}