{"id":2376,"date":"2015-05-21T15:18:13","date_gmt":"2015-05-21T18:18:13","guid":{"rendered":"http:\/\/www.vogel-art.de\/blog\/?p=2376"},"modified":"2015-09-12T11:17:10","modified_gmt":"2015-09-12T14:17:10","slug":"sterne-meer-und-wueste","status":"publish","type":"post","link":"http:\/\/www.vogel-art.de\/blog\/?p=2376","title":{"rendered":"Sterne, Meer und W\u00fcste"},"content":{"rendered":"<p>\n<div class=\"ngg-galleryoverview\" id=\"ngg-gallery-5d7dd5693697e2b9aff7754228bcdbf7-2376\">\n\n\t\t\t<!-- Slideshow link -->\n\t<div class=\"slideshowlink\">\n\t\t<a class=\"slideshowlink\" href=\"http:\/\/www.vogel-art.de\/blog\/index.php\/nggallery\/slideshow?p=2376\">\n\t\t\t[Zeige Bilderliste]\t\t<\/a>\n\t<\/div>\n\n\t<!-- Thumbnails -->\n\t\t\t\t\t\n\t<div id=\"ngg-image-845\" class=\"ngg-gallery-thumbnail-box\"  >\n\t\t<div class=\"ngg-gallery-thumbnail\" >\n\t\t\t<a href=\"http:\/\/www.vogel-art.de\/blog\/wp-content\/gallery\/nordchile_observ_atacama\/150419_LaSerenap003_blog.jpg\"\n\t\t\t\ttitle=\" \"\n\t\t\t\tclass=\"ngg-fancybox\" rel=\"5d7dd5693697e2b9aff7754228bcdbf7\" data-image-id=\"845\" data-src=\"http:\/\/www.vogel-art.de\/blog\/wp-content\/gallery\/nordchile_observ_atacama\/150419_LaSerenap003_blog.jpg\" data-thumbnail=\"http:\/\/www.vogel-art.de\/blog\/wp-content\/gallery\/nordchile_observ_atacama\/thumbs\/thumbs_150419_LaSerenap003_blog.jpg\" data-title=\"150419_LaSerenap003_blog\" data-description=\" \" >\n\t\t\t\t\t\t\t\t<img title=\"150419_LaSerenap003_blog\" alt=\"150419_LaSerenap003_blog\" src=\"http:\/\/www.vogel-art.de\/blog\/wp-content\/gallery\/nordchile_observ_atacama\/thumbs\/thumbs_150419_LaSerenap003_blog.jpg\" width='96' height='72' \/>\n\t\t\t\t\t\t\t<\/a>\n\t\t<\/div>\n\t<\/div>\n\n\t\t\t\t\t\t\t\t\t\n\t\t\n\t<div id=\"ngg-image-846\" class=\"ngg-gallery-thumbnail-box\"  >\n\t\t<div class=\"ngg-gallery-thumbnail\" >\n\t\t\t<a href=\"http:\/\/www.vogel-art.de\/blog\/wp-content\/gallery\/nordchile_observ_atacama\/150419_LaSerena_010_blog.jpg\"\n\t\t\t\ttitle=\" \"\n\t\t\t\tclass=\"ngg-fancybox\" rel=\"5d7dd5693697e2b9aff7754228bcdbf7\" data-image-id=\"846\" data-src=\"http:\/\/www.vogel-art.de\/blog\/wp-content\/gallery\/nordchile_observ_atacama\/150419_LaSerena_010_blog.jpg\" data-thumbnail=\"http:\/\/www.vogel-art.de\/blog\/wp-content\/gallery\/nordchile_observ_atacama\/thumbs\/thumbs_150419_LaSerena_010_blog.jpg\" data-title=\"150419_LaSerena_010_blog\" data-description=\" \" >\n\t\t\t\t\t\t\t\t<img title=\"150419_LaSerena_010_blog\" alt=\"150419_LaSerena_010_blog\" src=\"http:\/\/www.vogel-art.de\/blog\/wp-content\/gallery\/nordchile_observ_atacama\/thumbs\/thumbs_150419_LaSerena_010_blog.jpg\" width='96' height='72' \/>\n\t\t\t\t\t\t\t<\/a>\n\t\t<\/div>\n\t<\/div>\n\n\t\t\t\t\t\t\t\t\t\n\t\t\n\t<div id=\"ngg-image-847\" class=\"ngg-gallery-thumbnail-box\"  >\n\t\t<div class=\"ngg-gallery-thumbnail\" >\n\t\t\t<a href=\"http:\/\/www.vogel-art.de\/blog\/wp-content\/gallery\/nordchile_observ_atacama\/150419_LaSerena_013_blog.jpg\"\n\t\t\t\ttitle=\"Pelikane im Hafen von Tongoy. Wenn Bilder Ger\u00fcche \u00fcbertragen k\u00f6nnten.\"\n\t\t\t\tclass=\"ngg-fancybox\" rel=\"5d7dd5693697e2b9aff7754228bcdbf7\" data-image-id=\"847\" data-src=\"http:\/\/www.vogel-art.de\/blog\/wp-content\/gallery\/nordchile_observ_atacama\/150419_LaSerena_013_blog.jpg\" data-thumbnail=\"http:\/\/www.vogel-art.de\/blog\/wp-content\/gallery\/nordchile_observ_atacama\/thumbs\/thumbs_150419_LaSerena_013_blog.jpg\" data-title=\"Pelikane im Hafen von Tongoy\" data-description=\"Pelikane im Hafen von Tongoy. Wenn Bilder Ger\u00fcche \u00fcbertragen k\u00f6nnten.\" >\n\t\t\t\t\t\t\t\t<img title=\"Pelikane im Hafen von Tongoy\" alt=\"Pelikane im Hafen von Tongoy\" src=\"http:\/\/www.vogel-art.de\/blog\/wp-content\/gallery\/nordchile_observ_atacama\/thumbs\/thumbs_150419_LaSerena_013_blog.jpg\" width='96' height='72' \/>\n\t\t\t\t\t\t\t<\/a>\n\t\t<\/div>\n\t<\/div>\n\n\t\t\t\t\t\t\t\t\t\n\t\t\n\t<div id=\"ngg-image-848\" class=\"ngg-gallery-thumbnail-box\"  >\n\t\t<div class=\"ngg-gallery-thumbnail\" >\n\t\t\t<a href=\"http:\/\/www.vogel-art.de\/blog\/wp-content\/gallery\/nordchile_observ_atacama\/150419_LaSerenap020_blog.jpg\"\n\t\t\t\ttitle=\"Pelikane im Hafen von Tongoy\"\n\t\t\t\tclass=\"ngg-fancybox\" rel=\"5d7dd5693697e2b9aff7754228bcdbf7\" data-image-id=\"848\" data-src=\"http:\/\/www.vogel-art.de\/blog\/wp-content\/gallery\/nordchile_observ_atacama\/150419_LaSerenap020_blog.jpg\" data-thumbnail=\"http:\/\/www.vogel-art.de\/blog\/wp-content\/gallery\/nordchile_observ_atacama\/thumbs\/thumbs_150419_LaSerenap020_blog.jpg\" data-title=\"Pelikane im Hafen von Tongoy\" data-description=\"Pelikane im Hafen von Tongoy\" >\n\t\t\t\t\t\t\t\t<img title=\"Pelikane im Hafen von Tongoy\" alt=\"Pelikane im Hafen von Tongoy\" src=\"http:\/\/www.vogel-art.de\/blog\/wp-content\/gallery\/nordchile_observ_atacama\/thumbs\/thumbs_150419_LaSerenap020_blog.jpg\" width='96' height='72' \/>\n\t\t\t\t\t\t\t<\/a>\n\t\t<\/div>\n\t<\/div>\n\n\t\t\t\t\t\t\t\t\t\n\t\t\n\t<div id=\"ngg-image-849\" class=\"ngg-gallery-thumbnail-box\"  >\n\t\t<div class=\"ngg-gallery-thumbnail\" >\n\t\t\t<a href=\"http:\/\/www.vogel-art.de\/blog\/wp-content\/gallery\/nordchile_observ_atacama\/150419_LaSerenap026_blog.jpg\"\n\t\t\t\ttitle=\"Pelikane im Hafen von Tongoy\"\n\t\t\t\tclass=\"ngg-fancybox\" rel=\"5d7dd5693697e2b9aff7754228bcdbf7\" data-image-id=\"849\" data-src=\"http:\/\/www.vogel-art.de\/blog\/wp-content\/gallery\/nordchile_observ_atacama\/150419_LaSerenap026_blog.jpg\" data-thumbnail=\"http:\/\/www.vogel-art.de\/blog\/wp-content\/gallery\/nordchile_observ_atacama\/thumbs\/thumbs_150419_LaSerenap026_blog.jpg\" data-title=\"Pelikane im Hafen von Tongoy\" data-description=\"Pelikane im Hafen von Tongoy\" >\n\t\t\t\t\t\t\t\t<img title=\"Pelikane im Hafen von Tongoy\" alt=\"Pelikane im Hafen von Tongoy\" src=\"http:\/\/www.vogel-art.de\/blog\/wp-content\/gallery\/nordchile_observ_atacama\/thumbs\/thumbs_150419_LaSerenap026_blog.jpg\" width='96' height='72' \/>\n\t\t\t\t\t\t\t<\/a>\n\t\t<\/div>\n\t<\/div>\n\n\t\t\t\t\t\t\t\t\t\n\t\t\n\t<div id=\"ngg-image-850\" class=\"ngg-gallery-thumbnail-box\"  >\n\t\t<div class=\"ngg-gallery-thumbnail\" >\n\t\t\t<a href=\"http:\/\/www.vogel-art.de\/blog\/wp-content\/gallery\/nordchile_observ_atacama\/150419_LaSerena_016_blog.jpg\"\n\t\t\t\ttitle=\"Pelikane im Hafen von Tongoy\"\n\t\t\t\tclass=\"ngg-fancybox\" rel=\"5d7dd5693697e2b9aff7754228bcdbf7\" data-image-id=\"850\" data-src=\"http:\/\/www.vogel-art.de\/blog\/wp-content\/gallery\/nordchile_observ_atacama\/150419_LaSerena_016_blog.jpg\" data-thumbnail=\"http:\/\/www.vogel-art.de\/blog\/wp-content\/gallery\/nordchile_observ_atacama\/thumbs\/thumbs_150419_LaSerena_016_blog.jpg\" data-title=\"Pelikane im Hafen von Tongoy\" data-description=\"Pelikane im Hafen von Tongoy\" >\n\t\t\t\t\t\t\t\t<img title=\"Pelikane im Hafen von Tongoy\" alt=\"Pelikane im Hafen von Tongoy\" src=\"http:\/\/www.vogel-art.de\/blog\/wp-content\/gallery\/nordchile_observ_atacama\/thumbs\/thumbs_150419_LaSerena_016_blog.jpg\" width='96' height='72' \/>\n\t\t\t\t\t\t\t<\/a>\n\t\t<\/div>\n\t<\/div>\n\n\t\t\t\t\t\t\t\t\t\n\t\t\n\t<div id=\"ngg-image-851\" class=\"ngg-gallery-thumbnail-box\"  >\n\t\t<div class=\"ngg-gallery-thumbnail\" >\n\t\t\t<a href=\"http:\/\/www.vogel-art.de\/blog\/wp-content\/gallery\/nordchile_observ_atacama\/150419_LaSerena_024_blog.jpg\"\n\t\t\t\ttitle=\"Pelikane im Hafen von Tongoy\"\n\t\t\t\tclass=\"ngg-fancybox\" rel=\"5d7dd5693697e2b9aff7754228bcdbf7\" data-image-id=\"851\" data-src=\"http:\/\/www.vogel-art.de\/blog\/wp-content\/gallery\/nordchile_observ_atacama\/150419_LaSerena_024_blog.jpg\" data-thumbnail=\"http:\/\/www.vogel-art.de\/blog\/wp-content\/gallery\/nordchile_observ_atacama\/thumbs\/thumbs_150419_LaSerena_024_blog.jpg\" data-title=\"Pelikane im Hafen von Tongoy\" data-description=\"Pelikane im Hafen von Tongoy\" >\n\t\t\t\t\t\t\t\t<img title=\"Pelikane im Hafen von Tongoy\" alt=\"Pelikane im Hafen von Tongoy\" src=\"http:\/\/www.vogel-art.de\/blog\/wp-content\/gallery\/nordchile_observ_atacama\/thumbs\/thumbs_150419_LaSerena_024_blog.jpg\" width='96' height='72' \/>\n\t\t\t\t\t\t\t<\/a>\n\t\t<\/div>\n\t<\/div>\n\n\t\t\t\t\t\t\t\t\t\n\t\t\n\t<div id=\"ngg-image-852\" class=\"ngg-gallery-thumbnail-box\"  >\n\t\t<div class=\"ngg-gallery-thumbnail\" >\n\t\t\t<a href=\"http:\/\/www.vogel-art.de\/blog\/wp-content\/gallery\/nordchile_observ_atacama\/150419_LaSerena_031_blog.jpg\"\n\t\t\t\ttitle=\"Pelikane im Hafen von Tongoy\"\n\t\t\t\tclass=\"ngg-fancybox\" rel=\"5d7dd5693697e2b9aff7754228bcdbf7\" data-image-id=\"852\" data-src=\"http:\/\/www.vogel-art.de\/blog\/wp-content\/gallery\/nordchile_observ_atacama\/150419_LaSerena_031_blog.jpg\" data-thumbnail=\"http:\/\/www.vogel-art.de\/blog\/wp-content\/gallery\/nordchile_observ_atacama\/thumbs\/thumbs_150419_LaSerena_031_blog.jpg\" data-title=\"Pelikane im Hafen von Tongoy\" data-description=\"Pelikane im Hafen von Tongoy\" >\n\t\t\t\t\t\t\t\t<img title=\"Pelikane im Hafen von Tongoy\" alt=\"Pelikane im Hafen von Tongoy\" src=\"http:\/\/www.vogel-art.de\/blog\/wp-content\/gallery\/nordchile_observ_atacama\/thumbs\/thumbs_150419_LaSerena_031_blog.jpg\" width='96' height='72' \/>\n\t\t\t\t\t\t\t<\/a>\n\t\t<\/div>\n\t<\/div>\n\n\t\t\t\t\t\t\t\t\t\n\t\t\n\t<div id=\"ngg-image-853\" class=\"ngg-gallery-thumbnail-box\"  >\n\t\t<div class=\"ngg-gallery-thumbnail\" >\n\t\t\t<a href=\"http:\/\/www.vogel-art.de\/blog\/wp-content\/gallery\/nordchile_observ_atacama\/150419_LaSerena_048_blog.jpg\"\n\t\t\t\ttitle=\"Pelikane im Hafen von Tongoy\"\n\t\t\t\tclass=\"ngg-fancybox\" rel=\"5d7dd5693697e2b9aff7754228bcdbf7\" data-image-id=\"853\" data-src=\"http:\/\/www.vogel-art.de\/blog\/wp-content\/gallery\/nordchile_observ_atacama\/150419_LaSerena_048_blog.jpg\" data-thumbnail=\"http:\/\/www.vogel-art.de\/blog\/wp-content\/gallery\/nordchile_observ_atacama\/thumbs\/thumbs_150419_LaSerena_048_blog.jpg\" data-title=\"Pelikane im Hafen von Tongoy\" data-description=\"Pelikane im Hafen von Tongoy\" >\n\t\t\t\t\t\t\t\t<img title=\"Pelikane im Hafen von Tongoy\" alt=\"Pelikane im Hafen von Tongoy\" src=\"http:\/\/www.vogel-art.de\/blog\/wp-content\/gallery\/nordchile_observ_atacama\/thumbs\/thumbs_150419_LaSerena_048_blog.jpg\" width='96' height='72' \/>\n\t\t\t\t\t\t\t<\/a>\n\t\t<\/div>\n\t<\/div>\n\n\t\t\t\t\t\t\t\t\t\n\t\t\n\t<div id=\"ngg-image-854\" class=\"ngg-gallery-thumbnail-box\"  >\n\t\t<div class=\"ngg-gallery-thumbnail\" >\n\t\t\t<a href=\"http:\/\/www.vogel-art.de\/blog\/wp-content\/gallery\/nordchile_observ_atacama\/150420_LaSerenap095_blog.jpg\"\n\t\t\t\ttitle=\"Stadtstrand von La Serena\"\n\t\t\t\tclass=\"ngg-fancybox\" rel=\"5d7dd5693697e2b9aff7754228bcdbf7\" data-image-id=\"854\" data-src=\"http:\/\/www.vogel-art.de\/blog\/wp-content\/gallery\/nordchile_observ_atacama\/150420_LaSerenap095_blog.jpg\" data-thumbnail=\"http:\/\/www.vogel-art.de\/blog\/wp-content\/gallery\/nordchile_observ_atacama\/thumbs\/thumbs_150420_LaSerenap095_blog.jpg\" data-title=\"Stadtstrand von La Serena\" data-description=\"Stadtstrand von La Serena\" >\n\t\t\t\t\t\t\t\t<img title=\"Stadtstrand von La Serena\" alt=\"Stadtstrand von La Serena\" src=\"http:\/\/www.vogel-art.de\/blog\/wp-content\/gallery\/nordchile_observ_atacama\/thumbs\/thumbs_150420_LaSerenap095_blog.jpg\" width='96' height='72' \/>\n\t\t\t\t\t\t\t<\/a>\n\t\t<\/div>\n\t<\/div>\n\n\t\t\t\t\t\t\t\t\t\n\t\t\n\t<div id=\"ngg-image-855\" class=\"ngg-gallery-thumbnail-box\"  >\n\t\t<div class=\"ngg-gallery-thumbnail\" >\n\t\t\t<a href=\"http:\/\/www.vogel-art.de\/blog\/wp-content\/gallery\/nordchile_observ_atacama\/150420_LaSerenap099_blog.jpg\"\n\t\t\t\ttitle=\"Stadtstrand von La Serena\"\n\t\t\t\tclass=\"ngg-fancybox\" rel=\"5d7dd5693697e2b9aff7754228bcdbf7\" data-image-id=\"855\" data-src=\"http:\/\/www.vogel-art.de\/blog\/wp-content\/gallery\/nordchile_observ_atacama\/150420_LaSerenap099_blog.jpg\" data-thumbnail=\"http:\/\/www.vogel-art.de\/blog\/wp-content\/gallery\/nordchile_observ_atacama\/thumbs\/thumbs_150420_LaSerenap099_blog.jpg\" data-title=\"Stadtstrand von La Serena\" data-description=\"Stadtstrand von La Serena\" >\n\t\t\t\t\t\t\t\t<img title=\"Stadtstrand von La Serena\" alt=\"Stadtstrand von La Serena\" src=\"http:\/\/www.vogel-art.de\/blog\/wp-content\/gallery\/nordchile_observ_atacama\/thumbs\/thumbs_150420_LaSerenap099_blog.jpg\" width='96' height='72' \/>\n\t\t\t\t\t\t\t<\/a>\n\t\t<\/div>\n\t<\/div>\n\n\t\t\t\t\t\t\t\t\t\n\t\t\n\t<div id=\"ngg-image-856\" class=\"ngg-gallery-thumbnail-box\"  >\n\t\t<div class=\"ngg-gallery-thumbnail\" >\n\t\t\t<a href=\"http:\/\/www.vogel-art.de\/blog\/wp-content\/gallery\/nordchile_observ_atacama\/150420_LaSerenap101_blog.jpg\"\n\t\t\t\ttitle=\"Stadtstrand von La Serena\"\n\t\t\t\tclass=\"ngg-fancybox\" rel=\"5d7dd5693697e2b9aff7754228bcdbf7\" data-image-id=\"856\" data-src=\"http:\/\/www.vogel-art.de\/blog\/wp-content\/gallery\/nordchile_observ_atacama\/150420_LaSerenap101_blog.jpg\" data-thumbnail=\"http:\/\/www.vogel-art.de\/blog\/wp-content\/gallery\/nordchile_observ_atacama\/thumbs\/thumbs_150420_LaSerenap101_blog.jpg\" data-title=\"Stadtstrand von La Serena\" data-description=\"Stadtstrand von La Serena\" >\n\t\t\t\t\t\t\t\t<img title=\"Stadtstrand von La Serena\" alt=\"Stadtstrand von La Serena\" src=\"http:\/\/www.vogel-art.de\/blog\/wp-content\/gallery\/nordchile_observ_atacama\/thumbs\/thumbs_150420_LaSerenap101_blog.jpg\" width='96' height='72' \/>\n\t\t\t\t\t\t\t<\/a>\n\t\t<\/div>\n\t<\/div>\n\n\t\t\t\t\t\t\t\t\t\n\t\t\n\t<div id=\"ngg-image-857\" class=\"ngg-gallery-thumbnail-box\"  >\n\t\t<div class=\"ngg-gallery-thumbnail\" >\n\t\t\t<a href=\"http:\/\/www.vogel-art.de\/blog\/wp-content\/gallery\/nordchile_observ_atacama\/150420_LaSerenap104_blog.jpg\"\n\t\t\t\ttitle=\"Stadtstrand von La Serena\"\n\t\t\t\tclass=\"ngg-fancybox\" rel=\"5d7dd5693697e2b9aff7754228bcdbf7\" data-image-id=\"857\" data-src=\"http:\/\/www.vogel-art.de\/blog\/wp-content\/gallery\/nordchile_observ_atacama\/150420_LaSerenap104_blog.jpg\" data-thumbnail=\"http:\/\/www.vogel-art.de\/blog\/wp-content\/gallery\/nordchile_observ_atacama\/thumbs\/thumbs_150420_LaSerenap104_blog.jpg\" data-title=\"Stadtstrand von La Serena\" data-description=\"Stadtstrand von La Serena\" >\n\t\t\t\t\t\t\t\t<img title=\"Stadtstrand von La Serena\" alt=\"Stadtstrand von La Serena\" src=\"http:\/\/www.vogel-art.de\/blog\/wp-content\/gallery\/nordchile_observ_atacama\/thumbs\/thumbs_150420_LaSerenap104_blog.jpg\" width='96' height='72' \/>\n\t\t\t\t\t\t\t<\/a>\n\t\t<\/div>\n\t<\/div>\n\n\t\t\t\t\t\t\t\t\t\n\t\t\n\t<div id=\"ngg-image-858\" class=\"ngg-gallery-thumbnail-box\"  >\n\t\t<div class=\"ngg-gallery-thumbnail\" >\n\t\t\t<a href=\"http:\/\/www.vogel-art.de\/blog\/wp-content\/gallery\/nordchile_observ_atacama\/150420_LaSerenap108_blog.jpg\"\n\t\t\t\ttitle=\"Stadtstrand von La Serena\"\n\t\t\t\tclass=\"ngg-fancybox\" rel=\"5d7dd5693697e2b9aff7754228bcdbf7\" data-image-id=\"858\" data-src=\"http:\/\/www.vogel-art.de\/blog\/wp-content\/gallery\/nordchile_observ_atacama\/150420_LaSerenap108_blog.jpg\" data-thumbnail=\"http:\/\/www.vogel-art.de\/blog\/wp-content\/gallery\/nordchile_observ_atacama\/thumbs\/thumbs_150420_LaSerenap108_blog.jpg\" data-title=\"Stadtstrand von La Serena\" data-description=\"Stadtstrand von La Serena\" >\n\t\t\t\t\t\t\t\t<img title=\"Stadtstrand von La Serena\" alt=\"Stadtstrand von La Serena\" src=\"http:\/\/www.vogel-art.de\/blog\/wp-content\/gallery\/nordchile_observ_atacama\/thumbs\/thumbs_150420_LaSerenap108_blog.jpg\" width='96' height='72' \/>\n\t\t\t\t\t\t\t<\/a>\n\t\t<\/div>\n\t<\/div>\n\n\t\t\t\t\t\t\t\t\t\n\t\t\n\t<div id=\"ngg-image-859\" class=\"ngg-gallery-thumbnail-box\"  >\n\t\t<div class=\"ngg-gallery-thumbnail\" >\n\t\t\t<a href=\"http:\/\/www.vogel-art.de\/blog\/wp-content\/gallery\/nordchile_observ_atacama\/150420_LaSerenap117_blog.jpg\"\n\t\t\t\ttitle=\"Stadtstrand von La Serena\"\n\t\t\t\tclass=\"ngg-fancybox\" rel=\"5d7dd5693697e2b9aff7754228bcdbf7\" data-image-id=\"859\" data-src=\"http:\/\/www.vogel-art.de\/blog\/wp-content\/gallery\/nordchile_observ_atacama\/150420_LaSerenap117_blog.jpg\" data-thumbnail=\"http:\/\/www.vogel-art.de\/blog\/wp-content\/gallery\/nordchile_observ_atacama\/thumbs\/thumbs_150420_LaSerenap117_blog.jpg\" data-title=\"Stadtstrand von La Serena\" data-description=\"Stadtstrand von La Serena\" >\n\t\t\t\t\t\t\t\t<img title=\"Stadtstrand von La Serena\" alt=\"Stadtstrand von La Serena\" src=\"http:\/\/www.vogel-art.de\/blog\/wp-content\/gallery\/nordchile_observ_atacama\/thumbs\/thumbs_150420_LaSerenap117_blog.jpg\" width='96' height='72' \/>\n\t\t\t\t\t\t\t<\/a>\n\t\t<\/div>\n\t<\/div>\n\n\t\t\t\t\t\t\t\t\t\n\t\t\n\t<div id=\"ngg-image-860\" class=\"ngg-gallery-thumbnail-box\"  >\n\t\t<div class=\"ngg-gallery-thumbnail\" >\n\t\t\t<a href=\"http:\/\/www.vogel-art.de\/blog\/wp-content\/gallery\/nordchile_observ_atacama\/150421_LaSerenap001_blog.jpg\"\n\t\t\t\ttitle=\"Mittagstisch in La Serena\"\n\t\t\t\tclass=\"ngg-fancybox\" rel=\"5d7dd5693697e2b9aff7754228bcdbf7\" data-image-id=\"860\" data-src=\"http:\/\/www.vogel-art.de\/blog\/wp-content\/gallery\/nordchile_observ_atacama\/150421_LaSerenap001_blog.jpg\" data-thumbnail=\"http:\/\/www.vogel-art.de\/blog\/wp-content\/gallery\/nordchile_observ_atacama\/thumbs\/thumbs_150421_LaSerenap001_blog.jpg\" data-title=\"Mittagstisch in La Serena\" data-description=\"Mittagstisch in La Serena\" >\n\t\t\t\t\t\t\t\t<img title=\"Mittagstisch in La Serena\" alt=\"Mittagstisch in La Serena\" src=\"http:\/\/www.vogel-art.de\/blog\/wp-content\/gallery\/nordchile_observ_atacama\/thumbs\/thumbs_150421_LaSerenap001_blog.jpg\" width='96' height='72' \/>\n\t\t\t\t\t\t\t<\/a>\n\t\t<\/div>\n\t<\/div>\n\n\t\t\t\t\t\t\t\t\t\n\t\t\n\t<div id=\"ngg-image-861\" class=\"ngg-gallery-thumbnail-box\"  >\n\t\t<div class=\"ngg-gallery-thumbnail\" >\n\t\t\t<a href=\"http:\/\/www.vogel-art.de\/blog\/wp-content\/gallery\/nordchile_observ_atacama\/150421_LaSerenap006_blog.jpg\"\n\t\t\t\ttitle=\"Mittagstisch mit Schlagerunterhaltung\"\n\t\t\t\tclass=\"ngg-fancybox\" rel=\"5d7dd5693697e2b9aff7754228bcdbf7\" data-image-id=\"861\" data-src=\"http:\/\/www.vogel-art.de\/blog\/wp-content\/gallery\/nordchile_observ_atacama\/150421_LaSerenap006_blog.jpg\" data-thumbnail=\"http:\/\/www.vogel-art.de\/blog\/wp-content\/gallery\/nordchile_observ_atacama\/thumbs\/thumbs_150421_LaSerenap006_blog.jpg\" data-title=\"Mittagstisch mit Schlagerunterhaltung\" data-description=\"Mittagstisch mit Schlagerunterhaltung\" >\n\t\t\t\t\t\t\t\t<img title=\"Mittagstisch mit Schlagerunterhaltung\" alt=\"Mittagstisch mit Schlagerunterhaltung\" src=\"http:\/\/www.vogel-art.de\/blog\/wp-content\/gallery\/nordchile_observ_atacama\/thumbs\/thumbs_150421_LaSerenap006_blog.jpg\" width='96' height='72' \/>\n\t\t\t\t\t\t\t<\/a>\n\t\t<\/div>\n\t<\/div>\n\n\t\t\t\t\t\t\t\t\t\n\t\t\n\t<div id=\"ngg-image-862\" class=\"ngg-gallery-thumbnail-box\"  >\n\t\t<div class=\"ngg-gallery-thumbnail\" >\n\t\t\t<a href=\"http:\/\/www.vogel-art.de\/blog\/wp-content\/gallery\/nordchile_observ_atacama\/150422_LaSerena_070_blog.jpg\"\n\t\t\t\ttitle=\"Strandferien\"\n\t\t\t\tclass=\"ngg-fancybox\" rel=\"5d7dd5693697e2b9aff7754228bcdbf7\" data-image-id=\"862\" data-src=\"http:\/\/www.vogel-art.de\/blog\/wp-content\/gallery\/nordchile_observ_atacama\/150422_LaSerena_070_blog.jpg\" data-thumbnail=\"http:\/\/www.vogel-art.de\/blog\/wp-content\/gallery\/nordchile_observ_atacama\/thumbs\/thumbs_150422_LaSerena_070_blog.jpg\" data-title=\"Strandferien\" data-description=\"Strandferien\" >\n\t\t\t\t\t\t\t\t<img title=\"Strandferien\" alt=\"Strandferien\" src=\"http:\/\/www.vogel-art.de\/blog\/wp-content\/gallery\/nordchile_observ_atacama\/thumbs\/thumbs_150422_LaSerena_070_blog.jpg\" width='96' height='72' \/>\n\t\t\t\t\t\t\t<\/a>\n\t\t<\/div>\n\t<\/div>\n\n\t\t\t\t\t\t\t\t\t\n\t\t\n\t<div id=\"ngg-image-863\" class=\"ngg-gallery-thumbnail-box\"  >\n\t\t<div class=\"ngg-gallery-thumbnail\" >\n\t\t\t<a href=\"http:\/\/www.vogel-art.de\/blog\/wp-content\/gallery\/nordchile_observ_atacama\/150422_LaSerena_072_blog.jpg\"\n\t\t\t\ttitle=\"Strandferien\"\n\t\t\t\tclass=\"ngg-fancybox\" rel=\"5d7dd5693697e2b9aff7754228bcdbf7\" data-image-id=\"863\" data-src=\"http:\/\/www.vogel-art.de\/blog\/wp-content\/gallery\/nordchile_observ_atacama\/150422_LaSerena_072_blog.jpg\" data-thumbnail=\"http:\/\/www.vogel-art.de\/blog\/wp-content\/gallery\/nordchile_observ_atacama\/thumbs\/thumbs_150422_LaSerena_072_blog.jpg\" data-title=\"Strandferien\" data-description=\"Strandferien\" >\n\t\t\t\t\t\t\t\t<img title=\"Strandferien\" alt=\"Strandferien\" src=\"http:\/\/www.vogel-art.de\/blog\/wp-content\/gallery\/nordchile_observ_atacama\/thumbs\/thumbs_150422_LaSerena_072_blog.jpg\" width='96' height='72' \/>\n\t\t\t\t\t\t\t<\/a>\n\t\t<\/div>\n\t<\/div>\n\n\t\t\t\t\t\t\t\t\t\n\t\t\n\t<div id=\"ngg-image-864\" class=\"ngg-gallery-thumbnail-box\"  >\n\t\t<div class=\"ngg-gallery-thumbnail\" >\n\t\t\t<a href=\"http:\/\/www.vogel-art.de\/blog\/wp-content\/gallery\/nordchile_observ_atacama\/150422_LaSerena_077_blog.jpg\"\n\t\t\t\ttitle=\"Strandferien\"\n\t\t\t\tclass=\"ngg-fancybox\" rel=\"5d7dd5693697e2b9aff7754228bcdbf7\" data-image-id=\"864\" data-src=\"http:\/\/www.vogel-art.de\/blog\/wp-content\/gallery\/nordchile_observ_atacama\/150422_LaSerena_077_blog.jpg\" data-thumbnail=\"http:\/\/www.vogel-art.de\/blog\/wp-content\/gallery\/nordchile_observ_atacama\/thumbs\/thumbs_150422_LaSerena_077_blog.jpg\" data-title=\"Strandferien\" data-description=\"Strandferien\" >\n\t\t\t\t\t\t\t\t<img title=\"Strandferien\" alt=\"Strandferien\" src=\"http:\/\/www.vogel-art.de\/blog\/wp-content\/gallery\/nordchile_observ_atacama\/thumbs\/thumbs_150422_LaSerena_077_blog.jpg\" width='96' height='72' \/>\n\t\t\t\t\t\t\t<\/a>\n\t\t<\/div>\n\t<\/div>\n\n\t\t\t\t\t\t\t\t\t\n\t\t\n\t<div id=\"ngg-image-865\" class=\"ngg-gallery-thumbnail-box\"  >\n\t\t<div class=\"ngg-gallery-thumbnail\" >\n\t\t\t<a href=\"http:\/\/www.vogel-art.de\/blog\/wp-content\/gallery\/nordchile_observ_atacama\/150425_LaSerenap029_blog.jpg\"\n\t\t\t\ttitle=\"Observatorium Tololo\"\n\t\t\t\tclass=\"ngg-fancybox\" rel=\"5d7dd5693697e2b9aff7754228bcdbf7\" data-image-id=\"865\" data-src=\"http:\/\/www.vogel-art.de\/blog\/wp-content\/gallery\/nordchile_observ_atacama\/150425_LaSerenap029_blog.jpg\" data-thumbnail=\"http:\/\/www.vogel-art.de\/blog\/wp-content\/gallery\/nordchile_observ_atacama\/thumbs\/thumbs_150425_LaSerenap029_blog.jpg\" data-title=\"Observatorium Tololo\" data-description=\"Observatorium Tololo\" >\n\t\t\t\t\t\t\t\t<img title=\"Observatorium Tololo\" alt=\"Observatorium Tololo\" src=\"http:\/\/www.vogel-art.de\/blog\/wp-content\/gallery\/nordchile_observ_atacama\/thumbs\/thumbs_150425_LaSerenap029_blog.jpg\" width='96' height='72' \/>\n\t\t\t\t\t\t\t<\/a>\n\t\t<\/div>\n\t<\/div>\n\n\t\t\t\t\t\t\t\t\t\n\t\t\n\t<div id=\"ngg-image-872\" class=\"ngg-gallery-thumbnail-box\"  >\n\t\t<div class=\"ngg-gallery-thumbnail\" >\n\t\t\t<a href=\"http:\/\/www.vogel-art.de\/blog\/wp-content\/gallery\/nordchile_observ_atacama\/150425_LaSerena_138_blog.jpg\"\n\t\t\t\ttitle=\"Observatorium Tololo\"\n\t\t\t\tclass=\"ngg-fancybox\" rel=\"5d7dd5693697e2b9aff7754228bcdbf7\" data-image-id=\"872\" data-src=\"http:\/\/www.vogel-art.de\/blog\/wp-content\/gallery\/nordchile_observ_atacama\/150425_LaSerena_138_blog.jpg\" data-thumbnail=\"http:\/\/www.vogel-art.de\/blog\/wp-content\/gallery\/nordchile_observ_atacama\/thumbs\/thumbs_150425_LaSerena_138_blog.jpg\" data-title=\"Observatorium Tololo\" data-description=\"Observatorium Tololo\" >\n\t\t\t\t\t\t\t\t<img title=\"Observatorium Tololo\" alt=\"Observatorium Tololo\" src=\"http:\/\/www.vogel-art.de\/blog\/wp-content\/gallery\/nordchile_observ_atacama\/thumbs\/thumbs_150425_LaSerena_138_blog.jpg\" width='96' height='72' \/>\n\t\t\t\t\t\t\t<\/a>\n\t\t<\/div>\n\t<\/div>\n\n\t\t\t\t\t\t\t\t\t\n\t\t\n\t<div id=\"ngg-image-866\" class=\"ngg-gallery-thumbnail-box\"  >\n\t\t<div class=\"ngg-gallery-thumbnail\" >\n\t\t\t<a href=\"http:\/\/www.vogel-art.de\/blog\/wp-content\/gallery\/nordchile_observ_atacama\/150425_LaSerenap042_blog.jpg\"\n\t\t\t\ttitle=\"Observatorium Tololo\"\n\t\t\t\tclass=\"ngg-fancybox\" rel=\"5d7dd5693697e2b9aff7754228bcdbf7\" data-image-id=\"866\" data-src=\"http:\/\/www.vogel-art.de\/blog\/wp-content\/gallery\/nordchile_observ_atacama\/150425_LaSerenap042_blog.jpg\" data-thumbnail=\"http:\/\/www.vogel-art.de\/blog\/wp-content\/gallery\/nordchile_observ_atacama\/thumbs\/thumbs_150425_LaSerenap042_blog.jpg\" data-title=\"Observatorium Tololo\" data-description=\"Observatorium Tololo\" >\n\t\t\t\t\t\t\t\t<img title=\"Observatorium Tololo\" alt=\"Observatorium Tololo\" src=\"http:\/\/www.vogel-art.de\/blog\/wp-content\/gallery\/nordchile_observ_atacama\/thumbs\/thumbs_150425_LaSerenap042_blog.jpg\" width='96' height='72' \/>\n\t\t\t\t\t\t\t<\/a>\n\t\t<\/div>\n\t<\/div>\n\n\t\t\t\t\t\t\t\t\t\n\t\t\n\t<div id=\"ngg-image-867\" class=\"ngg-gallery-thumbnail-box\"  >\n\t\t<div class=\"ngg-gallery-thumbnail\" >\n\t\t\t<a href=\"http:\/\/www.vogel-art.de\/blog\/wp-content\/gallery\/nordchile_observ_atacama\/150425_LaSerena_104_blog.jpg\"\n\t\t\t\ttitle=\"Observatorium Tololo\"\n\t\t\t\tclass=\"ngg-fancybox\" rel=\"5d7dd5693697e2b9aff7754228bcdbf7\" data-image-id=\"867\" data-src=\"http:\/\/www.vogel-art.de\/blog\/wp-content\/gallery\/nordchile_observ_atacama\/150425_LaSerena_104_blog.jpg\" data-thumbnail=\"http:\/\/www.vogel-art.de\/blog\/wp-content\/gallery\/nordchile_observ_atacama\/thumbs\/thumbs_150425_LaSerena_104_blog.jpg\" data-title=\"Observatorium Tololo\" data-description=\"Observatorium Tololo\" >\n\t\t\t\t\t\t\t\t<img title=\"Observatorium Tololo\" alt=\"Observatorium Tololo\" src=\"http:\/\/www.vogel-art.de\/blog\/wp-content\/gallery\/nordchile_observ_atacama\/thumbs\/thumbs_150425_LaSerena_104_blog.jpg\" width='96' height='72' \/>\n\t\t\t\t\t\t\t<\/a>\n\t\t<\/div>\n\t<\/div>\n\n\t\t\t\t\t\t\t\t\t\n\t\t\n\t<div id=\"ngg-image-868\" class=\"ngg-gallery-thumbnail-box\"  >\n\t\t<div class=\"ngg-gallery-thumbnail\" >\n\t\t\t<a href=\"http:\/\/www.vogel-art.de\/blog\/wp-content\/gallery\/nordchile_observ_atacama\/150425_LaSerena_119_blog.jpg\"\n\t\t\t\ttitle=\"Observatorium Tololo\"\n\t\t\t\tclass=\"ngg-fancybox\" rel=\"5d7dd5693697e2b9aff7754228bcdbf7\" data-image-id=\"868\" data-src=\"http:\/\/www.vogel-art.de\/blog\/wp-content\/gallery\/nordchile_observ_atacama\/150425_LaSerena_119_blog.jpg\" data-thumbnail=\"http:\/\/www.vogel-art.de\/blog\/wp-content\/gallery\/nordchile_observ_atacama\/thumbs\/thumbs_150425_LaSerena_119_blog.jpg\" data-title=\"Observatorium Tololo\" data-description=\"Observatorium Tololo\" >\n\t\t\t\t\t\t\t\t<img title=\"Observatorium Tololo\" alt=\"Observatorium Tololo\" src=\"http:\/\/www.vogel-art.de\/blog\/wp-content\/gallery\/nordchile_observ_atacama\/thumbs\/thumbs_150425_LaSerena_119_blog.jpg\" width='96' height='72' \/>\n\t\t\t\t\t\t\t<\/a>\n\t\t<\/div>\n\t<\/div>\n\n\t\t\t\t\t\t\t\t\t\n\t\t\n\t<div id=\"ngg-image-869\" class=\"ngg-gallery-thumbnail-box\"  >\n\t\t<div class=\"ngg-gallery-thumbnail\" >\n\t\t\t<a href=\"http:\/\/www.vogel-art.de\/blog\/wp-content\/gallery\/nordchile_observ_atacama\/150425_LaSerenap074_blog.jpg\"\n\t\t\t\ttitle=\"Observatorium Tololo\"\n\t\t\t\tclass=\"ngg-fancybox\" rel=\"5d7dd5693697e2b9aff7754228bcdbf7\" data-image-id=\"869\" data-src=\"http:\/\/www.vogel-art.de\/blog\/wp-content\/gallery\/nordchile_observ_atacama\/150425_LaSerenap074_blog.jpg\" data-thumbnail=\"http:\/\/www.vogel-art.de\/blog\/wp-content\/gallery\/nordchile_observ_atacama\/thumbs\/thumbs_150425_LaSerenap074_blog.jpg\" data-title=\"Observatorium Tololo\" data-description=\"Observatorium Tololo\" >\n\t\t\t\t\t\t\t\t<img title=\"Observatorium Tololo\" alt=\"Observatorium Tololo\" src=\"http:\/\/www.vogel-art.de\/blog\/wp-content\/gallery\/nordchile_observ_atacama\/thumbs\/thumbs_150425_LaSerenap074_blog.jpg\" width='96' height='72' \/>\n\t\t\t\t\t\t\t<\/a>\n\t\t<\/div>\n\t<\/div>\n\n\t\t\t\t\t\t\t\t\t\n\t\t\n\t<div id=\"ngg-image-870\" class=\"ngg-gallery-thumbnail-box\"  >\n\t\t<div class=\"ngg-gallery-thumbnail\" >\n\t\t\t<a href=\"http:\/\/www.vogel-art.de\/blog\/wp-content\/gallery\/nordchile_observ_atacama\/150425_LaSerenap076_blog.jpg\"\n\t\t\t\ttitle=\"Observatorium Tololo\"\n\t\t\t\tclass=\"ngg-fancybox\" rel=\"5d7dd5693697e2b9aff7754228bcdbf7\" data-image-id=\"870\" data-src=\"http:\/\/www.vogel-art.de\/blog\/wp-content\/gallery\/nordchile_observ_atacama\/150425_LaSerenap076_blog.jpg\" data-thumbnail=\"http:\/\/www.vogel-art.de\/blog\/wp-content\/gallery\/nordchile_observ_atacama\/thumbs\/thumbs_150425_LaSerenap076_blog.jpg\" data-title=\"Observatorium Tololo\" data-description=\"Observatorium Tololo\" >\n\t\t\t\t\t\t\t\t<img title=\"Observatorium Tololo\" alt=\"Observatorium Tololo\" src=\"http:\/\/www.vogel-art.de\/blog\/wp-content\/gallery\/nordchile_observ_atacama\/thumbs\/thumbs_150425_LaSerenap076_blog.jpg\" width='96' height='72' \/>\n\t\t\t\t\t\t\t<\/a>\n\t\t<\/div>\n\t<\/div>\n\n\t\t\t\t\t\t\t\t\t\n\t\t\n\t<div id=\"ngg-image-871\" class=\"ngg-gallery-thumbnail-box\"  >\n\t\t<div class=\"ngg-gallery-thumbnail\" >\n\t\t\t<a href=\"http:\/\/www.vogel-art.de\/blog\/wp-content\/gallery\/nordchile_observ_atacama\/150425_LaSerena_134_blog.jpg\"\n\t\t\t\ttitle=\"Observatorium Tololo\"\n\t\t\t\tclass=\"ngg-fancybox\" rel=\"5d7dd5693697e2b9aff7754228bcdbf7\" data-image-id=\"871\" data-src=\"http:\/\/www.vogel-art.de\/blog\/wp-content\/gallery\/nordchile_observ_atacama\/150425_LaSerena_134_blog.jpg\" data-thumbnail=\"http:\/\/www.vogel-art.de\/blog\/wp-content\/gallery\/nordchile_observ_atacama\/thumbs\/thumbs_150425_LaSerena_134_blog.jpg\" data-title=\"Observatorium Tololo\" data-description=\"Observatorium Tololo\" >\n\t\t\t\t\t\t\t\t<img title=\"Observatorium Tololo\" alt=\"Observatorium Tololo\" src=\"http:\/\/www.vogel-art.de\/blog\/wp-content\/gallery\/nordchile_observ_atacama\/thumbs\/thumbs_150425_LaSerena_134_blog.jpg\" width='96' height='72' \/>\n\t\t\t\t\t\t\t<\/a>\n\t\t<\/div>\n\t<\/div>\n\n\t\t\t\t\t\t\t\t\t\n\t\t\n\t<div id=\"ngg-image-873\" class=\"ngg-gallery-thumbnail-box\"  >\n\t\t<div class=\"ngg-gallery-thumbnail\" >\n\t\t\t<a href=\"http:\/\/www.vogel-art.de\/blog\/wp-content\/gallery\/nordchile_observ_atacama\/150426_LaSerena_172a_blog.jpg\"\n\t\t\t\ttitle=\"am Fu\u00dfe des Observatoriums La Silla\"\n\t\t\t\tclass=\"ngg-fancybox\" rel=\"5d7dd5693697e2b9aff7754228bcdbf7\" data-image-id=\"873\" data-src=\"http:\/\/www.vogel-art.de\/blog\/wp-content\/gallery\/nordchile_observ_atacama\/150426_LaSerena_172a_blog.jpg\" data-thumbnail=\"http:\/\/www.vogel-art.de\/blog\/wp-content\/gallery\/nordchile_observ_atacama\/thumbs\/thumbs_150426_LaSerena_172a_blog.jpg\" data-title=\"am Fu\u00dfe des Observatoriums La Silla\" data-description=\"am Fu\u00dfe des Observatoriums La Silla\" >\n\t\t\t\t\t\t\t\t<img title=\"am Fu\u00dfe des Observatoriums La Silla\" alt=\"am Fu\u00dfe des Observatoriums La Silla\" src=\"http:\/\/www.vogel-art.de\/blog\/wp-content\/gallery\/nordchile_observ_atacama\/thumbs\/thumbs_150426_LaSerena_172a_blog.jpg\" width='96' height='72' \/>\n\t\t\t\t\t\t\t<\/a>\n\t\t<\/div>\n\t<\/div>\n\n\t\t\t\t\t\t\t\t\t\n\t\t\n\t<div id=\"ngg-image-874\" class=\"ngg-gallery-thumbnail-box\"  >\n\t\t<div class=\"ngg-gallery-thumbnail\" >\n\t\t\t<a href=\"http:\/\/www.vogel-art.de\/blog\/wp-content\/gallery\/nordchile_observ_atacama\/150426_LaSerena_200_blog.jpg\"\n\t\t\t\ttitle=\"am Fu\u00dfe des Observatoriums La Silla\"\n\t\t\t\tclass=\"ngg-fancybox\" rel=\"5d7dd5693697e2b9aff7754228bcdbf7\" data-image-id=\"874\" data-src=\"http:\/\/www.vogel-art.de\/blog\/wp-content\/gallery\/nordchile_observ_atacama\/150426_LaSerena_200_blog.jpg\" data-thumbnail=\"http:\/\/www.vogel-art.de\/blog\/wp-content\/gallery\/nordchile_observ_atacama\/thumbs\/thumbs_150426_LaSerena_200_blog.jpg\" data-title=\"am Fu\u00dfe des Observatoriums La Silla\" data-description=\"am Fu\u00dfe des Observatoriums La Silla\" >\n\t\t\t\t\t\t\t\t<img title=\"am Fu\u00dfe des Observatoriums La Silla\" alt=\"am Fu\u00dfe des Observatoriums La Silla\" src=\"http:\/\/www.vogel-art.de\/blog\/wp-content\/gallery\/nordchile_observ_atacama\/thumbs\/thumbs_150426_LaSerena_200_blog.jpg\" width='96' height='72' \/>\n\t\t\t\t\t\t\t<\/a>\n\t\t<\/div>\n\t<\/div>\n\n\t\t\t\t\t\t\t\t\t\n\t\t\n\t<div id=\"ngg-image-875\" class=\"ngg-gallery-thumbnail-box\"  >\n\t\t<div class=\"ngg-gallery-thumbnail\" >\n\t\t\t<a href=\"http:\/\/www.vogel-art.de\/blog\/wp-content\/gallery\/nordchile_observ_atacama\/150426_LaSerena_204_blog.jpg\"\n\t\t\t\ttitle=\"am Fu\u00dfe des Observatoriums La Silla\"\n\t\t\t\tclass=\"ngg-fancybox\" rel=\"5d7dd5693697e2b9aff7754228bcdbf7\" data-image-id=\"875\" data-src=\"http:\/\/www.vogel-art.de\/blog\/wp-content\/gallery\/nordchile_observ_atacama\/150426_LaSerena_204_blog.jpg\" data-thumbnail=\"http:\/\/www.vogel-art.de\/blog\/wp-content\/gallery\/nordchile_observ_atacama\/thumbs\/thumbs_150426_LaSerena_204_blog.jpg\" data-title=\"am Fu\u00dfe des Observatoriums La Silla\" data-description=\"am Fu\u00dfe des Observatoriums La Silla\" >\n\t\t\t\t\t\t\t\t<img title=\"am Fu\u00dfe des Observatoriums La Silla\" alt=\"am Fu\u00dfe des Observatoriums La Silla\" src=\"http:\/\/www.vogel-art.de\/blog\/wp-content\/gallery\/nordchile_observ_atacama\/thumbs\/thumbs_150426_LaSerena_204_blog.jpg\" width='96' height='72' \/>\n\t\t\t\t\t\t\t<\/a>\n\t\t<\/div>\n\t<\/div>\n\n\t\t\t\t\t\t\t\t\t\n\t\t\n\t<div id=\"ngg-image-876\" class=\"ngg-gallery-thumbnail-box\"  >\n\t\t<div class=\"ngg-gallery-thumbnail\" >\n\t\t\t<a href=\"http:\/\/www.vogel-art.de\/blog\/wp-content\/gallery\/nordchile_observ_atacama\/150427_009_K%C3%BCstenstrasse_blog.jpg\"\n\t\t\t\ttitle=\"K\u00fcstenstra\u00dfe entlang der Atacamaw\u00fcste\"\n\t\t\t\tclass=\"ngg-fancybox\" rel=\"5d7dd5693697e2b9aff7754228bcdbf7\" data-image-id=\"876\" data-src=\"http:\/\/www.vogel-art.de\/blog\/wp-content\/gallery\/nordchile_observ_atacama\/150427_009_K%C3%BCstenstrasse_blog.jpg\" data-thumbnail=\"http:\/\/www.vogel-art.de\/blog\/wp-content\/gallery\/nordchile_observ_atacama\/thumbs\/thumbs_150427_009_K%C3%BCstenstrasse_blog.jpg\" data-title=\"K\u00fcstenstra\u00dfe entlang der Atacamaw\u00fcste\" data-description=\"K\u00fcstenstra\u00dfe entlang der Atacamaw\u00fcste\" >\n\t\t\t\t\t\t\t\t<img title=\"K\u00fcstenstra\u00dfe entlang der Atacamaw\u00fcste\" alt=\"K\u00fcstenstra\u00dfe entlang der Atacamaw\u00fcste\" src=\"http:\/\/www.vogel-art.de\/blog\/wp-content\/gallery\/nordchile_observ_atacama\/thumbs\/thumbs_150427_009_K%C3%BCstenstrasse_blog.jpg\" width='96' height='72' \/>\n\t\t\t\t\t\t\t<\/a>\n\t\t<\/div>\n\t<\/div>\n\n\t\t\t\t\t\t\t\t\t\n\t\t\n\t<div id=\"ngg-image-877\" class=\"ngg-gallery-thumbnail-box\"  >\n\t\t<div class=\"ngg-gallery-thumbnail\" >\n\t\t\t<a href=\"http:\/\/www.vogel-art.de\/blog\/wp-content\/gallery\/nordchile_observ_atacama\/150428_Kuestenstrasse_012_blog.jpg\"\n\t\t\t\ttitle=\"K\u00fcstenstra\u00dfe entlang der Atacamaw\u00fcste\"\n\t\t\t\tclass=\"ngg-fancybox\" rel=\"5d7dd5693697e2b9aff7754228bcdbf7\" data-image-id=\"877\" data-src=\"http:\/\/www.vogel-art.de\/blog\/wp-content\/gallery\/nordchile_observ_atacama\/150428_Kuestenstrasse_012_blog.jpg\" data-thumbnail=\"http:\/\/www.vogel-art.de\/blog\/wp-content\/gallery\/nordchile_observ_atacama\/thumbs\/thumbs_150428_Kuestenstrasse_012_blog.jpg\" data-title=\"K\u00fcstenstra\u00dfe entlang der Atacamaw\u00fcste\" data-description=\"K\u00fcstenstra\u00dfe entlang der Atacamaw\u00fcste\" >\n\t\t\t\t\t\t\t\t<img title=\"K\u00fcstenstra\u00dfe entlang der Atacamaw\u00fcste\" alt=\"K\u00fcstenstra\u00dfe entlang der Atacamaw\u00fcste\" src=\"http:\/\/www.vogel-art.de\/blog\/wp-content\/gallery\/nordchile_observ_atacama\/thumbs\/thumbs_150428_Kuestenstrasse_012_blog.jpg\" width='96' height='72' \/>\n\t\t\t\t\t\t\t<\/a>\n\t\t<\/div>\n\t<\/div>\n\n\t\t\t\t\t\t\t\t\t\n\t\t\n\t<div id=\"ngg-image-879\" class=\"ngg-gallery-thumbnail-box\"  >\n\t\t<div class=\"ngg-gallery-thumbnail\" >\n\t\t\t<a href=\"http:\/\/www.vogel-art.de\/blog\/wp-content\/gallery\/nordchile_observ_atacama\/150428_Kuestenstrasse_020_blog.jpg\"\n\t\t\t\ttitle=\"K\u00fcstenstra\u00dfe entlang der Atacamaw\u00fcste\"\n\t\t\t\tclass=\"ngg-fancybox\" rel=\"5d7dd5693697e2b9aff7754228bcdbf7\" data-image-id=\"879\" data-src=\"http:\/\/www.vogel-art.de\/blog\/wp-content\/gallery\/nordchile_observ_atacama\/150428_Kuestenstrasse_020_blog.jpg\" data-thumbnail=\"http:\/\/www.vogel-art.de\/blog\/wp-content\/gallery\/nordchile_observ_atacama\/thumbs\/thumbs_150428_Kuestenstrasse_020_blog.jpg\" data-title=\"K\u00fcstenstra\u00dfe entlang der Atacamaw\u00fcste\" data-description=\"K\u00fcstenstra\u00dfe entlang der Atacamaw\u00fcste\" >\n\t\t\t\t\t\t\t\t<img title=\"K\u00fcstenstra\u00dfe entlang der Atacamaw\u00fcste\" alt=\"K\u00fcstenstra\u00dfe entlang der Atacamaw\u00fcste\" src=\"http:\/\/www.vogel-art.de\/blog\/wp-content\/gallery\/nordchile_observ_atacama\/thumbs\/thumbs_150428_Kuestenstrasse_020_blog.jpg\" width='96' height='72' \/>\n\t\t\t\t\t\t\t<\/a>\n\t\t<\/div>\n\t<\/div>\n\n\t\t\t\t\t\t\t\t\t\n\t\t\n\t<div id=\"ngg-image-880\" class=\"ngg-gallery-thumbnail-box\"  >\n\t\t<div class=\"ngg-gallery-thumbnail\" >\n\t\t\t<a href=\"http:\/\/www.vogel-art.de\/blog\/wp-content\/gallery\/nordchile_observ_atacama\/150428_Kuestenstrasse_025_blog.jpg\"\n\t\t\t\ttitle=\"K\u00fcstenstra\u00dfe entlang der Atacamaw\u00fcste\"\n\t\t\t\tclass=\"ngg-fancybox\" rel=\"5d7dd5693697e2b9aff7754228bcdbf7\" data-image-id=\"880\" data-src=\"http:\/\/www.vogel-art.de\/blog\/wp-content\/gallery\/nordchile_observ_atacama\/150428_Kuestenstrasse_025_blog.jpg\" data-thumbnail=\"http:\/\/www.vogel-art.de\/blog\/wp-content\/gallery\/nordchile_observ_atacama\/thumbs\/thumbs_150428_Kuestenstrasse_025_blog.jpg\" data-title=\"K\u00fcstenstra\u00dfe entlang der Atacamaw\u00fcste\" data-description=\"K\u00fcstenstra\u00dfe entlang der Atacamaw\u00fcste\" >\n\t\t\t\t\t\t\t\t<img title=\"K\u00fcstenstra\u00dfe entlang der Atacamaw\u00fcste\" alt=\"K\u00fcstenstra\u00dfe entlang der Atacamaw\u00fcste\" src=\"http:\/\/www.vogel-art.de\/blog\/wp-content\/gallery\/nordchile_observ_atacama\/thumbs\/thumbs_150428_Kuestenstrasse_025_blog.jpg\" width='96' height='72' \/>\n\t\t\t\t\t\t\t<\/a>\n\t\t<\/div>\n\t<\/div>\n\n\t\t\t\t\t\t\t\t\t\n\t\t\n\t<div id=\"ngg-image-881\" class=\"ngg-gallery-thumbnail-box\"  >\n\t\t<div class=\"ngg-gallery-thumbnail\" >\n\t\t\t<a href=\"http:\/\/www.vogel-art.de\/blog\/wp-content\/gallery\/nordchile_observ_atacama\/150428_Kuestenstrasse_026_blog.jpg\"\n\t\t\t\ttitle=\"K\u00fcstenstra\u00dfe entlang der Atacamaw\u00fcste\"\n\t\t\t\tclass=\"ngg-fancybox\" rel=\"5d7dd5693697e2b9aff7754228bcdbf7\" data-image-id=\"881\" data-src=\"http:\/\/www.vogel-art.de\/blog\/wp-content\/gallery\/nordchile_observ_atacama\/150428_Kuestenstrasse_026_blog.jpg\" data-thumbnail=\"http:\/\/www.vogel-art.de\/blog\/wp-content\/gallery\/nordchile_observ_atacama\/thumbs\/thumbs_150428_Kuestenstrasse_026_blog.jpg\" data-title=\"K\u00fcstenstra\u00dfe entlang der Atacamaw\u00fcste\" data-description=\"K\u00fcstenstra\u00dfe entlang der Atacamaw\u00fcste\" >\n\t\t\t\t\t\t\t\t<img title=\"K\u00fcstenstra\u00dfe entlang der Atacamaw\u00fcste\" alt=\"K\u00fcstenstra\u00dfe entlang der Atacamaw\u00fcste\" src=\"http:\/\/www.vogel-art.de\/blog\/wp-content\/gallery\/nordchile_observ_atacama\/thumbs\/thumbs_150428_Kuestenstrasse_026_blog.jpg\" width='96' height='72' \/>\n\t\t\t\t\t\t\t<\/a>\n\t\t<\/div>\n\t<\/div>\n\n\t\t\t\t\t\t\t\t\t\n\t\t\n\t<div id=\"ngg-image-882\" class=\"ngg-gallery-thumbnail-box\"  >\n\t\t<div class=\"ngg-gallery-thumbnail\" >\n\t\t\t<a href=\"http:\/\/www.vogel-art.de\/blog\/wp-content\/gallery\/nordchile_observ_atacama\/150428_Kuestenstrassep045_blog.jpg\"\n\t\t\t\ttitle=\"K\u00fcstenstra\u00dfe entlang der Atacamaw\u00fcste\"\n\t\t\t\tclass=\"ngg-fancybox\" rel=\"5d7dd5693697e2b9aff7754228bcdbf7\" data-image-id=\"882\" data-src=\"http:\/\/www.vogel-art.de\/blog\/wp-content\/gallery\/nordchile_observ_atacama\/150428_Kuestenstrassep045_blog.jpg\" data-thumbnail=\"http:\/\/www.vogel-art.de\/blog\/wp-content\/gallery\/nordchile_observ_atacama\/thumbs\/thumbs_150428_Kuestenstrassep045_blog.jpg\" data-title=\"K\u00fcstenstra\u00dfe entlang der Atacamaw\u00fcste\" data-description=\"K\u00fcstenstra\u00dfe entlang der Atacamaw\u00fcste\" >\n\t\t\t\t\t\t\t\t<img title=\"K\u00fcstenstra\u00dfe entlang der Atacamaw\u00fcste\" alt=\"K\u00fcstenstra\u00dfe entlang der Atacamaw\u00fcste\" src=\"http:\/\/www.vogel-art.de\/blog\/wp-content\/gallery\/nordchile_observ_atacama\/thumbs\/thumbs_150428_Kuestenstrassep045_blog.jpg\" width='96' height='72' \/>\n\t\t\t\t\t\t\t<\/a>\n\t\t<\/div>\n\t<\/div>\n\n\t\t\t\t\t\t\t\t\t\n\t\t\n\t<div id=\"ngg-image-878\" class=\"ngg-gallery-thumbnail-box\"  >\n\t\t<div class=\"ngg-gallery-thumbnail\" >\n\t\t\t<a href=\"http:\/\/www.vogel-art.de\/blog\/wp-content\/gallery\/nordchile_observ_atacama\/150428_Kuestenstrasse_016_blog.jpg\"\n\t\t\t\ttitle=\"K\u00fcstenstra\u00dfe entlang der Atacamaw\u00fcste\"\n\t\t\t\tclass=\"ngg-fancybox\" rel=\"5d7dd5693697e2b9aff7754228bcdbf7\" data-image-id=\"878\" data-src=\"http:\/\/www.vogel-art.de\/blog\/wp-content\/gallery\/nordchile_observ_atacama\/150428_Kuestenstrasse_016_blog.jpg\" data-thumbnail=\"http:\/\/www.vogel-art.de\/blog\/wp-content\/gallery\/nordchile_observ_atacama\/thumbs\/thumbs_150428_Kuestenstrasse_016_blog.jpg\" data-title=\"K\u00fcstenstra\u00dfe entlang der Atacamaw\u00fcste\" data-description=\"K\u00fcstenstra\u00dfe entlang der Atacamaw\u00fcste\" >\n\t\t\t\t\t\t\t\t<img title=\"K\u00fcstenstra\u00dfe entlang der Atacamaw\u00fcste\" alt=\"K\u00fcstenstra\u00dfe entlang der Atacamaw\u00fcste\" src=\"http:\/\/www.vogel-art.de\/blog\/wp-content\/gallery\/nordchile_observ_atacama\/thumbs\/thumbs_150428_Kuestenstrasse_016_blog.jpg\" width='96' height='72' \/>\n\t\t\t\t\t\t\t<\/a>\n\t\t<\/div>\n\t<\/div>\n\n\t\t\t\t\t\t\t\t\t\n\t\t\n\t<div id=\"ngg-image-883\" class=\"ngg-gallery-thumbnail-box\"  >\n\t\t<div class=\"ngg-gallery-thumbnail\" >\n\t\t\t<a href=\"http:\/\/www.vogel-art.de\/blog\/wp-content\/gallery\/nordchile_observ_atacama\/150428_Kuestenstrassep049_blog.jpg\"\n\t\t\t\ttitle=\"K\u00fcstenstra\u00dfe entlang der Atacamaw\u00fcste\"\n\t\t\t\tclass=\"ngg-fancybox\" rel=\"5d7dd5693697e2b9aff7754228bcdbf7\" data-image-id=\"883\" data-src=\"http:\/\/www.vogel-art.de\/blog\/wp-content\/gallery\/nordchile_observ_atacama\/150428_Kuestenstrassep049_blog.jpg\" data-thumbnail=\"http:\/\/www.vogel-art.de\/blog\/wp-content\/gallery\/nordchile_observ_atacama\/thumbs\/thumbs_150428_Kuestenstrassep049_blog.jpg\" data-title=\"K\u00fcstenstra\u00dfe entlang der Atacamaw\u00fcste\" data-description=\"K\u00fcstenstra\u00dfe entlang der Atacamaw\u00fcste\" >\n\t\t\t\t\t\t\t\t<img title=\"K\u00fcstenstra\u00dfe entlang der Atacamaw\u00fcste\" alt=\"K\u00fcstenstra\u00dfe entlang der Atacamaw\u00fcste\" src=\"http:\/\/www.vogel-art.de\/blog\/wp-content\/gallery\/nordchile_observ_atacama\/thumbs\/thumbs_150428_Kuestenstrassep049_blog.jpg\" width='96' height='72' \/>\n\t\t\t\t\t\t\t<\/a>\n\t\t<\/div>\n\t<\/div>\n\n\t\t\t\t\t\t\t\t\t\n\t\t\n\t<div id=\"ngg-image-884\" class=\"ngg-gallery-thumbnail-box\"  >\n\t\t<div class=\"ngg-gallery-thumbnail\" >\n\t\t\t<a href=\"http:\/\/www.vogel-art.de\/blog\/wp-content\/gallery\/nordchile_observ_atacama\/150429_Kuestenstrassep059_blog.jpg\"\n\t\t\t\ttitle=\"K\u00fcstenstra\u00dfe entlang der Atacamaw\u00fcste\"\n\t\t\t\tclass=\"ngg-fancybox\" rel=\"5d7dd5693697e2b9aff7754228bcdbf7\" data-image-id=\"884\" data-src=\"http:\/\/www.vogel-art.de\/blog\/wp-content\/gallery\/nordchile_observ_atacama\/150429_Kuestenstrassep059_blog.jpg\" data-thumbnail=\"http:\/\/www.vogel-art.de\/blog\/wp-content\/gallery\/nordchile_observ_atacama\/thumbs\/thumbs_150429_Kuestenstrassep059_blog.jpg\" data-title=\"K\u00fcstenstra\u00dfe entlang der Atacamaw\u00fcste\" data-description=\"K\u00fcstenstra\u00dfe entlang der Atacamaw\u00fcste\" >\n\t\t\t\t\t\t\t\t<img title=\"K\u00fcstenstra\u00dfe entlang der Atacamaw\u00fcste\" alt=\"K\u00fcstenstra\u00dfe entlang der Atacamaw\u00fcste\" src=\"http:\/\/www.vogel-art.de\/blog\/wp-content\/gallery\/nordchile_observ_atacama\/thumbs\/thumbs_150429_Kuestenstrassep059_blog.jpg\" width='96' height='72' \/>\n\t\t\t\t\t\t\t<\/a>\n\t\t<\/div>\n\t<\/div>\n\n\t\t\t\t\t\t\t\t\t\n\t\t\n\t<div id=\"ngg-image-885\" class=\"ngg-gallery-thumbnail-box\"  >\n\t\t<div class=\"ngg-gallery-thumbnail\" >\n\t\t\t<a href=\"http:\/\/www.vogel-art.de\/blog\/wp-content\/gallery\/nordchile_observ_atacama\/150429_Kuestenstrasse_055_blog.jpg\"\n\t\t\t\ttitle=\"K\u00fcstenstra\u00dfe entlang der Atacamaw\u00fcste\"\n\t\t\t\tclass=\"ngg-fancybox\" rel=\"5d7dd5693697e2b9aff7754228bcdbf7\" data-image-id=\"885\" data-src=\"http:\/\/www.vogel-art.de\/blog\/wp-content\/gallery\/nordchile_observ_atacama\/150429_Kuestenstrasse_055_blog.jpg\" data-thumbnail=\"http:\/\/www.vogel-art.de\/blog\/wp-content\/gallery\/nordchile_observ_atacama\/thumbs\/thumbs_150429_Kuestenstrasse_055_blog.jpg\" data-title=\"K\u00fcstenstra\u00dfe entlang der Atacamaw\u00fcste\" data-description=\"K\u00fcstenstra\u00dfe entlang der Atacamaw\u00fcste\" >\n\t\t\t\t\t\t\t\t<img title=\"K\u00fcstenstra\u00dfe entlang der Atacamaw\u00fcste\" alt=\"K\u00fcstenstra\u00dfe entlang der Atacamaw\u00fcste\" src=\"http:\/\/www.vogel-art.de\/blog\/wp-content\/gallery\/nordchile_observ_atacama\/thumbs\/thumbs_150429_Kuestenstrasse_055_blog.jpg\" width='96' height='72' \/>\n\t\t\t\t\t\t\t<\/a>\n\t\t<\/div>\n\t<\/div>\n\n\t\t\t\t\t\t\t\t\t\n\t\t\n\t<div id=\"ngg-image-886\" class=\"ngg-gallery-thumbnail-box\"  >\n\t\t<div class=\"ngg-gallery-thumbnail\" >\n\t\t\t<a href=\"http:\/\/www.vogel-art.de\/blog\/wp-content\/gallery\/nordchile_observ_atacama\/150430_Kuestenstrassep069_blog.jpg\"\n\t\t\t\ttitle=\"K\u00fcstenstra\u00dfe entlang der Atacamaw\u00fcste\"\n\t\t\t\tclass=\"ngg-fancybox\" rel=\"5d7dd5693697e2b9aff7754228bcdbf7\" data-image-id=\"886\" data-src=\"http:\/\/www.vogel-art.de\/blog\/wp-content\/gallery\/nordchile_observ_atacama\/150430_Kuestenstrassep069_blog.jpg\" data-thumbnail=\"http:\/\/www.vogel-art.de\/blog\/wp-content\/gallery\/nordchile_observ_atacama\/thumbs\/thumbs_150430_Kuestenstrassep069_blog.jpg\" data-title=\"K\u00fcstenstra\u00dfe entlang der Atacamaw\u00fcste\" data-description=\"K\u00fcstenstra\u00dfe entlang der Atacamaw\u00fcste\" >\n\t\t\t\t\t\t\t\t<img title=\"K\u00fcstenstra\u00dfe entlang der Atacamaw\u00fcste\" alt=\"K\u00fcstenstra\u00dfe entlang der Atacamaw\u00fcste\" src=\"http:\/\/www.vogel-art.de\/blog\/wp-content\/gallery\/nordchile_observ_atacama\/thumbs\/thumbs_150430_Kuestenstrassep069_blog.jpg\" width='96' height='72' \/>\n\t\t\t\t\t\t\t<\/a>\n\t\t<\/div>\n\t<\/div>\n\n\t\t\t\t\t\t\t\t\t\n\t\t\n\t<div id=\"ngg-image-887\" class=\"ngg-gallery-thumbnail-box\"  >\n\t\t<div class=\"ngg-gallery-thumbnail\" >\n\t\t\t<a href=\"http:\/\/www.vogel-art.de\/blog\/wp-content\/gallery\/nordchile_observ_atacama\/150430_Kuestenstrasse_060_blog.jpg\"\n\t\t\t\ttitle=\"K\u00fcstenstra\u00dfe entlang der Atacamaw\u00fcste\"\n\t\t\t\tclass=\"ngg-fancybox\" rel=\"5d7dd5693697e2b9aff7754228bcdbf7\" data-image-id=\"887\" data-src=\"http:\/\/www.vogel-art.de\/blog\/wp-content\/gallery\/nordchile_observ_atacama\/150430_Kuestenstrasse_060_blog.jpg\" data-thumbnail=\"http:\/\/www.vogel-art.de\/blog\/wp-content\/gallery\/nordchile_observ_atacama\/thumbs\/thumbs_150430_Kuestenstrasse_060_blog.jpg\" data-title=\"K\u00fcstenstra\u00dfe entlang der Atacamaw\u00fcste\" data-description=\"K\u00fcstenstra\u00dfe entlang der Atacamaw\u00fcste\" >\n\t\t\t\t\t\t\t\t<img title=\"K\u00fcstenstra\u00dfe entlang der Atacamaw\u00fcste\" alt=\"K\u00fcstenstra\u00dfe entlang der Atacamaw\u00fcste\" src=\"http:\/\/www.vogel-art.de\/blog\/wp-content\/gallery\/nordchile_observ_atacama\/thumbs\/thumbs_150430_Kuestenstrasse_060_blog.jpg\" width='96' height='72' \/>\n\t\t\t\t\t\t\t<\/a>\n\t\t<\/div>\n\t<\/div>\n\n\t\t\t\t\t\t\t\t\t\n\t\t\n\t<div id=\"ngg-image-888\" class=\"ngg-gallery-thumbnail-box\"  >\n\t\t<div class=\"ngg-gallery-thumbnail\" >\n\t\t\t<a href=\"http:\/\/www.vogel-art.de\/blog\/wp-content\/gallery\/nordchile_observ_atacama\/150430_Kuestenstrasse_065_blog.jpg\"\n\t\t\t\ttitle=\"K\u00fcstenstra\u00dfe entlang der Atacamaw\u00fcste\"\n\t\t\t\tclass=\"ngg-fancybox\" rel=\"5d7dd5693697e2b9aff7754228bcdbf7\" data-image-id=\"888\" data-src=\"http:\/\/www.vogel-art.de\/blog\/wp-content\/gallery\/nordchile_observ_atacama\/150430_Kuestenstrasse_065_blog.jpg\" data-thumbnail=\"http:\/\/www.vogel-art.de\/blog\/wp-content\/gallery\/nordchile_observ_atacama\/thumbs\/thumbs_150430_Kuestenstrasse_065_blog.jpg\" data-title=\"K\u00fcstenstra\u00dfe entlang der Atacamaw\u00fcste\" data-description=\"K\u00fcstenstra\u00dfe entlang der Atacamaw\u00fcste\" >\n\t\t\t\t\t\t\t\t<img title=\"K\u00fcstenstra\u00dfe entlang der Atacamaw\u00fcste\" alt=\"K\u00fcstenstra\u00dfe entlang der Atacamaw\u00fcste\" src=\"http:\/\/www.vogel-art.de\/blog\/wp-content\/gallery\/nordchile_observ_atacama\/thumbs\/thumbs_150430_Kuestenstrasse_065_blog.jpg\" width='96' height='72' \/>\n\t\t\t\t\t\t\t<\/a>\n\t\t<\/div>\n\t<\/div>\n\n\t\t\t\t\t\t\t\t\t\n\t\t\n\t<div id=\"ngg-image-889\" class=\"ngg-gallery-thumbnail-box\"  >\n\t\t<div class=\"ngg-gallery-thumbnail\" >\n\t\t\t<a href=\"http:\/\/www.vogel-art.de\/blog\/wp-content\/gallery\/nordchile_observ_atacama\/150430_Kuestenstrasse_078_blog.jpg\"\n\t\t\t\ttitle=\"K\u00fcstenstra\u00dfe entlang der Atacamaw\u00fcste\"\n\t\t\t\tclass=\"ngg-fancybox\" rel=\"5d7dd5693697e2b9aff7754228bcdbf7\" data-image-id=\"889\" data-src=\"http:\/\/www.vogel-art.de\/blog\/wp-content\/gallery\/nordchile_observ_atacama\/150430_Kuestenstrasse_078_blog.jpg\" data-thumbnail=\"http:\/\/www.vogel-art.de\/blog\/wp-content\/gallery\/nordchile_observ_atacama\/thumbs\/thumbs_150430_Kuestenstrasse_078_blog.jpg\" data-title=\"K\u00fcstenstra\u00dfe entlang der Atacamaw\u00fcste\" data-description=\"K\u00fcstenstra\u00dfe entlang der Atacamaw\u00fcste\" >\n\t\t\t\t\t\t\t\t<img title=\"K\u00fcstenstra\u00dfe entlang der Atacamaw\u00fcste\" alt=\"K\u00fcstenstra\u00dfe entlang der Atacamaw\u00fcste\" src=\"http:\/\/www.vogel-art.de\/blog\/wp-content\/gallery\/nordchile_observ_atacama\/thumbs\/thumbs_150430_Kuestenstrasse_078_blog.jpg\" width='96' height='72' \/>\n\t\t\t\t\t\t\t<\/a>\n\t\t<\/div>\n\t<\/div>\n\n\t\t\t\t\t\t\t\t\t\n\t\t\n\t<div id=\"ngg-image-890\" class=\"ngg-gallery-thumbnail-box\"  >\n\t\t<div class=\"ngg-gallery-thumbnail\" >\n\t\t\t<a href=\"http:\/\/www.vogel-art.de\/blog\/wp-content\/gallery\/nordchile_observ_atacama\/150430_Kuestenstrasse_099_blog.jpg\"\n\t\t\t\ttitle=\"K\u00fcstenstra\u00dfe entlang der Atacamaw\u00fcste\"\n\t\t\t\tclass=\"ngg-fancybox\" rel=\"5d7dd5693697e2b9aff7754228bcdbf7\" data-image-id=\"890\" data-src=\"http:\/\/www.vogel-art.de\/blog\/wp-content\/gallery\/nordchile_observ_atacama\/150430_Kuestenstrasse_099_blog.jpg\" data-thumbnail=\"http:\/\/www.vogel-art.de\/blog\/wp-content\/gallery\/nordchile_observ_atacama\/thumbs\/thumbs_150430_Kuestenstrasse_099_blog.jpg\" data-title=\"K\u00fcstenstra\u00dfe entlang der Atacamaw\u00fcste\" data-description=\"K\u00fcstenstra\u00dfe entlang der Atacamaw\u00fcste\" >\n\t\t\t\t\t\t\t\t<img title=\"K\u00fcstenstra\u00dfe entlang der Atacamaw\u00fcste\" alt=\"K\u00fcstenstra\u00dfe entlang der Atacamaw\u00fcste\" src=\"http:\/\/www.vogel-art.de\/blog\/wp-content\/gallery\/nordchile_observ_atacama\/thumbs\/thumbs_150430_Kuestenstrasse_099_blog.jpg\" width='96' height='72' \/>\n\t\t\t\t\t\t\t<\/a>\n\t\t<\/div>\n\t<\/div>\n\n\t\t\t\t\t\t\t\t\t\n\t\t\n\t<div id=\"ngg-image-891\" class=\"ngg-gallery-thumbnail-box\"  >\n\t\t<div class=\"ngg-gallery-thumbnail\" >\n\t\t\t<a href=\"http:\/\/www.vogel-art.de\/blog\/wp-content\/gallery\/nordchile_observ_atacama\/150430_Kuestenstrasse_104_blog.jpg\"\n\t\t\t\ttitle=\"K\u00fcstenstra\u00dfe entlang der Atacamaw\u00fcste\"\n\t\t\t\tclass=\"ngg-fancybox\" rel=\"5d7dd5693697e2b9aff7754228bcdbf7\" data-image-id=\"891\" data-src=\"http:\/\/www.vogel-art.de\/blog\/wp-content\/gallery\/nordchile_observ_atacama\/150430_Kuestenstrasse_104_blog.jpg\" data-thumbnail=\"http:\/\/www.vogel-art.de\/blog\/wp-content\/gallery\/nordchile_observ_atacama\/thumbs\/thumbs_150430_Kuestenstrasse_104_blog.jpg\" data-title=\"K\u00fcstenstra\u00dfe entlang der Atacamaw\u00fcste\" data-description=\"K\u00fcstenstra\u00dfe entlang der Atacamaw\u00fcste\" >\n\t\t\t\t\t\t\t\t<img title=\"K\u00fcstenstra\u00dfe entlang der Atacamaw\u00fcste\" alt=\"K\u00fcstenstra\u00dfe entlang der Atacamaw\u00fcste\" src=\"http:\/\/www.vogel-art.de\/blog\/wp-content\/gallery\/nordchile_observ_atacama\/thumbs\/thumbs_150430_Kuestenstrasse_104_blog.jpg\" width='96' height='72' \/>\n\t\t\t\t\t\t\t<\/a>\n\t\t<\/div>\n\t<\/div>\n\n\t\t\t\t\t\t\t\t\t\n\t\t\n\t<div id=\"ngg-image-892\" class=\"ngg-gallery-thumbnail-box\"  >\n\t\t<div class=\"ngg-gallery-thumbnail\" >\n\t\t\t<a href=\"http:\/\/www.vogel-art.de\/blog\/wp-content\/gallery\/nordchile_observ_atacama\/150501_Kuestenstrassep108_blog.jpg\"\n\t\t\t\ttitle=\"K\u00fcstenstra\u00dfe entlang der Atacamaw\u00fcste\"\n\t\t\t\tclass=\"ngg-fancybox\" rel=\"5d7dd5693697e2b9aff7754228bcdbf7\" data-image-id=\"892\" data-src=\"http:\/\/www.vogel-art.de\/blog\/wp-content\/gallery\/nordchile_observ_atacama\/150501_Kuestenstrassep108_blog.jpg\" data-thumbnail=\"http:\/\/www.vogel-art.de\/blog\/wp-content\/gallery\/nordchile_observ_atacama\/thumbs\/thumbs_150501_Kuestenstrassep108_blog.jpg\" data-title=\"K\u00fcstenstra\u00dfe entlang der Atacamaw\u00fcste\" data-description=\"K\u00fcstenstra\u00dfe entlang der Atacamaw\u00fcste\" >\n\t\t\t\t\t\t\t\t<img title=\"K\u00fcstenstra\u00dfe entlang der Atacamaw\u00fcste\" alt=\"K\u00fcstenstra\u00dfe entlang der Atacamaw\u00fcste\" src=\"http:\/\/www.vogel-art.de\/blog\/wp-content\/gallery\/nordchile_observ_atacama\/thumbs\/thumbs_150501_Kuestenstrassep108_blog.jpg\" width='96' height='72' \/>\n\t\t\t\t\t\t\t<\/a>\n\t\t<\/div>\n\t<\/div>\n\n\t\t\t\t\t\t\t\t\t\n\t\t\n\t<div id=\"ngg-image-893\" class=\"ngg-gallery-thumbnail-box\"  >\n\t\t<div class=\"ngg-gallery-thumbnail\" >\n\t\t\t<a href=\"http:\/\/www.vogel-art.de\/blog\/wp-content\/gallery\/nordchile_observ_atacama\/150501_Kuestenstrasse_Tongoy_021_blog.jpg\"\n\t\t\t\ttitle=\"Fischmarkt in Caldera\"\n\t\t\t\tclass=\"ngg-fancybox\" rel=\"5d7dd5693697e2b9aff7754228bcdbf7\" data-image-id=\"893\" data-src=\"http:\/\/www.vogel-art.de\/blog\/wp-content\/gallery\/nordchile_observ_atacama\/150501_Kuestenstrasse_Tongoy_021_blog.jpg\" data-thumbnail=\"http:\/\/www.vogel-art.de\/blog\/wp-content\/gallery\/nordchile_observ_atacama\/thumbs\/thumbs_150501_Kuestenstrasse_Tongoy_021_blog.jpg\" data-title=\"Fischmarkt in Caldera\" data-description=\"Fischmarkt in Caldera\" >\n\t\t\t\t\t\t\t\t<img title=\"Fischmarkt in Caldera\" alt=\"Fischmarkt in Caldera\" src=\"http:\/\/www.vogel-art.de\/blog\/wp-content\/gallery\/nordchile_observ_atacama\/thumbs\/thumbs_150501_Kuestenstrasse_Tongoy_021_blog.jpg\" width='96' height='72' \/>\n\t\t\t\t\t\t\t<\/a>\n\t\t<\/div>\n\t<\/div>\n\n\t\t\t\t\t\t\t\t\t\n\t\t\n\t<div id=\"ngg-image-894\" class=\"ngg-gallery-thumbnail-box\"  >\n\t\t<div class=\"ngg-gallery-thumbnail\" >\n\t\t\t<a href=\"http:\/\/www.vogel-art.de\/blog\/wp-content\/gallery\/nordchile_observ_atacama\/150501_Kuestenstrasse_Tongoy_023_blog.jpg\"\n\t\t\t\ttitle=\"Fischmarkt in Caldera\"\n\t\t\t\tclass=\"ngg-fancybox\" rel=\"5d7dd5693697e2b9aff7754228bcdbf7\" data-image-id=\"894\" data-src=\"http:\/\/www.vogel-art.de\/blog\/wp-content\/gallery\/nordchile_observ_atacama\/150501_Kuestenstrasse_Tongoy_023_blog.jpg\" data-thumbnail=\"http:\/\/www.vogel-art.de\/blog\/wp-content\/gallery\/nordchile_observ_atacama\/thumbs\/thumbs_150501_Kuestenstrasse_Tongoy_023_blog.jpg\" data-title=\"Fischmarkt in Caldera\" data-description=\"Fischmarkt in Caldera\" >\n\t\t\t\t\t\t\t\t<img title=\"Fischmarkt in Caldera\" alt=\"Fischmarkt in Caldera\" src=\"http:\/\/www.vogel-art.de\/blog\/wp-content\/gallery\/nordchile_observ_atacama\/thumbs\/thumbs_150501_Kuestenstrasse_Tongoy_023_blog.jpg\" width='96' height='72' \/>\n\t\t\t\t\t\t\t<\/a>\n\t\t<\/div>\n\t<\/div>\n\n\t\t\t\t\t\t\t\t\t\n\t\t\n\t<div id=\"ngg-image-895\" class=\"ngg-gallery-thumbnail-box\"  >\n\t\t<div class=\"ngg-gallery-thumbnail\" >\n\t\t\t<a href=\"http:\/\/www.vogel-art.de\/blog\/wp-content\/gallery\/nordchile_observ_atacama\/150501_Kuestenstrasse_Tongoy_029_blog.jpg\"\n\t\t\t\ttitle=\"Fischmarkt in Caldera\"\n\t\t\t\tclass=\"ngg-fancybox\" rel=\"5d7dd5693697e2b9aff7754228bcdbf7\" data-image-id=\"895\" data-src=\"http:\/\/www.vogel-art.de\/blog\/wp-content\/gallery\/nordchile_observ_atacama\/150501_Kuestenstrasse_Tongoy_029_blog.jpg\" data-thumbnail=\"http:\/\/www.vogel-art.de\/blog\/wp-content\/gallery\/nordchile_observ_atacama\/thumbs\/thumbs_150501_Kuestenstrasse_Tongoy_029_blog.jpg\" data-title=\"Fischmarkt in Caldera\" data-description=\"Fischmarkt in Caldera\" >\n\t\t\t\t\t\t\t\t<img title=\"Fischmarkt in Caldera\" alt=\"Fischmarkt in Caldera\" src=\"http:\/\/www.vogel-art.de\/blog\/wp-content\/gallery\/nordchile_observ_atacama\/thumbs\/thumbs_150501_Kuestenstrasse_Tongoy_029_blog.jpg\" width='96' height='72' \/>\n\t\t\t\t\t\t\t<\/a>\n\t\t<\/div>\n\t<\/div>\n\n\t\t\t\t\t\t\t\t\t\n\t\t\n\t<div id=\"ngg-image-896\" class=\"ngg-gallery-thumbnail-box\"  >\n\t\t<div class=\"ngg-gallery-thumbnail\" >\n\t\t\t<a href=\"http:\/\/www.vogel-art.de\/blog\/wp-content\/gallery\/nordchile_observ_atacama\/150501_Kuestenstrasse_Tongoy_039_blog.jpg\"\n\t\t\t\ttitle=\"Fischmarkt in Caldera\"\n\t\t\t\tclass=\"ngg-fancybox\" rel=\"5d7dd5693697e2b9aff7754228bcdbf7\" data-image-id=\"896\" data-src=\"http:\/\/www.vogel-art.de\/blog\/wp-content\/gallery\/nordchile_observ_atacama\/150501_Kuestenstrasse_Tongoy_039_blog.jpg\" data-thumbnail=\"http:\/\/www.vogel-art.de\/blog\/wp-content\/gallery\/nordchile_observ_atacama\/thumbs\/thumbs_150501_Kuestenstrasse_Tongoy_039_blog.jpg\" data-title=\"Fischmarkt in Caldera\" data-description=\"Fischmarkt in Caldera\" >\n\t\t\t\t\t\t\t\t<img title=\"Fischmarkt in Caldera\" alt=\"Fischmarkt in Caldera\" src=\"http:\/\/www.vogel-art.de\/blog\/wp-content\/gallery\/nordchile_observ_atacama\/thumbs\/thumbs_150501_Kuestenstrasse_Tongoy_039_blog.jpg\" width='96' height='72' \/>\n\t\t\t\t\t\t\t<\/a>\n\t\t<\/div>\n\t<\/div>\n\n\t\t\t\t\t\t\t\t\t\n\t\t\n\t<div id=\"ngg-image-897\" class=\"ngg-gallery-thumbnail-box\"  >\n\t\t<div class=\"ngg-gallery-thumbnail\" >\n\t\t\t<a href=\"http:\/\/www.vogel-art.de\/blog\/wp-content\/gallery\/nordchile_observ_atacama\/150501_Kuestenstrasse_001_blog.jpg\"\n\t\t\t\ttitle=\"K\u00fcstenstrasse\"\n\t\t\t\tclass=\"ngg-fancybox\" rel=\"5d7dd5693697e2b9aff7754228bcdbf7\" data-image-id=\"897\" data-src=\"http:\/\/www.vogel-art.de\/blog\/wp-content\/gallery\/nordchile_observ_atacama\/150501_Kuestenstrasse_001_blog.jpg\" data-thumbnail=\"http:\/\/www.vogel-art.de\/blog\/wp-content\/gallery\/nordchile_observ_atacama\/thumbs\/thumbs_150501_Kuestenstrasse_001_blog.jpg\" data-title=\"K\u00fcstenstrasse\" data-description=\"K\u00fcstenstrasse\" >\n\t\t\t\t\t\t\t\t<img title=\"K\u00fcstenstrasse\" alt=\"K\u00fcstenstrasse\" src=\"http:\/\/www.vogel-art.de\/blog\/wp-content\/gallery\/nordchile_observ_atacama\/thumbs\/thumbs_150501_Kuestenstrasse_001_blog.jpg\" width='96' height='72' \/>\n\t\t\t\t\t\t\t<\/a>\n\t\t<\/div>\n\t<\/div>\n\n\t\t\t\t\t\t\t\t\t\n\t\t\n\t<div id=\"ngg-image-898\" class=\"ngg-gallery-thumbnail-box\"  >\n\t\t<div class=\"ngg-gallery-thumbnail\" >\n\t\t\t<a href=\"http:\/\/www.vogel-art.de\/blog\/wp-content\/gallery\/nordchile_observ_atacama\/150502_011_K%C3%BCstenstrasse_Chanaral_blog.jpg\"\n\t\t\t\ttitle=\"\u00dcberschwemmung nach Starkregen in Chanaral\"\n\t\t\t\tclass=\"ngg-fancybox\" rel=\"5d7dd5693697e2b9aff7754228bcdbf7\" data-image-id=\"898\" data-src=\"http:\/\/www.vogel-art.de\/blog\/wp-content\/gallery\/nordchile_observ_atacama\/150502_011_K%C3%BCstenstrasse_Chanaral_blog.jpg\" data-thumbnail=\"http:\/\/www.vogel-art.de\/blog\/wp-content\/gallery\/nordchile_observ_atacama\/thumbs\/thumbs_150502_011_K%C3%BCstenstrasse_Chanaral_blog.jpg\" data-title=\"\u00dcberschwemmung nach Starkregen in Chanaral\" data-description=\"\u00dcberschwemmung nach Starkregen in Chanaral\" >\n\t\t\t\t\t\t\t\t<img title=\"\u00dcberschwemmung nach Starkregen in Chanaral\" alt=\"\u00dcberschwemmung nach Starkregen in Chanaral\" src=\"http:\/\/www.vogel-art.de\/blog\/wp-content\/gallery\/nordchile_observ_atacama\/thumbs\/thumbs_150502_011_K%C3%BCstenstrasse_Chanaral_blog.jpg\" width='96' height='72' \/>\n\t\t\t\t\t\t\t<\/a>\n\t\t<\/div>\n\t<\/div>\n\n\t\t\t\t\t\t\t\t\t\n\t\t\n\t<div id=\"ngg-image-899\" class=\"ngg-gallery-thumbnail-box\"  >\n\t\t<div class=\"ngg-gallery-thumbnail\" >\n\t\t\t<a href=\"http:\/\/www.vogel-art.de\/blog\/wp-content\/gallery\/nordchile_observ_atacama\/150502_016_K%C3%BCstenstrasse_Chanaral_blog.jpg\"\n\t\t\t\ttitle=\"\u00dcberschwemmung nach Starkregen in Chanaral\"\n\t\t\t\tclass=\"ngg-fancybox\" rel=\"5d7dd5693697e2b9aff7754228bcdbf7\" data-image-id=\"899\" data-src=\"http:\/\/www.vogel-art.de\/blog\/wp-content\/gallery\/nordchile_observ_atacama\/150502_016_K%C3%BCstenstrasse_Chanaral_blog.jpg\" data-thumbnail=\"http:\/\/www.vogel-art.de\/blog\/wp-content\/gallery\/nordchile_observ_atacama\/thumbs\/thumbs_150502_016_K%C3%BCstenstrasse_Chanaral_blog.jpg\" data-title=\"\u00dcberschwemmung nach Starkregen in Chanaral\" data-description=\"\u00dcberschwemmung nach Starkregen in Chanaral\" >\n\t\t\t\t\t\t\t\t<img title=\"\u00dcberschwemmung nach Starkregen in Chanaral\" alt=\"\u00dcberschwemmung nach Starkregen in Chanaral\" src=\"http:\/\/www.vogel-art.de\/blog\/wp-content\/gallery\/nordchile_observ_atacama\/thumbs\/thumbs_150502_016_K%C3%BCstenstrasse_Chanaral_blog.jpg\" width='96' height='72' \/>\n\t\t\t\t\t\t\t<\/a>\n\t\t<\/div>\n\t<\/div>\n\n\t\t\t\t\t\t\t\t\t\n\t\t\n\t<div id=\"ngg-image-900\" class=\"ngg-gallery-thumbnail-box\"  >\n\t\t<div class=\"ngg-gallery-thumbnail\" >\n\t\t\t<a href=\"http:\/\/www.vogel-art.de\/blog\/wp-content\/gallery\/nordchile_observ_atacama\/150502_017_K%C3%BCstenstrasse_Chanaral_blog.jpg\"\n\t\t\t\ttitle=\"\u00dcberschwemmung nach Starkregen in Chanaral\"\n\t\t\t\tclass=\"ngg-fancybox\" rel=\"5d7dd5693697e2b9aff7754228bcdbf7\" data-image-id=\"900\" data-src=\"http:\/\/www.vogel-art.de\/blog\/wp-content\/gallery\/nordchile_observ_atacama\/150502_017_K%C3%BCstenstrasse_Chanaral_blog.jpg\" data-thumbnail=\"http:\/\/www.vogel-art.de\/blog\/wp-content\/gallery\/nordchile_observ_atacama\/thumbs\/thumbs_150502_017_K%C3%BCstenstrasse_Chanaral_blog.jpg\" data-title=\"\u00dcberschwemmung nach Starkregen in Chanaral\" data-description=\"\u00dcberschwemmung nach Starkregen in Chanaral\" >\n\t\t\t\t\t\t\t\t<img title=\"\u00dcberschwemmung nach Starkregen in Chanaral\" alt=\"\u00dcberschwemmung nach Starkregen in Chanaral\" src=\"http:\/\/www.vogel-art.de\/blog\/wp-content\/gallery\/nordchile_observ_atacama\/thumbs\/thumbs_150502_017_K%C3%BCstenstrasse_Chanaral_blog.jpg\" width='96' height='72' \/>\n\t\t\t\t\t\t\t<\/a>\n\t\t<\/div>\n\t<\/div>\n\n\t\t\t\t\t\t\t\t\t\n\t\t\n\t<div id=\"ngg-image-901\" class=\"ngg-gallery-thumbnail-box\"  >\n\t\t<div class=\"ngg-gallery-thumbnail\" >\n\t\t\t<a href=\"http:\/\/www.vogel-art.de\/blog\/wp-content\/gallery\/nordchile_observ_atacama\/150502_019_K%C3%BCstenstrasse_Chanaral_blog.jpg\"\n\t\t\t\ttitle=\"\u00dcberschwemmung nach Starkregen in Chanaral\"\n\t\t\t\tclass=\"ngg-fancybox\" rel=\"5d7dd5693697e2b9aff7754228bcdbf7\" data-image-id=\"901\" data-src=\"http:\/\/www.vogel-art.de\/blog\/wp-content\/gallery\/nordchile_observ_atacama\/150502_019_K%C3%BCstenstrasse_Chanaral_blog.jpg\" data-thumbnail=\"http:\/\/www.vogel-art.de\/blog\/wp-content\/gallery\/nordchile_observ_atacama\/thumbs\/thumbs_150502_019_K%C3%BCstenstrasse_Chanaral_blog.jpg\" data-title=\"\u00dcberschwemmung nach Starkregen in Chanaral\" data-description=\"\u00dcberschwemmung nach Starkregen in Chanaral\" >\n\t\t\t\t\t\t\t\t<img title=\"\u00dcberschwemmung nach Starkregen in Chanaral\" alt=\"\u00dcberschwemmung nach Starkregen in Chanaral\" src=\"http:\/\/www.vogel-art.de\/blog\/wp-content\/gallery\/nordchile_observ_atacama\/thumbs\/thumbs_150502_019_K%C3%BCstenstrasse_Chanaral_blog.jpg\" width='96' height='72' \/>\n\t\t\t\t\t\t\t<\/a>\n\t\t<\/div>\n\t<\/div>\n\n\t\t\t\t\t\t\t\t\t\n\t\t\n\t<div id=\"ngg-image-902\" class=\"ngg-gallery-thumbnail-box\"  >\n\t\t<div class=\"ngg-gallery-thumbnail\" >\n\t\t\t<a href=\"http:\/\/www.vogel-art.de\/blog\/wp-content\/gallery\/nordchile_observ_atacama\/150502_020_K%C3%BCstenstrasse_Chanaral_blog.jpg\"\n\t\t\t\ttitle=\"\u00dcberschwemmung nach Starkregen in Chanaral\"\n\t\t\t\tclass=\"ngg-fancybox\" rel=\"5d7dd5693697e2b9aff7754228bcdbf7\" data-image-id=\"902\" data-src=\"http:\/\/www.vogel-art.de\/blog\/wp-content\/gallery\/nordchile_observ_atacama\/150502_020_K%C3%BCstenstrasse_Chanaral_blog.jpg\" data-thumbnail=\"http:\/\/www.vogel-art.de\/blog\/wp-content\/gallery\/nordchile_observ_atacama\/thumbs\/thumbs_150502_020_K%C3%BCstenstrasse_Chanaral_blog.jpg\" data-title=\"\u00dcberschwemmung nach Starkregen in Chanaral\" data-description=\"\u00dcberschwemmung nach Starkregen in Chanaral\" >\n\t\t\t\t\t\t\t\t<img title=\"\u00dcberschwemmung nach Starkregen in Chanaral\" alt=\"\u00dcberschwemmung nach Starkregen in Chanaral\" src=\"http:\/\/www.vogel-art.de\/blog\/wp-content\/gallery\/nordchile_observ_atacama\/thumbs\/thumbs_150502_020_K%C3%BCstenstrasse_Chanaral_blog.jpg\" width='96' height='72' \/>\n\t\t\t\t\t\t\t<\/a>\n\t\t<\/div>\n\t<\/div>\n\n\t\t\t\t\t\t\t\t\t\n\t\t\n\t<div id=\"ngg-image-903\" class=\"ngg-gallery-thumbnail-box\"  >\n\t\t<div class=\"ngg-gallery-thumbnail\" >\n\t\t\t<a href=\"http:\/\/www.vogel-art.de\/blog\/wp-content\/gallery\/nordchile_observ_atacama\/150502_023_K%C3%BCstenstrasse_Chanaral_blog.jpg\"\n\t\t\t\ttitle=\"\u00dcberschwemmung nach Starkregen in Chanaral\"\n\t\t\t\tclass=\"ngg-fancybox\" rel=\"5d7dd5693697e2b9aff7754228bcdbf7\" data-image-id=\"903\" data-src=\"http:\/\/www.vogel-art.de\/blog\/wp-content\/gallery\/nordchile_observ_atacama\/150502_023_K%C3%BCstenstrasse_Chanaral_blog.jpg\" data-thumbnail=\"http:\/\/www.vogel-art.de\/blog\/wp-content\/gallery\/nordchile_observ_atacama\/thumbs\/thumbs_150502_023_K%C3%BCstenstrasse_Chanaral_blog.jpg\" data-title=\"\u00dcberschwemmung nach Starkregen in Chanaral\" data-description=\"\u00dcberschwemmung nach Starkregen in Chanaral\" >\n\t\t\t\t\t\t\t\t<img title=\"\u00dcberschwemmung nach Starkregen in Chanaral\" alt=\"\u00dcberschwemmung nach Starkregen in Chanaral\" src=\"http:\/\/www.vogel-art.de\/blog\/wp-content\/gallery\/nordchile_observ_atacama\/thumbs\/thumbs_150502_023_K%C3%BCstenstrasse_Chanaral_blog.jpg\" width='96' height='72' \/>\n\t\t\t\t\t\t\t<\/a>\n\t\t<\/div>\n\t<\/div>\n\n\t\t\t\t\t\t\t\t\t\n\t\t\n\t<div id=\"ngg-image-904\" class=\"ngg-gallery-thumbnail-box\"  >\n\t\t<div class=\"ngg-gallery-thumbnail\" >\n\t\t\t<a href=\"http:\/\/www.vogel-art.de\/blog\/wp-content\/gallery\/nordchile_observ_atacama\/150502_Kuestenstrassep176_blog.jpg\"\n\t\t\t\ttitle=\"\u00dcberschwemmung nach Starkregen in Chanaral\"\n\t\t\t\tclass=\"ngg-fancybox\" rel=\"5d7dd5693697e2b9aff7754228bcdbf7\" data-image-id=\"904\" data-src=\"http:\/\/www.vogel-art.de\/blog\/wp-content\/gallery\/nordchile_observ_atacama\/150502_Kuestenstrassep176_blog.jpg\" data-thumbnail=\"http:\/\/www.vogel-art.de\/blog\/wp-content\/gallery\/nordchile_observ_atacama\/thumbs\/thumbs_150502_Kuestenstrassep176_blog.jpg\" data-title=\"\u00dcberschwemmung nach Starkregen in Chanaral\" data-description=\"\u00dcberschwemmung nach Starkregen in Chanaral\" >\n\t\t\t\t\t\t\t\t<img title=\"\u00dcberschwemmung nach Starkregen in Chanaral\" alt=\"\u00dcberschwemmung nach Starkregen in Chanaral\" src=\"http:\/\/www.vogel-art.de\/blog\/wp-content\/gallery\/nordchile_observ_atacama\/thumbs\/thumbs_150502_Kuestenstrassep176_blog.jpg\" width='96' height='72' \/>\n\t\t\t\t\t\t\t<\/a>\n\t\t<\/div>\n\t<\/div>\n\n\t\t\t\t\t\t\t\t\t\n\t\t\n\t<div id=\"ngg-image-905\" class=\"ngg-gallery-thumbnail-box\"  >\n\t\t<div class=\"ngg-gallery-thumbnail\" >\n\t\t\t<a href=\"http:\/\/www.vogel-art.de\/blog\/wp-content\/gallery\/nordchile_observ_atacama\/150502_025_K%C3%BCstenstrasse_Chanaral_blog.jpg\"\n\t\t\t\ttitle=\"\u00dcberschwemmung nach Starkregen in Chanaral\"\n\t\t\t\tclass=\"ngg-fancybox\" rel=\"5d7dd5693697e2b9aff7754228bcdbf7\" data-image-id=\"905\" data-src=\"http:\/\/www.vogel-art.de\/blog\/wp-content\/gallery\/nordchile_observ_atacama\/150502_025_K%C3%BCstenstrasse_Chanaral_blog.jpg\" data-thumbnail=\"http:\/\/www.vogel-art.de\/blog\/wp-content\/gallery\/nordchile_observ_atacama\/thumbs\/thumbs_150502_025_K%C3%BCstenstrasse_Chanaral_blog.jpg\" data-title=\"\u00dcberschwemmung nach Starkregen in Chanaral\" data-description=\"\u00dcberschwemmung nach Starkregen in Chanaral\" >\n\t\t\t\t\t\t\t\t<img title=\"\u00dcberschwemmung nach Starkregen in Chanaral\" alt=\"\u00dcberschwemmung nach Starkregen in Chanaral\" src=\"http:\/\/www.vogel-art.de\/blog\/wp-content\/gallery\/nordchile_observ_atacama\/thumbs\/thumbs_150502_025_K%C3%BCstenstrasse_Chanaral_blog.jpg\" width='96' height='72' \/>\n\t\t\t\t\t\t\t<\/a>\n\t\t<\/div>\n\t<\/div>\n\n\t\t\t\t\t\t\t\t\t\n\t\t\n\t<div id=\"ngg-image-906\" class=\"ngg-gallery-thumbnail-box\"  >\n\t\t<div class=\"ngg-gallery-thumbnail\" >\n\t\t\t<a href=\"http:\/\/www.vogel-art.de\/blog\/wp-content\/gallery\/nordchile_observ_atacama\/150502_110_Atacama_blog.jpg\"\n\t\t\t\ttitle=\"W\u00fcste Atacama\"\n\t\t\t\tclass=\"ngg-fancybox\" rel=\"5d7dd5693697e2b9aff7754228bcdbf7\" data-image-id=\"906\" data-src=\"http:\/\/www.vogel-art.de\/blog\/wp-content\/gallery\/nordchile_observ_atacama\/150502_110_Atacama_blog.jpg\" data-thumbnail=\"http:\/\/www.vogel-art.de\/blog\/wp-content\/gallery\/nordchile_observ_atacama\/thumbs\/thumbs_150502_110_Atacama_blog.jpg\" data-title=\"W\u00fcste Atacama\" data-description=\"W\u00fcste Atacama\" >\n\t\t\t\t\t\t\t\t<img title=\"W\u00fcste Atacama\" alt=\"W\u00fcste Atacama\" src=\"http:\/\/www.vogel-art.de\/blog\/wp-content\/gallery\/nordchile_observ_atacama\/thumbs\/thumbs_150502_110_Atacama_blog.jpg\" width='96' height='72' \/>\n\t\t\t\t\t\t\t<\/a>\n\t\t<\/div>\n\t<\/div>\n\n\t\t\t\t\t\t\t\t\t\n\t\t\n\t<div id=\"ngg-image-907\" class=\"ngg-gallery-thumbnail-box\"  >\n\t\t<div class=\"ngg-gallery-thumbnail\" >\n\t\t\t<a href=\"http:\/\/www.vogel-art.de\/blog\/wp-content\/gallery\/nordchile_observ_atacama\/150502_122_Atacama_blog.jpg\"\n\t\t\t\ttitle=\"W\u00fcste Atacama\"\n\t\t\t\tclass=\"ngg-fancybox\" rel=\"5d7dd5693697e2b9aff7754228bcdbf7\" data-image-id=\"907\" data-src=\"http:\/\/www.vogel-art.de\/blog\/wp-content\/gallery\/nordchile_observ_atacama\/150502_122_Atacama_blog.jpg\" data-thumbnail=\"http:\/\/www.vogel-art.de\/blog\/wp-content\/gallery\/nordchile_observ_atacama\/thumbs\/thumbs_150502_122_Atacama_blog.jpg\" data-title=\"W\u00fcste Atacama\" data-description=\"W\u00fcste Atacama\" >\n\t\t\t\t\t\t\t\t<img title=\"W\u00fcste Atacama\" alt=\"W\u00fcste Atacama\" src=\"http:\/\/www.vogel-art.de\/blog\/wp-content\/gallery\/nordchile_observ_atacama\/thumbs\/thumbs_150502_122_Atacama_blog.jpg\" width='96' height='72' \/>\n\t\t\t\t\t\t\t<\/a>\n\t\t<\/div>\n\t<\/div>\n\n\t\t\t\t\t\t\t\t\t\n\t\t\n\t<div id=\"ngg-image-908\" class=\"ngg-gallery-thumbnail-box\"  >\n\t\t<div class=\"ngg-gallery-thumbnail\" >\n\t\t\t<a href=\"http:\/\/www.vogel-art.de\/blog\/wp-content\/gallery\/nordchile_observ_atacama\/150503__Kuestenstrasse_Taltal_p009_blog.jpg\"\n\t\t\t\ttitle=\"K\u00fcstenstrasse\"\n\t\t\t\tclass=\"ngg-fancybox\" rel=\"5d7dd5693697e2b9aff7754228bcdbf7\" data-image-id=\"908\" data-src=\"http:\/\/www.vogel-art.de\/blog\/wp-content\/gallery\/nordchile_observ_atacama\/150503__Kuestenstrasse_Taltal_p009_blog.jpg\" data-thumbnail=\"http:\/\/www.vogel-art.de\/blog\/wp-content\/gallery\/nordchile_observ_atacama\/thumbs\/thumbs_150503__Kuestenstrasse_Taltal_p009_blog.jpg\" data-title=\"K\u00fcstenstrasse\" data-description=\"K\u00fcstenstrasse\" >\n\t\t\t\t\t\t\t\t<img title=\"K\u00fcstenstrasse\" alt=\"K\u00fcstenstrasse\" src=\"http:\/\/www.vogel-art.de\/blog\/wp-content\/gallery\/nordchile_observ_atacama\/thumbs\/thumbs_150503__Kuestenstrasse_Taltal_p009_blog.jpg\" width='96' height='72' \/>\n\t\t\t\t\t\t\t<\/a>\n\t\t<\/div>\n\t<\/div>\n\n\t\t\t\t\t\t\t\t\t\n\t\t\n\t<div id=\"ngg-image-909\" class=\"ngg-gallery-thumbnail-box\"  >\n\t\t<div class=\"ngg-gallery-thumbnail\" >\n\t\t\t<a href=\"http:\/\/www.vogel-art.de\/blog\/wp-content\/gallery\/nordchile_observ_atacama\/150503__Kuestenstrasse_Taltal_p014_blog.jpg\"\n\t\t\t\ttitle=\"K\u00fcstenstrasse\"\n\t\t\t\tclass=\"ngg-fancybox\" rel=\"5d7dd5693697e2b9aff7754228bcdbf7\" data-image-id=\"909\" data-src=\"http:\/\/www.vogel-art.de\/blog\/wp-content\/gallery\/nordchile_observ_atacama\/150503__Kuestenstrasse_Taltal_p014_blog.jpg\" data-thumbnail=\"http:\/\/www.vogel-art.de\/blog\/wp-content\/gallery\/nordchile_observ_atacama\/thumbs\/thumbs_150503__Kuestenstrasse_Taltal_p014_blog.jpg\" data-title=\"K\u00fcstenstrasse\" data-description=\"K\u00fcstenstrasse\" >\n\t\t\t\t\t\t\t\t<img title=\"K\u00fcstenstrasse\" alt=\"K\u00fcstenstrasse\" src=\"http:\/\/www.vogel-art.de\/blog\/wp-content\/gallery\/nordchile_observ_atacama\/thumbs\/thumbs_150503__Kuestenstrasse_Taltal_p014_blog.jpg\" width='96' height='72' \/>\n\t\t\t\t\t\t\t<\/a>\n\t\t<\/div>\n\t<\/div>\n\n\t\t\t\t\t\t\t\t\t\n\t\t\n\t<div id=\"ngg-image-910\" class=\"ngg-gallery-thumbnail-box\"  >\n\t\t<div class=\"ngg-gallery-thumbnail\" >\n\t\t\t<a href=\"http:\/\/www.vogel-art.de\/blog\/wp-content\/gallery\/nordchile_observ_atacama\/150503__Kuestenstrasse_Taltal_p015_blog.jpg\"\n\t\t\t\ttitle=\"K\u00fcstenstrasse\"\n\t\t\t\tclass=\"ngg-fancybox\" rel=\"5d7dd5693697e2b9aff7754228bcdbf7\" data-image-id=\"910\" data-src=\"http:\/\/www.vogel-art.de\/blog\/wp-content\/gallery\/nordchile_observ_atacama\/150503__Kuestenstrasse_Taltal_p015_blog.jpg\" data-thumbnail=\"http:\/\/www.vogel-art.de\/blog\/wp-content\/gallery\/nordchile_observ_atacama\/thumbs\/thumbs_150503__Kuestenstrasse_Taltal_p015_blog.jpg\" data-title=\"K\u00fcstenstrasse\" data-description=\"K\u00fcstenstrasse\" >\n\t\t\t\t\t\t\t\t<img title=\"K\u00fcstenstrasse\" alt=\"K\u00fcstenstrasse\" src=\"http:\/\/www.vogel-art.de\/blog\/wp-content\/gallery\/nordchile_observ_atacama\/thumbs\/thumbs_150503__Kuestenstrasse_Taltal_p015_blog.jpg\" width='96' height='72' \/>\n\t\t\t\t\t\t\t<\/a>\n\t\t<\/div>\n\t<\/div>\n\n\t\t\t\t\t\t\t\t\t\n\t\t\n\t<div id=\"ngg-image-911\" class=\"ngg-gallery-thumbnail-box\"  >\n\t\t<div class=\"ngg-gallery-thumbnail\" >\n\t\t\t<a href=\"http:\/\/www.vogel-art.de\/blog\/wp-content\/gallery\/nordchile_observ_atacama\/150503__Kuestenstrasse_Taltal_p019_blog.jpg\"\n\t\t\t\ttitle=\"K\u00fcstenstrasse\"\n\t\t\t\tclass=\"ngg-fancybox\" rel=\"5d7dd5693697e2b9aff7754228bcdbf7\" data-image-id=\"911\" data-src=\"http:\/\/www.vogel-art.de\/blog\/wp-content\/gallery\/nordchile_observ_atacama\/150503__Kuestenstrasse_Taltal_p019_blog.jpg\" data-thumbnail=\"http:\/\/www.vogel-art.de\/blog\/wp-content\/gallery\/nordchile_observ_atacama\/thumbs\/thumbs_150503__Kuestenstrasse_Taltal_p019_blog.jpg\" data-title=\"K\u00fcstenstrasse\" data-description=\"K\u00fcstenstrasse\" >\n\t\t\t\t\t\t\t\t<img title=\"K\u00fcstenstrasse\" alt=\"K\u00fcstenstrasse\" src=\"http:\/\/www.vogel-art.de\/blog\/wp-content\/gallery\/nordchile_observ_atacama\/thumbs\/thumbs_150503__Kuestenstrasse_Taltal_p019_blog.jpg\" width='96' height='72' \/>\n\t\t\t\t\t\t\t<\/a>\n\t\t<\/div>\n\t<\/div>\n\n\t\t\t\t\t\t\t\t\t\n\t\t\n\t<div id=\"ngg-image-912\" class=\"ngg-gallery-thumbnail-box\"  >\n\t\t<div class=\"ngg-gallery-thumbnail\" >\n\t\t\t<a href=\"http:\/\/www.vogel-art.de\/blog\/wp-content\/gallery\/nordchile_observ_atacama\/150503_Atacama_ObservParanalp004_blog.jpg\"\n\t\t\t\ttitle=\"Observatorium Paranal s\u00fcdlich von Antofagasta\"\n\t\t\t\tclass=\"ngg-fancybox\" rel=\"5d7dd5693697e2b9aff7754228bcdbf7\" data-image-id=\"912\" data-src=\"http:\/\/www.vogel-art.de\/blog\/wp-content\/gallery\/nordchile_observ_atacama\/150503_Atacama_ObservParanalp004_blog.jpg\" data-thumbnail=\"http:\/\/www.vogel-art.de\/blog\/wp-content\/gallery\/nordchile_observ_atacama\/thumbs\/thumbs_150503_Atacama_ObservParanalp004_blog.jpg\" data-title=\"Observatorium Paranal s\u00fcdlich von Antofagasta\" data-description=\"Observatorium Paranal s\u00fcdlich von Antofagasta\" >\n\t\t\t\t\t\t\t\t<img title=\"Observatorium Paranal s\u00fcdlich von Antofagasta\" alt=\"Observatorium Paranal s\u00fcdlich von Antofagasta\" src=\"http:\/\/www.vogel-art.de\/blog\/wp-content\/gallery\/nordchile_observ_atacama\/thumbs\/thumbs_150503_Atacama_ObservParanalp004_blog.jpg\" width='96' height='72' \/>\n\t\t\t\t\t\t\t<\/a>\n\t\t<\/div>\n\t<\/div>\n\n\t\t\t\t\t\t\t\t\t\n\t\t\n\t<div id=\"ngg-image-913\" class=\"ngg-gallery-thumbnail-box\"  >\n\t\t<div class=\"ngg-gallery-thumbnail\" >\n\t\t\t<a href=\"http:\/\/www.vogel-art.de\/blog\/wp-content\/gallery\/nordchile_observ_atacama\/150503_045_Atacama_ObervParanal_blog.jpg\"\n\t\t\t\ttitle=\"Observatorium Paranal s\u00fcdlich von Antofagasta\"\n\t\t\t\tclass=\"ngg-fancybox\" rel=\"5d7dd5693697e2b9aff7754228bcdbf7\" data-image-id=\"913\" data-src=\"http:\/\/www.vogel-art.de\/blog\/wp-content\/gallery\/nordchile_observ_atacama\/150503_045_Atacama_ObervParanal_blog.jpg\" data-thumbnail=\"http:\/\/www.vogel-art.de\/blog\/wp-content\/gallery\/nordchile_observ_atacama\/thumbs\/thumbs_150503_045_Atacama_ObervParanal_blog.jpg\" data-title=\"Observatorium Paranal s\u00fcdlich von Antofagasta\" data-description=\"Observatorium Paranal s\u00fcdlich von Antofagasta\" >\n\t\t\t\t\t\t\t\t<img title=\"Observatorium Paranal s\u00fcdlich von Antofagasta\" alt=\"Observatorium Paranal s\u00fcdlich von Antofagasta\" src=\"http:\/\/www.vogel-art.de\/blog\/wp-content\/gallery\/nordchile_observ_atacama\/thumbs\/thumbs_150503_045_Atacama_ObervParanal_blog.jpg\" width='96' height='72' \/>\n\t\t\t\t\t\t\t<\/a>\n\t\t<\/div>\n\t<\/div>\n\n\t\t\t\t\t\t\t\t\t\n\t\t\n\t<div id=\"ngg-image-914\" class=\"ngg-gallery-thumbnail-box\"  >\n\t\t<div class=\"ngg-gallery-thumbnail\" >\n\t\t\t<a href=\"http:\/\/www.vogel-art.de\/blog\/wp-content\/gallery\/nordchile_observ_atacama\/150503_068_Atacama_ObervParanal_blog.jpg\"\n\t\t\t\ttitle=\"Observatorium Paranal s\u00fcdlich von Antofagasta\"\n\t\t\t\tclass=\"ngg-fancybox\" rel=\"5d7dd5693697e2b9aff7754228bcdbf7\" data-image-id=\"914\" data-src=\"http:\/\/www.vogel-art.de\/blog\/wp-content\/gallery\/nordchile_observ_atacama\/150503_068_Atacama_ObervParanal_blog.jpg\" data-thumbnail=\"http:\/\/www.vogel-art.de\/blog\/wp-content\/gallery\/nordchile_observ_atacama\/thumbs\/thumbs_150503_068_Atacama_ObervParanal_blog.jpg\" data-title=\"Observatorium Paranal s\u00fcdlich von Antofagasta\" data-description=\"Observatorium Paranal s\u00fcdlich von Antofagasta\" >\n\t\t\t\t\t\t\t\t<img title=\"Observatorium Paranal s\u00fcdlich von Antofagasta\" alt=\"Observatorium Paranal s\u00fcdlich von Antofagasta\" src=\"http:\/\/www.vogel-art.de\/blog\/wp-content\/gallery\/nordchile_observ_atacama\/thumbs\/thumbs_150503_068_Atacama_ObervParanal_blog.jpg\" width='96' height='72' \/>\n\t\t\t\t\t\t\t<\/a>\n\t\t<\/div>\n\t<\/div>\n\n\t\t\t\t\t\t\t\t\t\n\t\t\n\t<div id=\"ngg-image-915\" class=\"ngg-gallery-thumbnail-box\"  >\n\t\t<div class=\"ngg-gallery-thumbnail\" >\n\t\t\t<a href=\"http:\/\/www.vogel-art.de\/blog\/wp-content\/gallery\/nordchile_observ_atacama\/150503_072_Atacama_ObervParanal_blog.jpg\"\n\t\t\t\ttitle=\"Observatorium Paranal s\u00fcdlich von Antofagasta\"\n\t\t\t\tclass=\"ngg-fancybox\" rel=\"5d7dd5693697e2b9aff7754228bcdbf7\" data-image-id=\"915\" data-src=\"http:\/\/www.vogel-art.de\/blog\/wp-content\/gallery\/nordchile_observ_atacama\/150503_072_Atacama_ObervParanal_blog.jpg\" data-thumbnail=\"http:\/\/www.vogel-art.de\/blog\/wp-content\/gallery\/nordchile_observ_atacama\/thumbs\/thumbs_150503_072_Atacama_ObervParanal_blog.jpg\" data-title=\"Observatorium Paranal s\u00fcdlich von Antofagasta\" data-description=\"Observatorium Paranal s\u00fcdlich von Antofagasta\" >\n\t\t\t\t\t\t\t\t<img title=\"Observatorium Paranal s\u00fcdlich von Antofagasta\" alt=\"Observatorium Paranal s\u00fcdlich von Antofagasta\" src=\"http:\/\/www.vogel-art.de\/blog\/wp-content\/gallery\/nordchile_observ_atacama\/thumbs\/thumbs_150503_072_Atacama_ObervParanal_blog.jpg\" width='96' height='72' \/>\n\t\t\t\t\t\t\t<\/a>\n\t\t<\/div>\n\t<\/div>\n\n\t\t\t\t\t\t\t\t\t\n\t\t\n\t<div id=\"ngg-image-916\" class=\"ngg-gallery-thumbnail-box\"  >\n\t\t<div class=\"ngg-gallery-thumbnail\" >\n\t\t\t<a href=\"http:\/\/www.vogel-art.de\/blog\/wp-content\/gallery\/nordchile_observ_atacama\/150504_076_Atacama_ObervParanal_blog.jpg\"\n\t\t\t\ttitle=\"Observatorium Paranal s\u00fcdlich von Antofagasta\"\n\t\t\t\tclass=\"ngg-fancybox\" rel=\"5d7dd5693697e2b9aff7754228bcdbf7\" data-image-id=\"916\" data-src=\"http:\/\/www.vogel-art.de\/blog\/wp-content\/gallery\/nordchile_observ_atacama\/150504_076_Atacama_ObervParanal_blog.jpg\" data-thumbnail=\"http:\/\/www.vogel-art.de\/blog\/wp-content\/gallery\/nordchile_observ_atacama\/thumbs\/thumbs_150504_076_Atacama_ObervParanal_blog.jpg\" data-title=\"Observatorium Paranal s\u00fcdlich von Antofagasta\" data-description=\"Observatorium Paranal s\u00fcdlich von Antofagasta\" >\n\t\t\t\t\t\t\t\t<img title=\"Observatorium Paranal s\u00fcdlich von Antofagasta\" alt=\"Observatorium Paranal s\u00fcdlich von Antofagasta\" src=\"http:\/\/www.vogel-art.de\/blog\/wp-content\/gallery\/nordchile_observ_atacama\/thumbs\/thumbs_150504_076_Atacama_ObervParanal_blog.jpg\" width='96' height='72' \/>\n\t\t\t\t\t\t\t<\/a>\n\t\t<\/div>\n\t<\/div>\n\n\t\t\t\t\t\t\t\t\t\n\t\t\n\t<div id=\"ngg-image-917\" class=\"ngg-gallery-thumbnail-box\"  >\n\t\t<div class=\"ngg-gallery-thumbnail\" >\n\t\t\t<a href=\"http:\/\/www.vogel-art.de\/blog\/wp-content\/gallery\/nordchile_observ_atacama\/150504_080_Atacama_ObervParanal_blog.jpg\"\n\t\t\t\ttitle=\"Observatorium Paranal s\u00fcdlich von Antofagasta\"\n\t\t\t\tclass=\"ngg-fancybox\" rel=\"5d7dd5693697e2b9aff7754228bcdbf7\" data-image-id=\"917\" data-src=\"http:\/\/www.vogel-art.de\/blog\/wp-content\/gallery\/nordchile_observ_atacama\/150504_080_Atacama_ObervParanal_blog.jpg\" data-thumbnail=\"http:\/\/www.vogel-art.de\/blog\/wp-content\/gallery\/nordchile_observ_atacama\/thumbs\/thumbs_150504_080_Atacama_ObervParanal_blog.jpg\" data-title=\"Observatorium Paranal s\u00fcdlich von Antofagasta\" data-description=\"Observatorium Paranal s\u00fcdlich von Antofagasta\" >\n\t\t\t\t\t\t\t\t<img title=\"Observatorium Paranal s\u00fcdlich von Antofagasta\" alt=\"Observatorium Paranal s\u00fcdlich von Antofagasta\" src=\"http:\/\/www.vogel-art.de\/blog\/wp-content\/gallery\/nordchile_observ_atacama\/thumbs\/thumbs_150504_080_Atacama_ObervParanal_blog.jpg\" width='96' height='72' \/>\n\t\t\t\t\t\t\t<\/a>\n\t\t<\/div>\n\t<\/div>\n\n\t\t\t\t\t\t\t\t\t\n\t\t\n\t<div id=\"ngg-image-918\" class=\"ngg-gallery-thumbnail-box\"  >\n\t\t<div class=\"ngg-gallery-thumbnail\" >\n\t\t\t<a href=\"http:\/\/www.vogel-art.de\/blog\/wp-content\/gallery\/nordchile_observ_atacama\/150504_087_Atacama_ObervParanal_blog.jpg\"\n\t\t\t\ttitle=\"Observatorium Paranal s\u00fcdlich von Antofagasta\"\n\t\t\t\tclass=\"ngg-fancybox\" rel=\"5d7dd5693697e2b9aff7754228bcdbf7\" data-image-id=\"918\" data-src=\"http:\/\/www.vogel-art.de\/blog\/wp-content\/gallery\/nordchile_observ_atacama\/150504_087_Atacama_ObervParanal_blog.jpg\" data-thumbnail=\"http:\/\/www.vogel-art.de\/blog\/wp-content\/gallery\/nordchile_observ_atacama\/thumbs\/thumbs_150504_087_Atacama_ObervParanal_blog.jpg\" data-title=\"Observatorium Paranal s\u00fcdlich von Antofagasta\" data-description=\"Observatorium Paranal s\u00fcdlich von Antofagasta\" >\n\t\t\t\t\t\t\t\t<img title=\"Observatorium Paranal s\u00fcdlich von Antofagasta\" alt=\"Observatorium Paranal s\u00fcdlich von Antofagasta\" src=\"http:\/\/www.vogel-art.de\/blog\/wp-content\/gallery\/nordchile_observ_atacama\/thumbs\/thumbs_150504_087_Atacama_ObervParanal_blog.jpg\" width='96' height='72' \/>\n\t\t\t\t\t\t\t<\/a>\n\t\t<\/div>\n\t<\/div>\n\n\t\t\t\t\t\t\t\t\t\n\t\t\n\t<div id=\"ngg-image-920\" class=\"ngg-gallery-thumbnail-box\"  >\n\t\t<div class=\"ngg-gallery-thumbnail\" >\n\t\t\t<a href=\"http:\/\/www.vogel-art.de\/blog\/wp-content\/gallery\/nordchile_observ_atacama\/150504_100_Atacama_ObervParanal_blog.jpg\"\n\t\t\t\ttitle=\"Observatorium Paranal s\u00fcdlich von Antofagasta\"\n\t\t\t\tclass=\"ngg-fancybox\" rel=\"5d7dd5693697e2b9aff7754228bcdbf7\" data-image-id=\"920\" data-src=\"http:\/\/www.vogel-art.de\/blog\/wp-content\/gallery\/nordchile_observ_atacama\/150504_100_Atacama_ObervParanal_blog.jpg\" data-thumbnail=\"http:\/\/www.vogel-art.de\/blog\/wp-content\/gallery\/nordchile_observ_atacama\/thumbs\/thumbs_150504_100_Atacama_ObervParanal_blog.jpg\" data-title=\"Observatorium Paranal s\u00fcdlich von Antofagasta\" data-description=\"Observatorium Paranal s\u00fcdlich von Antofagasta\" >\n\t\t\t\t\t\t\t\t<img title=\"Observatorium Paranal s\u00fcdlich von Antofagasta\" alt=\"Observatorium Paranal s\u00fcdlich von Antofagasta\" src=\"http:\/\/www.vogel-art.de\/blog\/wp-content\/gallery\/nordchile_observ_atacama\/thumbs\/thumbs_150504_100_Atacama_ObervParanal_blog.jpg\" width='96' height='72' \/>\n\t\t\t\t\t\t\t<\/a>\n\t\t<\/div>\n\t<\/div>\n\n\t\t\t\t\t\t\t\t\t\n\t\t\n\t<div id=\"ngg-image-919\" class=\"ngg-gallery-thumbnail-box\"  >\n\t\t<div class=\"ngg-gallery-thumbnail\" >\n\t\t\t<a href=\"http:\/\/www.vogel-art.de\/blog\/wp-content\/gallery\/nordchile_observ_atacama\/150504_Atacama_ObservParanalp020_blog.jpg\"\n\t\t\t\ttitle=\"Observatorium Paranal s\u00fcdlich von Antofagasta\"\n\t\t\t\tclass=\"ngg-fancybox\" rel=\"5d7dd5693697e2b9aff7754228bcdbf7\" data-image-id=\"919\" data-src=\"http:\/\/www.vogel-art.de\/blog\/wp-content\/gallery\/nordchile_observ_atacama\/150504_Atacama_ObservParanalp020_blog.jpg\" data-thumbnail=\"http:\/\/www.vogel-art.de\/blog\/wp-content\/gallery\/nordchile_observ_atacama\/thumbs\/thumbs_150504_Atacama_ObservParanalp020_blog.jpg\" data-title=\"Observatorium Paranal s\u00fcdlich von Antofagasta\" data-description=\"Observatorium Paranal s\u00fcdlich von Antofagasta\" >\n\t\t\t\t\t\t\t\t<img title=\"Observatorium Paranal s\u00fcdlich von Antofagasta\" alt=\"Observatorium Paranal s\u00fcdlich von Antofagasta\" src=\"http:\/\/www.vogel-art.de\/blog\/wp-content\/gallery\/nordchile_observ_atacama\/thumbs\/thumbs_150504_Atacama_ObservParanalp020_blog.jpg\" width='96' height='72' \/>\n\t\t\t\t\t\t\t<\/a>\n\t\t<\/div>\n\t<\/div>\n\n\t\t\t\t\t\t\t\t\t\n\t\t\n\t<div id=\"ngg-image-921\" class=\"ngg-gallery-thumbnail-box\"  >\n\t\t<div class=\"ngg-gallery-thumbnail\" >\n\t\t\t<a href=\"http:\/\/www.vogel-art.de\/blog\/wp-content\/gallery\/nordchile_observ_atacama\/150504_210_Atacama_blog.jpg\"\n\t\t\t\ttitle=\"Gedenkst\u00e4tte in der W\u00fcste\"\n\t\t\t\tclass=\"ngg-fancybox\" rel=\"5d7dd5693697e2b9aff7754228bcdbf7\" data-image-id=\"921\" data-src=\"http:\/\/www.vogel-art.de\/blog\/wp-content\/gallery\/nordchile_observ_atacama\/150504_210_Atacama_blog.jpg\" data-thumbnail=\"http:\/\/www.vogel-art.de\/blog\/wp-content\/gallery\/nordchile_observ_atacama\/thumbs\/thumbs_150504_210_Atacama_blog.jpg\" data-title=\"Gedenkst\u00e4tte in der W\u00fcste\" data-description=\"Gedenkst\u00e4tte in der W\u00fcste\" >\n\t\t\t\t\t\t\t\t<img title=\"Gedenkst\u00e4tte in der W\u00fcste\" alt=\"Gedenkst\u00e4tte in der W\u00fcste\" src=\"http:\/\/www.vogel-art.de\/blog\/wp-content\/gallery\/nordchile_observ_atacama\/thumbs\/thumbs_150504_210_Atacama_blog.jpg\" width='96' height='72' \/>\n\t\t\t\t\t\t\t<\/a>\n\t\t<\/div>\n\t<\/div>\n\n\t\t\t\t\t\t\t\t\t\n\t\t\n\t<div id=\"ngg-image-922\" class=\"ngg-gallery-thumbnail-box\"  >\n\t\t<div class=\"ngg-gallery-thumbnail\" >\n\t\t\t<a href=\"http:\/\/www.vogel-art.de\/blog\/wp-content\/gallery\/nordchile_observ_atacama\/150505_Atacama_Reifenpannep011_blog.jpg\"\n\t\t\t\ttitle=\"Wieder mal Reifenwechsel...\"\n\t\t\t\tclass=\"ngg-fancybox\" rel=\"5d7dd5693697e2b9aff7754228bcdbf7\" data-image-id=\"922\" data-src=\"http:\/\/www.vogel-art.de\/blog\/wp-content\/gallery\/nordchile_observ_atacama\/150505_Atacama_Reifenpannep011_blog.jpg\" data-thumbnail=\"http:\/\/www.vogel-art.de\/blog\/wp-content\/gallery\/nordchile_observ_atacama\/thumbs\/thumbs_150505_Atacama_Reifenpannep011_blog.jpg\" data-title=\"Wieder mal Reifenwechsel...\" data-description=\"Wieder mal Reifenwechsel...\" >\n\t\t\t\t\t\t\t\t<img title=\"Wieder mal Reifenwechsel...\" alt=\"Wieder mal Reifenwechsel...\" src=\"http:\/\/www.vogel-art.de\/blog\/wp-content\/gallery\/nordchile_observ_atacama\/thumbs\/thumbs_150505_Atacama_Reifenpannep011_blog.jpg\" width='96' height='72' \/>\n\t\t\t\t\t\t\t<\/a>\n\t\t<\/div>\n\t<\/div>\n\n\t\t\t\t\t\t\t\t\t\n\t\t\n\t<div id=\"ngg-image-923\" class=\"ngg-gallery-thumbnail-box\"  >\n\t\t<div class=\"ngg-gallery-thumbnail\" >\n\t\t\t<a href=\"http:\/\/www.vogel-art.de\/blog\/wp-content\/gallery\/nordchile_observ_atacama\/150505_Atacama_Reifenpannep013_blog.jpg\"\n\t\t\t\ttitle=\"Wieder mal Reifenwechsel...\"\n\t\t\t\tclass=\"ngg-fancybox\" rel=\"5d7dd5693697e2b9aff7754228bcdbf7\" data-image-id=\"923\" data-src=\"http:\/\/www.vogel-art.de\/blog\/wp-content\/gallery\/nordchile_observ_atacama\/150505_Atacama_Reifenpannep013_blog.jpg\" data-thumbnail=\"http:\/\/www.vogel-art.de\/blog\/wp-content\/gallery\/nordchile_observ_atacama\/thumbs\/thumbs_150505_Atacama_Reifenpannep013_blog.jpg\" data-title=\"Wieder mal Reifenwechsel...\" data-description=\"Wieder mal Reifenwechsel...\" >\n\t\t\t\t\t\t\t\t<img title=\"Wieder mal Reifenwechsel...\" alt=\"Wieder mal Reifenwechsel...\" src=\"http:\/\/www.vogel-art.de\/blog\/wp-content\/gallery\/nordchile_observ_atacama\/thumbs\/thumbs_150505_Atacama_Reifenpannep013_blog.jpg\" width='96' height='72' \/>\n\t\t\t\t\t\t\t<\/a>\n\t\t<\/div>\n\t<\/div>\n\n\t\t\t\t\t\t\t\t\t\n\t\t\n\t<div id=\"ngg-image-924\" class=\"ngg-gallery-thumbnail-box\"  >\n\t\t<div class=\"ngg-gallery-thumbnail\" >\n\t\t\t<a href=\"http:\/\/www.vogel-art.de\/blog\/wp-content\/gallery\/nordchile_observ_atacama\/150505_Atacama_Reifenpannep056_blog.jpg\"\n\t\t\t\ttitle=\"Wieder mal Reifenwechsel...\"\n\t\t\t\tclass=\"ngg-fancybox\" rel=\"5d7dd5693697e2b9aff7754228bcdbf7\" data-image-id=\"924\" data-src=\"http:\/\/www.vogel-art.de\/blog\/wp-content\/gallery\/nordchile_observ_atacama\/150505_Atacama_Reifenpannep056_blog.jpg\" data-thumbnail=\"http:\/\/www.vogel-art.de\/blog\/wp-content\/gallery\/nordchile_observ_atacama\/thumbs\/thumbs_150505_Atacama_Reifenpannep056_blog.jpg\" data-title=\"Wieder mal Reifenwechsel...\" data-description=\"Wieder mal Reifenwechsel...\" >\n\t\t\t\t\t\t\t\t<img title=\"Wieder mal Reifenwechsel...\" alt=\"Wieder mal Reifenwechsel...\" src=\"http:\/\/www.vogel-art.de\/blog\/wp-content\/gallery\/nordchile_observ_atacama\/thumbs\/thumbs_150505_Atacama_Reifenpannep056_blog.jpg\" width='96' height='72' \/>\n\t\t\t\t\t\t\t<\/a>\n\t\t<\/div>\n\t<\/div>\n\n\t\t\t\t\t\t\t\t\t\n\t\t\n\t<div id=\"ngg-image-934\" class=\"ngg-gallery-thumbnail-box\"  >\n\t\t<div class=\"ngg-gallery-thumbnail\" >\n\t\t\t<a href=\"http:\/\/www.vogel-art.de\/blog\/wp-content\/gallery\/nordchile_observ_atacama\/150506_Atacama-SanPedrop010_blog.jpg\"\n\t\t\t\ttitle=\"Wieder mal Reifenwechsel...\"\n\t\t\t\tclass=\"ngg-fancybox\" rel=\"5d7dd5693697e2b9aff7754228bcdbf7\" data-image-id=\"934\" data-src=\"http:\/\/www.vogel-art.de\/blog\/wp-content\/gallery\/nordchile_observ_atacama\/150506_Atacama-SanPedrop010_blog.jpg\" data-thumbnail=\"http:\/\/www.vogel-art.de\/blog\/wp-content\/gallery\/nordchile_observ_atacama\/thumbs\/thumbs_150506_Atacama-SanPedrop010_blog.jpg\" data-title=\"Wieder mal Reifenwechsel...\" data-description=\"Wieder mal Reifenwechsel...\" >\n\t\t\t\t\t\t\t\t<img title=\"Wieder mal Reifenwechsel...\" alt=\"Wieder mal Reifenwechsel...\" src=\"http:\/\/www.vogel-art.de\/blog\/wp-content\/gallery\/nordchile_observ_atacama\/thumbs\/thumbs_150506_Atacama-SanPedrop010_blog.jpg\" width='96' height='72' \/>\n\t\t\t\t\t\t\t<\/a>\n\t\t<\/div>\n\t<\/div>\n\n\t\t\t\t\t\t\t\t\t\n\t\t\n\t<div id=\"ngg-image-925\" class=\"ngg-gallery-thumbnail-box\"  >\n\t\t<div class=\"ngg-gallery-thumbnail\" >\n\t\t\t<a href=\"http:\/\/www.vogel-art.de\/blog\/wp-content\/gallery\/nordchile_observ_atacama\/150505_001_Atacama_Chacabuco_blog.jpg\"\n\t\t\t\ttitle=\"Chacabuco: ehemalige Salpetermine, sp\u00e4ter Gefangenenlager unter Pinochet\"\n\t\t\t\tclass=\"ngg-fancybox\" rel=\"5d7dd5693697e2b9aff7754228bcdbf7\" data-image-id=\"925\" data-src=\"http:\/\/www.vogel-art.de\/blog\/wp-content\/gallery\/nordchile_observ_atacama\/150505_001_Atacama_Chacabuco_blog.jpg\" data-thumbnail=\"http:\/\/www.vogel-art.de\/blog\/wp-content\/gallery\/nordchile_observ_atacama\/thumbs\/thumbs_150505_001_Atacama_Chacabuco_blog.jpg\" data-title=\"Chacabuco: ehemalige Salpetermine, sp\u00e4ter Gefangenenlager unter Pinochet\" data-description=\"Chacabuco: ehemalige Salpetermine, sp\u00e4ter Gefangenenlager unter Pinochet\" >\n\t\t\t\t\t\t\t\t<img title=\"Chacabuco: ehemalige Salpetermine, sp\u00e4ter Gefangenenlager unter Pinochet\" alt=\"Chacabuco: ehemalige Salpetermine, sp\u00e4ter Gefangenenlager unter Pinochet\" src=\"http:\/\/www.vogel-art.de\/blog\/wp-content\/gallery\/nordchile_observ_atacama\/thumbs\/thumbs_150505_001_Atacama_Chacabuco_blog.jpg\" width='96' height='72' \/>\n\t\t\t\t\t\t\t<\/a>\n\t\t<\/div>\n\t<\/div>\n\n\t\t\t\t\t\t\t\t\t\n\t\t\n\t<div id=\"ngg-image-926\" class=\"ngg-gallery-thumbnail-box\"  >\n\t\t<div class=\"ngg-gallery-thumbnail\" >\n\t\t\t<a href=\"http:\/\/www.vogel-art.de\/blog\/wp-content\/gallery\/nordchile_observ_atacama\/150505_002_Atacama_Chacabuco_blog.jpg\"\n\t\t\t\ttitle=\"Chacabuco: ehemalige Salpetermine, sp\u00e4ter Gefangenenlager unter Pinochet\"\n\t\t\t\tclass=\"ngg-fancybox\" rel=\"5d7dd5693697e2b9aff7754228bcdbf7\" data-image-id=\"926\" data-src=\"http:\/\/www.vogel-art.de\/blog\/wp-content\/gallery\/nordchile_observ_atacama\/150505_002_Atacama_Chacabuco_blog.jpg\" data-thumbnail=\"http:\/\/www.vogel-art.de\/blog\/wp-content\/gallery\/nordchile_observ_atacama\/thumbs\/thumbs_150505_002_Atacama_Chacabuco_blog.jpg\" data-title=\"Chacabuco: ehemalige Salpetermine, sp\u00e4ter Gefangenenlager unter Pinochet\" data-description=\"Chacabuco: ehemalige Salpetermine, sp\u00e4ter Gefangenenlager unter Pinochet\" >\n\t\t\t\t\t\t\t\t<img title=\"Chacabuco: ehemalige Salpetermine, sp\u00e4ter Gefangenenlager unter Pinochet\" alt=\"Chacabuco: ehemalige Salpetermine, sp\u00e4ter Gefangenenlager unter Pinochet\" src=\"http:\/\/www.vogel-art.de\/blog\/wp-content\/gallery\/nordchile_observ_atacama\/thumbs\/thumbs_150505_002_Atacama_Chacabuco_blog.jpg\" width='96' height='72' \/>\n\t\t\t\t\t\t\t<\/a>\n\t\t<\/div>\n\t<\/div>\n\n\t\t\t\t\t\t\t\t\t\n\t\t\n\t<div id=\"ngg-image-927\" class=\"ngg-gallery-thumbnail-box\"  >\n\t\t<div class=\"ngg-gallery-thumbnail\" >\n\t\t\t<a href=\"http:\/\/www.vogel-art.de\/blog\/wp-content\/gallery\/nordchile_observ_atacama\/150505_022_Atacama_Chacabuco_blog.jpg\"\n\t\t\t\ttitle=\"Chacabuco: ehemalige Salpetermine, sp\u00e4ter Gefangenenlager unter Pinochet\"\n\t\t\t\tclass=\"ngg-fancybox\" rel=\"5d7dd5693697e2b9aff7754228bcdbf7\" data-image-id=\"927\" data-src=\"http:\/\/www.vogel-art.de\/blog\/wp-content\/gallery\/nordchile_observ_atacama\/150505_022_Atacama_Chacabuco_blog.jpg\" data-thumbnail=\"http:\/\/www.vogel-art.de\/blog\/wp-content\/gallery\/nordchile_observ_atacama\/thumbs\/thumbs_150505_022_Atacama_Chacabuco_blog.jpg\" data-title=\"Chacabuco: ehemalige Salpetermine, sp\u00e4ter Gefangenenlager unter Pinochet\" data-description=\"Chacabuco: ehemalige Salpetermine, sp\u00e4ter Gefangenenlager unter Pinochet\" >\n\t\t\t\t\t\t\t\t<img title=\"Chacabuco: ehemalige Salpetermine, sp\u00e4ter Gefangenenlager unter Pinochet\" alt=\"Chacabuco: ehemalige Salpetermine, sp\u00e4ter Gefangenenlager unter Pinochet\" src=\"http:\/\/www.vogel-art.de\/blog\/wp-content\/gallery\/nordchile_observ_atacama\/thumbs\/thumbs_150505_022_Atacama_Chacabuco_blog.jpg\" width='96' height='72' \/>\n\t\t\t\t\t\t\t<\/a>\n\t\t<\/div>\n\t<\/div>\n\n\t\t\t\t\t\t\t\t\t\n\t\t\n\t<div id=\"ngg-image-928\" class=\"ngg-gallery-thumbnail-box\"  >\n\t\t<div class=\"ngg-gallery-thumbnail\" >\n\t\t\t<a href=\"http:\/\/www.vogel-art.de\/blog\/wp-content\/gallery\/nordchile_observ_atacama\/150505_043_Atacama_Chacabuco_blog.jpg\"\n\t\t\t\ttitle=\"Chacabuco: ehemalige Salpetermine, sp\u00e4ter Gefangenenlager unter Pinochet\"\n\t\t\t\tclass=\"ngg-fancybox\" rel=\"5d7dd5693697e2b9aff7754228bcdbf7\" data-image-id=\"928\" data-src=\"http:\/\/www.vogel-art.de\/blog\/wp-content\/gallery\/nordchile_observ_atacama\/150505_043_Atacama_Chacabuco_blog.jpg\" data-thumbnail=\"http:\/\/www.vogel-art.de\/blog\/wp-content\/gallery\/nordchile_observ_atacama\/thumbs\/thumbs_150505_043_Atacama_Chacabuco_blog.jpg\" data-title=\"Chacabuco: ehemalige Salpetermine, sp\u00e4ter Gefangenenlager unter Pinochet\" data-description=\"Chacabuco: ehemalige Salpetermine, sp\u00e4ter Gefangenenlager unter Pinochet\" >\n\t\t\t\t\t\t\t\t<img title=\"Chacabuco: ehemalige Salpetermine, sp\u00e4ter Gefangenenlager unter Pinochet\" alt=\"Chacabuco: ehemalige Salpetermine, sp\u00e4ter Gefangenenlager unter Pinochet\" src=\"http:\/\/www.vogel-art.de\/blog\/wp-content\/gallery\/nordchile_observ_atacama\/thumbs\/thumbs_150505_043_Atacama_Chacabuco_blog.jpg\" width='96' height='72' \/>\n\t\t\t\t\t\t\t<\/a>\n\t\t<\/div>\n\t<\/div>\n\n\t\t\t\t\t\t\t\t\t\n\t\t\n\t<div id=\"ngg-image-929\" class=\"ngg-gallery-thumbnail-box\"  >\n\t\t<div class=\"ngg-gallery-thumbnail\" >\n\t\t\t<a href=\"http:\/\/www.vogel-art.de\/blog\/wp-content\/gallery\/nordchile_observ_atacama\/150505_044_Atacama_Chacabuco_blog.jpg\"\n\t\t\t\ttitle=\"Chacabuco: ehemalige Salpetermine, sp\u00e4ter Gefangenenlager unter Pinochet\"\n\t\t\t\tclass=\"ngg-fancybox\" rel=\"5d7dd5693697e2b9aff7754228bcdbf7\" data-image-id=\"929\" data-src=\"http:\/\/www.vogel-art.de\/blog\/wp-content\/gallery\/nordchile_observ_atacama\/150505_044_Atacama_Chacabuco_blog.jpg\" data-thumbnail=\"http:\/\/www.vogel-art.de\/blog\/wp-content\/gallery\/nordchile_observ_atacama\/thumbs\/thumbs_150505_044_Atacama_Chacabuco_blog.jpg\" data-title=\"Chacabuco: ehemalige Salpetermine, sp\u00e4ter Gefangenenlager unter Pinochet\" data-description=\"Chacabuco: ehemalige Salpetermine, sp\u00e4ter Gefangenenlager unter Pinochet\" >\n\t\t\t\t\t\t\t\t<img title=\"Chacabuco: ehemalige Salpetermine, sp\u00e4ter Gefangenenlager unter Pinochet\" alt=\"Chacabuco: ehemalige Salpetermine, sp\u00e4ter Gefangenenlager unter Pinochet\" src=\"http:\/\/www.vogel-art.de\/blog\/wp-content\/gallery\/nordchile_observ_atacama\/thumbs\/thumbs_150505_044_Atacama_Chacabuco_blog.jpg\" width='96' height='72' \/>\n\t\t\t\t\t\t\t<\/a>\n\t\t<\/div>\n\t<\/div>\n\n\t\t\t\t\t\t\t\t\t\n\t\t\n\t<div id=\"ngg-image-930\" class=\"ngg-gallery-thumbnail-box\"  >\n\t\t<div class=\"ngg-gallery-thumbnail\" >\n\t\t\t<a href=\"http:\/\/www.vogel-art.de\/blog\/wp-content\/gallery\/nordchile_observ_atacama\/150505_047_Atacama_Chacabuco_blog.jpg\"\n\t\t\t\ttitle=\"Chacabuco: ehemalige Salpetermine, sp\u00e4ter Gefangenenlager unter Pinochet\"\n\t\t\t\tclass=\"ngg-fancybox\" rel=\"5d7dd5693697e2b9aff7754228bcdbf7\" data-image-id=\"930\" data-src=\"http:\/\/www.vogel-art.de\/blog\/wp-content\/gallery\/nordchile_observ_atacama\/150505_047_Atacama_Chacabuco_blog.jpg\" data-thumbnail=\"http:\/\/www.vogel-art.de\/blog\/wp-content\/gallery\/nordchile_observ_atacama\/thumbs\/thumbs_150505_047_Atacama_Chacabuco_blog.jpg\" data-title=\"Chacabuco: ehemalige Salpetermine, sp\u00e4ter Gefangenenlager unter Pinochet\" data-description=\"Chacabuco: ehemalige Salpetermine, sp\u00e4ter Gefangenenlager unter Pinochet\" >\n\t\t\t\t\t\t\t\t<img title=\"Chacabuco: ehemalige Salpetermine, sp\u00e4ter Gefangenenlager unter Pinochet\" alt=\"Chacabuco: ehemalige Salpetermine, sp\u00e4ter Gefangenenlager unter Pinochet\" src=\"http:\/\/www.vogel-art.de\/blog\/wp-content\/gallery\/nordchile_observ_atacama\/thumbs\/thumbs_150505_047_Atacama_Chacabuco_blog.jpg\" width='96' height='72' \/>\n\t\t\t\t\t\t\t<\/a>\n\t\t<\/div>\n\t<\/div>\n\n\t\t\t\t\t\t\t\t\t\n\t\t\n\t<div id=\"ngg-image-931\" class=\"ngg-gallery-thumbnail-box\"  >\n\t\t<div class=\"ngg-gallery-thumbnail\" >\n\t\t\t<a href=\"http:\/\/www.vogel-art.de\/blog\/wp-content\/gallery\/nordchile_observ_atacama\/150505_060_Atacama_Chacabuco_blog.jpg\"\n\t\t\t\ttitle=\"Chacabuco: ehemalige Salpetermine, sp\u00e4ter Gefangenenlager unter Pinochet\"\n\t\t\t\tclass=\"ngg-fancybox\" rel=\"5d7dd5693697e2b9aff7754228bcdbf7\" data-image-id=\"931\" data-src=\"http:\/\/www.vogel-art.de\/blog\/wp-content\/gallery\/nordchile_observ_atacama\/150505_060_Atacama_Chacabuco_blog.jpg\" data-thumbnail=\"http:\/\/www.vogel-art.de\/blog\/wp-content\/gallery\/nordchile_observ_atacama\/thumbs\/thumbs_150505_060_Atacama_Chacabuco_blog.jpg\" data-title=\"Chacabuco: ehemalige Salpetermine, sp\u00e4ter Gefangenenlager unter Pinochet\" data-description=\"Chacabuco: ehemalige Salpetermine, sp\u00e4ter Gefangenenlager unter Pinochet\" >\n\t\t\t\t\t\t\t\t<img title=\"Chacabuco: ehemalige Salpetermine, sp\u00e4ter Gefangenenlager unter Pinochet\" alt=\"Chacabuco: ehemalige Salpetermine, sp\u00e4ter Gefangenenlager unter Pinochet\" src=\"http:\/\/www.vogel-art.de\/blog\/wp-content\/gallery\/nordchile_observ_atacama\/thumbs\/thumbs_150505_060_Atacama_Chacabuco_blog.jpg\" width='96' height='72' \/>\n\t\t\t\t\t\t\t<\/a>\n\t\t<\/div>\n\t<\/div>\n\n\t\t\t\t\t\t\t\t\t\n\t\t\n\t<div id=\"ngg-image-932\" class=\"ngg-gallery-thumbnail-box\"  >\n\t\t<div class=\"ngg-gallery-thumbnail\" >\n\t\t\t<a href=\"http:\/\/www.vogel-art.de\/blog\/wp-content\/gallery\/nordchile_observ_atacama\/150506_004_Atacama_blog.jpg\"\n\t\t\t\ttitle=\"unter Gro\u00dfen...\"\n\t\t\t\tclass=\"ngg-fancybox\" rel=\"5d7dd5693697e2b9aff7754228bcdbf7\" data-image-id=\"932\" data-src=\"http:\/\/www.vogel-art.de\/blog\/wp-content\/gallery\/nordchile_observ_atacama\/150506_004_Atacama_blog.jpg\" data-thumbnail=\"http:\/\/www.vogel-art.de\/blog\/wp-content\/gallery\/nordchile_observ_atacama\/thumbs\/thumbs_150506_004_Atacama_blog.jpg\" data-title=\"unter Gro\u00dfen...\" data-description=\"unter Gro\u00dfen...\" >\n\t\t\t\t\t\t\t\t<img title=\"unter Gro\u00dfen...\" alt=\"unter Gro\u00dfen...\" src=\"http:\/\/www.vogel-art.de\/blog\/wp-content\/gallery\/nordchile_observ_atacama\/thumbs\/thumbs_150506_004_Atacama_blog.jpg\" width='96' height='72' \/>\n\t\t\t\t\t\t\t<\/a>\n\t\t<\/div>\n\t<\/div>\n\n\t\t\t\t\t\t\t\t\t\n\t\t\n\t<div id=\"ngg-image-933\" class=\"ngg-gallery-thumbnail-box\"  >\n\t\t<div class=\"ngg-gallery-thumbnail\" >\n\t\t\t<a href=\"http:\/\/www.vogel-art.de\/blog\/wp-content\/gallery\/nordchile_observ_atacama\/150506_007_Atacama_blog.jpg\"\n\t\t\t\ttitle=\"unter Gro\u00dfen...\"\n\t\t\t\tclass=\"ngg-fancybox\" rel=\"5d7dd5693697e2b9aff7754228bcdbf7\" data-image-id=\"933\" data-src=\"http:\/\/www.vogel-art.de\/blog\/wp-content\/gallery\/nordchile_observ_atacama\/150506_007_Atacama_blog.jpg\" data-thumbnail=\"http:\/\/www.vogel-art.de\/blog\/wp-content\/gallery\/nordchile_observ_atacama\/thumbs\/thumbs_150506_007_Atacama_blog.jpg\" data-title=\"unter Gro\u00dfen...\" data-description=\"unter Gro\u00dfen...\" >\n\t\t\t\t\t\t\t\t<img title=\"unter Gro\u00dfen...\" alt=\"unter Gro\u00dfen...\" src=\"http:\/\/www.vogel-art.de\/blog\/wp-content\/gallery\/nordchile_observ_atacama\/thumbs\/thumbs_150506_007_Atacama_blog.jpg\" width='96' height='72' \/>\n\t\t\t\t\t\t\t<\/a>\n\t\t<\/div>\n\t<\/div>\n\n\t\t\t\t\t\t\t\t\t\n\t\t\n\t<div id=\"ngg-image-935\" class=\"ngg-gallery-thumbnail-box\"  >\n\t\t<div class=\"ngg-gallery-thumbnail\" >\n\t\t\t<a href=\"http:\/\/www.vogel-art.de\/blog\/wp-content\/gallery\/nordchile_observ_atacama\/150506_039_Atacama_blog.jpg\"\n\t\t\t\ttitle=\"\u00dcbernachtungsplatz\"\n\t\t\t\tclass=\"ngg-fancybox\" rel=\"5d7dd5693697e2b9aff7754228bcdbf7\" data-image-id=\"935\" data-src=\"http:\/\/www.vogel-art.de\/blog\/wp-content\/gallery\/nordchile_observ_atacama\/150506_039_Atacama_blog.jpg\" data-thumbnail=\"http:\/\/www.vogel-art.de\/blog\/wp-content\/gallery\/nordchile_observ_atacama\/thumbs\/thumbs_150506_039_Atacama_blog.jpg\" data-title=\"\u00dcbernachtungsplatz\" data-description=\"\u00dcbernachtungsplatz\" >\n\t\t\t\t\t\t\t\t<img title=\"\u00dcbernachtungsplatz\" alt=\"\u00dcbernachtungsplatz\" src=\"http:\/\/www.vogel-art.de\/blog\/wp-content\/gallery\/nordchile_observ_atacama\/thumbs\/thumbs_150506_039_Atacama_blog.jpg\" width='96' height='72' \/>\n\t\t\t\t\t\t\t<\/a>\n\t\t<\/div>\n\t<\/div>\n\n\t\t\t\t\t\t\t\t\t\n\t\t\n\t<div id=\"ngg-image-937\" class=\"ngg-gallery-thumbnail-box\"  >\n\t\t<div class=\"ngg-gallery-thumbnail\" >\n\t\t\t<a href=\"http:\/\/www.vogel-art.de\/blog\/wp-content\/gallery\/nordchile_observ_atacama\/150509___003_SanPedro_Valle-de-la-Muerte_blog.jpg\"\n\t\t\t\ttitle=\"\u00dcbernachtung im Valle de la Muerte (Tal des Todes)\"\n\t\t\t\tclass=\"ngg-fancybox\" rel=\"5d7dd5693697e2b9aff7754228bcdbf7\" data-image-id=\"937\" data-src=\"http:\/\/www.vogel-art.de\/blog\/wp-content\/gallery\/nordchile_observ_atacama\/150509___003_SanPedro_Valle-de-la-Muerte_blog.jpg\" data-thumbnail=\"http:\/\/www.vogel-art.de\/blog\/wp-content\/gallery\/nordchile_observ_atacama\/thumbs\/thumbs_150509___003_SanPedro_Valle-de-la-Muerte_blog.jpg\" data-title=\"\u00dcbernachtung im Valle de la Muerte (Tal des Todes)\" data-description=\"\u00dcbernachtung im Valle de la Muerte (Tal des Todes)\" >\n\t\t\t\t\t\t\t\t<img title=\"\u00dcbernachtung im Valle de la Muerte (Tal des Todes)\" alt=\"\u00dcbernachtung im Valle de la Muerte (Tal des Todes)\" src=\"http:\/\/www.vogel-art.de\/blog\/wp-content\/gallery\/nordchile_observ_atacama\/thumbs\/thumbs_150509___003_SanPedro_Valle-de-la-Muerte_blog.jpg\" width='96' height='72' \/>\n\t\t\t\t\t\t\t<\/a>\n\t\t<\/div>\n\t<\/div>\n\n\t\t\t\t\t\t\t\t\t\n\t\t\n\t<div id=\"ngg-image-936\" class=\"ngg-gallery-thumbnail-box\"  >\n\t\t<div class=\"ngg-gallery-thumbnail\" >\n\t\t\t<a href=\"http:\/\/www.vogel-art.de\/blog\/wp-content\/gallery\/nordchile_observ_atacama\/150509_a_SanPedro_Valle-de-la-Muertep005_blog.jpg\"\n\t\t\t\ttitle=\"im Vorgarten das Tal des Todes\"\n\t\t\t\tclass=\"ngg-fancybox\" rel=\"5d7dd5693697e2b9aff7754228bcdbf7\" data-image-id=\"936\" data-src=\"http:\/\/www.vogel-art.de\/blog\/wp-content\/gallery\/nordchile_observ_atacama\/150509_a_SanPedro_Valle-de-la-Muertep005_blog.jpg\" data-thumbnail=\"http:\/\/www.vogel-art.de\/blog\/wp-content\/gallery\/nordchile_observ_atacama\/thumbs\/thumbs_150509_a_SanPedro_Valle-de-la-Muertep005_blog.jpg\" data-title=\"im Vorgarten das Tal des Todes\" data-description=\"im Vorgarten das Tal des Todes\" >\n\t\t\t\t\t\t\t\t<img title=\"im Vorgarten das Tal des Todes\" alt=\"im Vorgarten das Tal des Todes\" src=\"http:\/\/www.vogel-art.de\/blog\/wp-content\/gallery\/nordchile_observ_atacama\/thumbs\/thumbs_150509_a_SanPedro_Valle-de-la-Muertep005_blog.jpg\" width='96' height='72' \/>\n\t\t\t\t\t\t\t<\/a>\n\t\t<\/div>\n\t<\/div>\n\n\t\t\t\t\t\t\t\t\t\n\t\t\n\t<div id=\"ngg-image-938\" class=\"ngg-gallery-thumbnail-box\"  >\n\t\t<div class=\"ngg-gallery-thumbnail\" >\n\t\t\t<a href=\"http:\/\/www.vogel-art.de\/blog\/wp-content\/gallery\/nordchile_observ_atacama\/150509___030_SanPedro_Valle-de-la-Muerte_blog.jpg\"\n\t\t\t\ttitle=\"\u00dcbernachtung im Valle de la Muerte (Tal des Todes)\"\n\t\t\t\tclass=\"ngg-fancybox\" rel=\"5d7dd5693697e2b9aff7754228bcdbf7\" data-image-id=\"938\" data-src=\"http:\/\/www.vogel-art.de\/blog\/wp-content\/gallery\/nordchile_observ_atacama\/150509___030_SanPedro_Valle-de-la-Muerte_blog.jpg\" data-thumbnail=\"http:\/\/www.vogel-art.de\/blog\/wp-content\/gallery\/nordchile_observ_atacama\/thumbs\/thumbs_150509___030_SanPedro_Valle-de-la-Muerte_blog.jpg\" data-title=\"\u00dcbernachtung im Valle de la Muerte (Tal des Todes)\" data-description=\"\u00dcbernachtung im Valle de la Muerte (Tal des Todes)\" >\n\t\t\t\t\t\t\t\t<img title=\"\u00dcbernachtung im Valle de la Muerte (Tal des Todes)\" alt=\"\u00dcbernachtung im Valle de la Muerte (Tal des Todes)\" src=\"http:\/\/www.vogel-art.de\/blog\/wp-content\/gallery\/nordchile_observ_atacama\/thumbs\/thumbs_150509___030_SanPedro_Valle-de-la-Muerte_blog.jpg\" width='96' height='72' \/>\n\t\t\t\t\t\t\t<\/a>\n\t\t<\/div>\n\t<\/div>\n\n\t\t\t\t\t\t\t\t\t\n\t\t\n\t<div id=\"ngg-image-939\" class=\"ngg-gallery-thumbnail-box\"  >\n\t\t<div class=\"ngg-gallery-thumbnail\" >\n\t\t\t<a href=\"http:\/\/www.vogel-art.de\/blog\/wp-content\/gallery\/nordchile_observ_atacama\/150509___038_SanPedro_Valle-de-la-Muerte_blog.jpg\"\n\t\t\t\ttitle=\"\u00dcbernachtung im Valle de la Muerte (Tal des Todes)\"\n\t\t\t\tclass=\"ngg-fancybox\" rel=\"5d7dd5693697e2b9aff7754228bcdbf7\" data-image-id=\"939\" data-src=\"http:\/\/www.vogel-art.de\/blog\/wp-content\/gallery\/nordchile_observ_atacama\/150509___038_SanPedro_Valle-de-la-Muerte_blog.jpg\" data-thumbnail=\"http:\/\/www.vogel-art.de\/blog\/wp-content\/gallery\/nordchile_observ_atacama\/thumbs\/thumbs_150509___038_SanPedro_Valle-de-la-Muerte_blog.jpg\" data-title=\"\u00dcbernachtung im Valle de la Muerte (Tal des Todes)\" data-description=\"\u00dcbernachtung im Valle de la Muerte (Tal des Todes)\" >\n\t\t\t\t\t\t\t\t<img title=\"\u00dcbernachtung im Valle de la Muerte (Tal des Todes)\" alt=\"\u00dcbernachtung im Valle de la Muerte (Tal des Todes)\" src=\"http:\/\/www.vogel-art.de\/blog\/wp-content\/gallery\/nordchile_observ_atacama\/thumbs\/thumbs_150509___038_SanPedro_Valle-de-la-Muerte_blog.jpg\" width='96' height='72' \/>\n\t\t\t\t\t\t\t<\/a>\n\t\t<\/div>\n\t<\/div>\n\n\t\t\t\t\t\t\t\t\t\n\t\t\n\t<div id=\"ngg-image-940\" class=\"ngg-gallery-thumbnail-box\"  >\n\t\t<div class=\"ngg-gallery-thumbnail\" >\n\t\t\t<a href=\"http:\/\/www.vogel-art.de\/blog\/wp-content\/gallery\/nordchile_observ_atacama\/150509_c_Atacama_SanPedrop005_blog.jpg\"\n\t\t\t\ttitle=\"Mittagstisch in San Pedro de Atacama\"\n\t\t\t\tclass=\"ngg-fancybox\" rel=\"5d7dd5693697e2b9aff7754228bcdbf7\" data-image-id=\"940\" data-src=\"http:\/\/www.vogel-art.de\/blog\/wp-content\/gallery\/nordchile_observ_atacama\/150509_c_Atacama_SanPedrop005_blog.jpg\" data-thumbnail=\"http:\/\/www.vogel-art.de\/blog\/wp-content\/gallery\/nordchile_observ_atacama\/thumbs\/thumbs_150509_c_Atacama_SanPedrop005_blog.jpg\" data-title=\"Mittagstisch in San Pedro de Atacama\" data-description=\"Mittagstisch in San Pedro de Atacama\" >\n\t\t\t\t\t\t\t\t<img title=\"Mittagstisch in San Pedro de Atacama\" alt=\"Mittagstisch in San Pedro de Atacama\" src=\"http:\/\/www.vogel-art.de\/blog\/wp-content\/gallery\/nordchile_observ_atacama\/thumbs\/thumbs_150509_c_Atacama_SanPedrop005_blog.jpg\" width='96' height='72' \/>\n\t\t\t\t\t\t\t<\/a>\n\t\t<\/div>\n\t<\/div>\n\n\t\t\t\t\t\t\t\t\t\n\t\t\n\t<div id=\"ngg-image-941\" class=\"ngg-gallery-thumbnail-box\"  >\n\t\t<div class=\"ngg-gallery-thumbnail\" >\n\t\t\t<a href=\"http:\/\/www.vogel-art.de\/blog\/wp-content\/gallery\/nordchile_observ_atacama\/150509__011_Atacama-SanPedro_blog.jpg\"\n\t\t\t\ttitle=\"San Pedro de Atacama\"\n\t\t\t\tclass=\"ngg-fancybox\" rel=\"5d7dd5693697e2b9aff7754228bcdbf7\" data-image-id=\"941\" data-src=\"http:\/\/www.vogel-art.de\/blog\/wp-content\/gallery\/nordchile_observ_atacama\/150509__011_Atacama-SanPedro_blog.jpg\" data-thumbnail=\"http:\/\/www.vogel-art.de\/blog\/wp-content\/gallery\/nordchile_observ_atacama\/thumbs\/thumbs_150509__011_Atacama-SanPedro_blog.jpg\" data-title=\"San Pedro de Atacama\" data-description=\"San Pedro de Atacama\" >\n\t\t\t\t\t\t\t\t<img title=\"San Pedro de Atacama\" alt=\"San Pedro de Atacama\" src=\"http:\/\/www.vogel-art.de\/blog\/wp-content\/gallery\/nordchile_observ_atacama\/thumbs\/thumbs_150509__011_Atacama-SanPedro_blog.jpg\" width='96' height='72' \/>\n\t\t\t\t\t\t\t<\/a>\n\t\t<\/div>\n\t<\/div>\n\n\t\t\t\t\t\t\t\t\t\n\t\t\n\t<div id=\"ngg-image-942\" class=\"ngg-gallery-thumbnail-box\"  >\n\t\t<div class=\"ngg-gallery-thumbnail\" >\n\t\t\t<a href=\"http:\/\/www.vogel-art.de\/blog\/wp-content\/gallery\/nordchile_observ_atacama\/150509_003_SanPedro_Valle-de-la-Luna_blog.jpg\"\n\t\t\t\ttitle=\"Valle de la Luna (Mondtal)\"\n\t\t\t\tclass=\"ngg-fancybox\" rel=\"5d7dd5693697e2b9aff7754228bcdbf7\" data-image-id=\"942\" data-src=\"http:\/\/www.vogel-art.de\/blog\/wp-content\/gallery\/nordchile_observ_atacama\/150509_003_SanPedro_Valle-de-la-Luna_blog.jpg\" data-thumbnail=\"http:\/\/www.vogel-art.de\/blog\/wp-content\/gallery\/nordchile_observ_atacama\/thumbs\/thumbs_150509_003_SanPedro_Valle-de-la-Luna_blog.jpg\" data-title=\"Valle de la Luna (Mondtal)\" data-description=\"Valle de la Luna (Mondtal)\" >\n\t\t\t\t\t\t\t\t<img title=\"Valle de la Luna (Mondtal)\" alt=\"Valle de la Luna (Mondtal)\" src=\"http:\/\/www.vogel-art.de\/blog\/wp-content\/gallery\/nordchile_observ_atacama\/thumbs\/thumbs_150509_003_SanPedro_Valle-de-la-Luna_blog.jpg\" width='96' height='72' \/>\n\t\t\t\t\t\t\t<\/a>\n\t\t<\/div>\n\t<\/div>\n\n\t\t\t\t\t\t\t\t\t\n\t\t\n\t<div id=\"ngg-image-943\" class=\"ngg-gallery-thumbnail-box\"  >\n\t\t<div class=\"ngg-gallery-thumbnail\" >\n\t\t\t<a href=\"http:\/\/www.vogel-art.de\/blog\/wp-content\/gallery\/nordchile_observ_atacama\/150509_042_SanPedro_Valle-de-la-Luna_blog.jpg\"\n\t\t\t\ttitle=\"Valle de la Luna (Mondtal)\"\n\t\t\t\tclass=\"ngg-fancybox\" rel=\"5d7dd5693697e2b9aff7754228bcdbf7\" data-image-id=\"943\" data-src=\"http:\/\/www.vogel-art.de\/blog\/wp-content\/gallery\/nordchile_observ_atacama\/150509_042_SanPedro_Valle-de-la-Luna_blog.jpg\" data-thumbnail=\"http:\/\/www.vogel-art.de\/blog\/wp-content\/gallery\/nordchile_observ_atacama\/thumbs\/thumbs_150509_042_SanPedro_Valle-de-la-Luna_blog.jpg\" data-title=\"Valle de la Luna (Mondtal)\" data-description=\"Valle de la Luna (Mondtal)\" >\n\t\t\t\t\t\t\t\t<img title=\"Valle de la Luna (Mondtal)\" alt=\"Valle de la Luna (Mondtal)\" src=\"http:\/\/www.vogel-art.de\/blog\/wp-content\/gallery\/nordchile_observ_atacama\/thumbs\/thumbs_150509_042_SanPedro_Valle-de-la-Luna_blog.jpg\" width='96' height='72' \/>\n\t\t\t\t\t\t\t<\/a>\n\t\t<\/div>\n\t<\/div>\n\n\t\t\t\t\t\t\t\t\t\n\t\t\n\t<div id=\"ngg-image-944\" class=\"ngg-gallery-thumbnail-box\"  >\n\t\t<div class=\"ngg-gallery-thumbnail\" >\n\t\t\t<a href=\"http:\/\/www.vogel-art.de\/blog\/wp-content\/gallery\/nordchile_observ_atacama\/150509_047_SanPedro_Valle-de-la-Luna_blog.jpg\"\n\t\t\t\ttitle=\"Valle de la Luna (Mondtal)\"\n\t\t\t\tclass=\"ngg-fancybox\" rel=\"5d7dd5693697e2b9aff7754228bcdbf7\" data-image-id=\"944\" data-src=\"http:\/\/www.vogel-art.de\/blog\/wp-content\/gallery\/nordchile_observ_atacama\/150509_047_SanPedro_Valle-de-la-Luna_blog.jpg\" data-thumbnail=\"http:\/\/www.vogel-art.de\/blog\/wp-content\/gallery\/nordchile_observ_atacama\/thumbs\/thumbs_150509_047_SanPedro_Valle-de-la-Luna_blog.jpg\" data-title=\"Valle de la Luna (Mondtal)\" data-description=\"Valle de la Luna (Mondtal)\" >\n\t\t\t\t\t\t\t\t<img title=\"Valle de la Luna (Mondtal)\" alt=\"Valle de la Luna (Mondtal)\" src=\"http:\/\/www.vogel-art.de\/blog\/wp-content\/gallery\/nordchile_observ_atacama\/thumbs\/thumbs_150509_047_SanPedro_Valle-de-la-Luna_blog.jpg\" width='96' height='72' \/>\n\t\t\t\t\t\t\t<\/a>\n\t\t<\/div>\n\t<\/div>\n\n\t\t\t\t\t\t\t\t\t\n\t\t\n\t<div id=\"ngg-image-945\" class=\"ngg-gallery-thumbnail-box\"  >\n\t\t<div class=\"ngg-gallery-thumbnail\" >\n\t\t\t<a href=\"http:\/\/www.vogel-art.de\/blog\/wp-content\/gallery\/nordchile_observ_atacama\/150509_SanPedro_Valle-de-la-Lunap056_blog.jpg\"\n\t\t\t\ttitle=\"Valle de la Luna (Mondtal)\"\n\t\t\t\tclass=\"ngg-fancybox\" rel=\"5d7dd5693697e2b9aff7754228bcdbf7\" data-image-id=\"945\" data-src=\"http:\/\/www.vogel-art.de\/blog\/wp-content\/gallery\/nordchile_observ_atacama\/150509_SanPedro_Valle-de-la-Lunap056_blog.jpg\" data-thumbnail=\"http:\/\/www.vogel-art.de\/blog\/wp-content\/gallery\/nordchile_observ_atacama\/thumbs\/thumbs_150509_SanPedro_Valle-de-la-Lunap056_blog.jpg\" data-title=\"Valle de la Luna (Mondtal)\" data-description=\"Valle de la Luna (Mondtal)\" >\n\t\t\t\t\t\t\t\t<img title=\"Valle de la Luna (Mondtal)\" alt=\"Valle de la Luna (Mondtal)\" src=\"http:\/\/www.vogel-art.de\/blog\/wp-content\/gallery\/nordchile_observ_atacama\/thumbs\/thumbs_150509_SanPedro_Valle-de-la-Lunap056_blog.jpg\" width='96' height='72' \/>\n\t\t\t\t\t\t\t<\/a>\n\t\t<\/div>\n\t<\/div>\n\n\t\t\t\t\t\t\t\t\t\n\t\t\n\t<div id=\"ngg-image-946\" class=\"ngg-gallery-thumbnail-box\"  >\n\t\t<div class=\"ngg-gallery-thumbnail\" >\n\t\t\t<a href=\"http:\/\/www.vogel-art.de\/blog\/wp-content\/gallery\/nordchile_observ_atacama\/150509_071_SanPedro_Valle-de-la-Luna_blog.jpg\"\n\t\t\t\ttitle=\"Valle de la Luna (Mondtal)\"\n\t\t\t\tclass=\"ngg-fancybox\" rel=\"5d7dd5693697e2b9aff7754228bcdbf7\" data-image-id=\"946\" data-src=\"http:\/\/www.vogel-art.de\/blog\/wp-content\/gallery\/nordchile_observ_atacama\/150509_071_SanPedro_Valle-de-la-Luna_blog.jpg\" data-thumbnail=\"http:\/\/www.vogel-art.de\/blog\/wp-content\/gallery\/nordchile_observ_atacama\/thumbs\/thumbs_150509_071_SanPedro_Valle-de-la-Luna_blog.jpg\" data-title=\"Valle de la Luna (Mondtal)\" data-description=\"Valle de la Luna (Mondtal)\" >\n\t\t\t\t\t\t\t\t<img title=\"Valle de la Luna (Mondtal)\" alt=\"Valle de la Luna (Mondtal)\" src=\"http:\/\/www.vogel-art.de\/blog\/wp-content\/gallery\/nordchile_observ_atacama\/thumbs\/thumbs_150509_071_SanPedro_Valle-de-la-Luna_blog.jpg\" width='96' height='72' \/>\n\t\t\t\t\t\t\t<\/a>\n\t\t<\/div>\n\t<\/div>\n\n\t\t\t\t\t\t\t\t\t\n\t\t\n\t<div id=\"ngg-image-947\" class=\"ngg-gallery-thumbnail-box\"  >\n\t\t<div class=\"ngg-gallery-thumbnail\" >\n\t\t\t<a href=\"http:\/\/www.vogel-art.de\/blog\/wp-content\/gallery\/nordchile_observ_atacama\/150509_074_SanPedro_Valle-de-la-Luna_blog.jpg\"\n\t\t\t\ttitle=\"Valle de la Luna (Mondtal)\"\n\t\t\t\tclass=\"ngg-fancybox\" rel=\"5d7dd5693697e2b9aff7754228bcdbf7\" data-image-id=\"947\" data-src=\"http:\/\/www.vogel-art.de\/blog\/wp-content\/gallery\/nordchile_observ_atacama\/150509_074_SanPedro_Valle-de-la-Luna_blog.jpg\" data-thumbnail=\"http:\/\/www.vogel-art.de\/blog\/wp-content\/gallery\/nordchile_observ_atacama\/thumbs\/thumbs_150509_074_SanPedro_Valle-de-la-Luna_blog.jpg\" data-title=\"Valle de la Luna (Mondtal)\" data-description=\"Valle de la Luna (Mondtal)\" >\n\t\t\t\t\t\t\t\t<img title=\"Valle de la Luna (Mondtal)\" alt=\"Valle de la Luna (Mondtal)\" src=\"http:\/\/www.vogel-art.de\/blog\/wp-content\/gallery\/nordchile_observ_atacama\/thumbs\/thumbs_150509_074_SanPedro_Valle-de-la-Luna_blog.jpg\" width='96' height='72' \/>\n\t\t\t\t\t\t\t<\/a>\n\t\t<\/div>\n\t<\/div>\n\n\t\t\t\t\t\t\t\t\t\n\t\t\n\t<div id=\"ngg-image-948\" class=\"ngg-gallery-thumbnail-box\"  >\n\t\t<div class=\"ngg-gallery-thumbnail\" >\n\t\t\t<a href=\"http:\/\/www.vogel-art.de\/blog\/wp-content\/gallery\/nordchile_observ_atacama\/150509_085_SanPedro_Valle-de-la-Luna_blog.jpg\"\n\t\t\t\ttitle=\"Valle de la Luna (Mondtal)\"\n\t\t\t\tclass=\"ngg-fancybox\" rel=\"5d7dd5693697e2b9aff7754228bcdbf7\" data-image-id=\"948\" data-src=\"http:\/\/www.vogel-art.de\/blog\/wp-content\/gallery\/nordchile_observ_atacama\/150509_085_SanPedro_Valle-de-la-Luna_blog.jpg\" data-thumbnail=\"http:\/\/www.vogel-art.de\/blog\/wp-content\/gallery\/nordchile_observ_atacama\/thumbs\/thumbs_150509_085_SanPedro_Valle-de-la-Luna_blog.jpg\" data-title=\"Valle de la Luna (Mondtal)\" data-description=\"Valle de la Luna (Mondtal)\" >\n\t\t\t\t\t\t\t\t<img title=\"Valle de la Luna (Mondtal)\" alt=\"Valle de la Luna (Mondtal)\" src=\"http:\/\/www.vogel-art.de\/blog\/wp-content\/gallery\/nordchile_observ_atacama\/thumbs\/thumbs_150509_085_SanPedro_Valle-de-la-Luna_blog.jpg\" width='96' height='72' \/>\n\t\t\t\t\t\t\t<\/a>\n\t\t<\/div>\n\t<\/div>\n\n\t\t\t\t\t\t\t\t\t\n\t\t\n\t<div id=\"ngg-image-949\" class=\"ngg-gallery-thumbnail-box\"  >\n\t\t<div class=\"ngg-gallery-thumbnail\" >\n\t\t\t<a href=\"http:\/\/www.vogel-art.de\/blog\/wp-content\/gallery\/nordchile_observ_atacama\/150509_091_SanPedro_Valle-de-la-Luna_blog.jpg\"\n\t\t\t\ttitle=\"Valle de la Luna (Mondtal)\"\n\t\t\t\tclass=\"ngg-fancybox\" rel=\"5d7dd5693697e2b9aff7754228bcdbf7\" data-image-id=\"949\" data-src=\"http:\/\/www.vogel-art.de\/blog\/wp-content\/gallery\/nordchile_observ_atacama\/150509_091_SanPedro_Valle-de-la-Luna_blog.jpg\" data-thumbnail=\"http:\/\/www.vogel-art.de\/blog\/wp-content\/gallery\/nordchile_observ_atacama\/thumbs\/thumbs_150509_091_SanPedro_Valle-de-la-Luna_blog.jpg\" data-title=\"Valle de la Luna (Mondtal)\" data-description=\"Valle de la Luna (Mondtal)\" >\n\t\t\t\t\t\t\t\t<img title=\"Valle de la Luna (Mondtal)\" alt=\"Valle de la Luna (Mondtal)\" src=\"http:\/\/www.vogel-art.de\/blog\/wp-content\/gallery\/nordchile_observ_atacama\/thumbs\/thumbs_150509_091_SanPedro_Valle-de-la-Luna_blog.jpg\" width='96' height='72' \/>\n\t\t\t\t\t\t\t<\/a>\n\t\t<\/div>\n\t<\/div>\n\n\t\t\t\t\t\t\t\t\t\n\t\t\n\t<div id=\"ngg-image-950\" class=\"ngg-gallery-thumbnail-box\"  >\n\t\t<div class=\"ngg-gallery-thumbnail\" >\n\t\t\t<a href=\"http:\/\/www.vogel-art.de\/blog\/wp-content\/gallery\/nordchile_observ_atacama\/150509_SanPedro_Valle-de-la-Lunap091_blog.jpg\"\n\t\t\t\ttitle=\"Valle de la Luna (Mondtal)\"\n\t\t\t\tclass=\"ngg-fancybox\" rel=\"5d7dd5693697e2b9aff7754228bcdbf7\" data-image-id=\"950\" data-src=\"http:\/\/www.vogel-art.de\/blog\/wp-content\/gallery\/nordchile_observ_atacama\/150509_SanPedro_Valle-de-la-Lunap091_blog.jpg\" data-thumbnail=\"http:\/\/www.vogel-art.de\/blog\/wp-content\/gallery\/nordchile_observ_atacama\/thumbs\/thumbs_150509_SanPedro_Valle-de-la-Lunap091_blog.jpg\" data-title=\"Valle de la Luna (Mondtal)\" data-description=\"Valle de la Luna (Mondtal)\" >\n\t\t\t\t\t\t\t\t<img title=\"Valle de la Luna (Mondtal)\" alt=\"Valle de la Luna (Mondtal)\" src=\"http:\/\/www.vogel-art.de\/blog\/wp-content\/gallery\/nordchile_observ_atacama\/thumbs\/thumbs_150509_SanPedro_Valle-de-la-Lunap091_blog.jpg\" width='96' height='72' \/>\n\t\t\t\t\t\t\t<\/a>\n\t\t<\/div>\n\t<\/div>\n\n\t\t\t\t\t\t\t\t\t\n\t\t\n\t<div id=\"ngg-image-951\" class=\"ngg-gallery-thumbnail-box\"  >\n\t\t<div class=\"ngg-gallery-thumbnail\" >\n\t\t\t<a href=\"http:\/\/www.vogel-art.de\/blog\/wp-content\/gallery\/nordchile_observ_atacama\/150509_098_SanPedro_Valle-de-la-Luna_blog.jpg\"\n\t\t\t\ttitle=\"Valle de la Luna (Mondtal)\"\n\t\t\t\tclass=\"ngg-fancybox\" rel=\"5d7dd5693697e2b9aff7754228bcdbf7\" data-image-id=\"951\" data-src=\"http:\/\/www.vogel-art.de\/blog\/wp-content\/gallery\/nordchile_observ_atacama\/150509_098_SanPedro_Valle-de-la-Luna_blog.jpg\" data-thumbnail=\"http:\/\/www.vogel-art.de\/blog\/wp-content\/gallery\/nordchile_observ_atacama\/thumbs\/thumbs_150509_098_SanPedro_Valle-de-la-Luna_blog.jpg\" data-title=\"Valle de la Luna (Mondtal)\" data-description=\"Valle de la Luna (Mondtal)\" >\n\t\t\t\t\t\t\t\t<img title=\"Valle de la Luna (Mondtal)\" alt=\"Valle de la Luna (Mondtal)\" src=\"http:\/\/www.vogel-art.de\/blog\/wp-content\/gallery\/nordchile_observ_atacama\/thumbs\/thumbs_150509_098_SanPedro_Valle-de-la-Luna_blog.jpg\" width='96' height='72' \/>\n\t\t\t\t\t\t\t<\/a>\n\t\t<\/div>\n\t<\/div>\n\n\t\t\t\t\t\t\t\t\t\n\t\t\n\t<div id=\"ngg-image-952\" class=\"ngg-gallery-thumbnail-box\"  >\n\t\t<div class=\"ngg-gallery-thumbnail\" >\n\t\t\t<a href=\"http:\/\/www.vogel-art.de\/blog\/wp-content\/gallery\/nordchile_observ_atacama\/150509_110_SanPedro_Valle-de-la-Luna_blog.jpg\"\n\t\t\t\ttitle=\"Valle de la Luna (Mondtal)\"\n\t\t\t\tclass=\"ngg-fancybox\" rel=\"5d7dd5693697e2b9aff7754228bcdbf7\" data-image-id=\"952\" data-src=\"http:\/\/www.vogel-art.de\/blog\/wp-content\/gallery\/nordchile_observ_atacama\/150509_110_SanPedro_Valle-de-la-Luna_blog.jpg\" data-thumbnail=\"http:\/\/www.vogel-art.de\/blog\/wp-content\/gallery\/nordchile_observ_atacama\/thumbs\/thumbs_150509_110_SanPedro_Valle-de-la-Luna_blog.jpg\" data-title=\"Valle de la Luna (Mondtal)\" data-description=\"Valle de la Luna (Mondtal)\" >\n\t\t\t\t\t\t\t\t<img title=\"Valle de la Luna (Mondtal)\" alt=\"Valle de la Luna (Mondtal)\" src=\"http:\/\/www.vogel-art.de\/blog\/wp-content\/gallery\/nordchile_observ_atacama\/thumbs\/thumbs_150509_110_SanPedro_Valle-de-la-Luna_blog.jpg\" width='96' height='72' \/>\n\t\t\t\t\t\t\t<\/a>\n\t\t<\/div>\n\t<\/div>\n\n\t\t\t\t\t\t\t\t\t\n\t\t\n\t<div id=\"ngg-image-953\" class=\"ngg-gallery-thumbnail-box\"  >\n\t\t<div class=\"ngg-gallery-thumbnail\" >\n\t\t\t<a href=\"http:\/\/www.vogel-art.de\/blog\/wp-content\/gallery\/nordchile_observ_atacama\/150510_010_Atacama_Geysir-El-Tatio_blog.jpg\"\n\t\t\t\ttitle=\"auf dem Weg zu den Geysiren El Tatio\"\n\t\t\t\tclass=\"ngg-fancybox\" rel=\"5d7dd5693697e2b9aff7754228bcdbf7\" data-image-id=\"953\" data-src=\"http:\/\/www.vogel-art.de\/blog\/wp-content\/gallery\/nordchile_observ_atacama\/150510_010_Atacama_Geysir-El-Tatio_blog.jpg\" data-thumbnail=\"http:\/\/www.vogel-art.de\/blog\/wp-content\/gallery\/nordchile_observ_atacama\/thumbs\/thumbs_150510_010_Atacama_Geysir-El-Tatio_blog.jpg\" data-title=\"auf dem Weg zu den Geysiren El Tatio\" data-description=\"auf dem Weg zu den Geysiren El Tatio\" >\n\t\t\t\t\t\t\t\t<img title=\"auf dem Weg zu den Geysiren El Tatio\" alt=\"auf dem Weg zu den Geysiren El Tatio\" src=\"http:\/\/www.vogel-art.de\/blog\/wp-content\/gallery\/nordchile_observ_atacama\/thumbs\/thumbs_150510_010_Atacama_Geysir-El-Tatio_blog.jpg\" width='96' height='72' \/>\n\t\t\t\t\t\t\t<\/a>\n\t\t<\/div>\n\t<\/div>\n\n\t\t\t\t\t\t\t\t\t\n\t\t\n\t<div id=\"ngg-image-954\" class=\"ngg-gallery-thumbnail-box\"  >\n\t\t<div class=\"ngg-gallery-thumbnail\" >\n\t\t\t<a href=\"http:\/\/www.vogel-art.de\/blog\/wp-content\/gallery\/nordchile_observ_atacama\/150510_Atacama_Geysir-El-Tatiop018_blog.jpg\"\n\t\t\t\ttitle=\"auf dem Weg zu den Geysiren El Tatio\"\n\t\t\t\tclass=\"ngg-fancybox\" rel=\"5d7dd5693697e2b9aff7754228bcdbf7\" data-image-id=\"954\" data-src=\"http:\/\/www.vogel-art.de\/blog\/wp-content\/gallery\/nordchile_observ_atacama\/150510_Atacama_Geysir-El-Tatiop018_blog.jpg\" data-thumbnail=\"http:\/\/www.vogel-art.de\/blog\/wp-content\/gallery\/nordchile_observ_atacama\/thumbs\/thumbs_150510_Atacama_Geysir-El-Tatiop018_blog.jpg\" data-title=\"auf dem Weg zu den Geysiren El Tatio\" data-description=\"auf dem Weg zu den Geysiren El Tatio\" >\n\t\t\t\t\t\t\t\t<img title=\"auf dem Weg zu den Geysiren El Tatio\" alt=\"auf dem Weg zu den Geysiren El Tatio\" src=\"http:\/\/www.vogel-art.de\/blog\/wp-content\/gallery\/nordchile_observ_atacama\/thumbs\/thumbs_150510_Atacama_Geysir-El-Tatiop018_blog.jpg\" width='96' height='72' \/>\n\t\t\t\t\t\t\t<\/a>\n\t\t<\/div>\n\t<\/div>\n\n\t\t\t\t\t\t\t\t\t\n\t\t\n\t<div id=\"ngg-image-955\" class=\"ngg-gallery-thumbnail-box\"  >\n\t\t<div class=\"ngg-gallery-thumbnail\" >\n\t\t\t<a href=\"http:\/\/www.vogel-art.de\/blog\/wp-content\/gallery\/nordchile_observ_atacama\/150510_Atacama_Geysir-El-Tatiop027_blog.jpg\"\n\t\t\t\ttitle=\"auf dem Weg zu den Geysiren El Tatio\"\n\t\t\t\tclass=\"ngg-fancybox\" rel=\"5d7dd5693697e2b9aff7754228bcdbf7\" data-image-id=\"955\" data-src=\"http:\/\/www.vogel-art.de\/blog\/wp-content\/gallery\/nordchile_observ_atacama\/150510_Atacama_Geysir-El-Tatiop027_blog.jpg\" data-thumbnail=\"http:\/\/www.vogel-art.de\/blog\/wp-content\/gallery\/nordchile_observ_atacama\/thumbs\/thumbs_150510_Atacama_Geysir-El-Tatiop027_blog.jpg\" data-title=\"auf dem Weg zu den Geysiren El Tatio\" data-description=\"auf dem Weg zu den Geysiren El Tatio\" >\n\t\t\t\t\t\t\t\t<img title=\"auf dem Weg zu den Geysiren El Tatio\" alt=\"auf dem Weg zu den Geysiren El Tatio\" src=\"http:\/\/www.vogel-art.de\/blog\/wp-content\/gallery\/nordchile_observ_atacama\/thumbs\/thumbs_150510_Atacama_Geysir-El-Tatiop027_blog.jpg\" width='96' height='72' \/>\n\t\t\t\t\t\t\t<\/a>\n\t\t<\/div>\n\t<\/div>\n\n\t\t\t\t\t\t\t\t\t\n\t\t\n\t<div id=\"ngg-image-956\" class=\"ngg-gallery-thumbnail-box\"  >\n\t\t<div class=\"ngg-gallery-thumbnail\" >\n\t\t\t<a href=\"http:\/\/www.vogel-art.de\/blog\/wp-content\/gallery\/nordchile_observ_atacama\/150510_020_Atacama_Geysir-El-Tatio_blog.jpg\"\n\t\t\t\ttitle=\"auf dem Weg zu den Geysiren El Tatio\"\n\t\t\t\tclass=\"ngg-fancybox\" rel=\"5d7dd5693697e2b9aff7754228bcdbf7\" data-image-id=\"956\" data-src=\"http:\/\/www.vogel-art.de\/blog\/wp-content\/gallery\/nordchile_observ_atacama\/150510_020_Atacama_Geysir-El-Tatio_blog.jpg\" data-thumbnail=\"http:\/\/www.vogel-art.de\/blog\/wp-content\/gallery\/nordchile_observ_atacama\/thumbs\/thumbs_150510_020_Atacama_Geysir-El-Tatio_blog.jpg\" data-title=\"auf dem Weg zu den Geysiren El Tatio\" data-description=\"auf dem Weg zu den Geysiren El Tatio\" >\n\t\t\t\t\t\t\t\t<img title=\"auf dem Weg zu den Geysiren El Tatio\" alt=\"auf dem Weg zu den Geysiren El Tatio\" src=\"http:\/\/www.vogel-art.de\/blog\/wp-content\/gallery\/nordchile_observ_atacama\/thumbs\/thumbs_150510_020_Atacama_Geysir-El-Tatio_blog.jpg\" width='96' height='72' \/>\n\t\t\t\t\t\t\t<\/a>\n\t\t<\/div>\n\t<\/div>\n\n\t\t\t\t\t\t\t\t\t\n\t\t\n\t<div id=\"ngg-image-957\" class=\"ngg-gallery-thumbnail-box\"  >\n\t\t<div class=\"ngg-gallery-thumbnail\" >\n\t\t\t<a href=\"http:\/\/www.vogel-art.de\/blog\/wp-content\/gallery\/nordchile_observ_atacama\/150510_050_Atacama_Geysir-El-Tatio_blog.jpg\"\n\t\t\t\ttitle=\"auf dem Weg zu den Geysiren El Tatio\"\n\t\t\t\tclass=\"ngg-fancybox\" rel=\"5d7dd5693697e2b9aff7754228bcdbf7\" data-image-id=\"957\" data-src=\"http:\/\/www.vogel-art.de\/blog\/wp-content\/gallery\/nordchile_observ_atacama\/150510_050_Atacama_Geysir-El-Tatio_blog.jpg\" data-thumbnail=\"http:\/\/www.vogel-art.de\/blog\/wp-content\/gallery\/nordchile_observ_atacama\/thumbs\/thumbs_150510_050_Atacama_Geysir-El-Tatio_blog.jpg\" data-title=\"auf dem Weg zu den Geysiren El Tatio\" data-description=\"auf dem Weg zu den Geysiren El Tatio\" >\n\t\t\t\t\t\t\t\t<img title=\"auf dem Weg zu den Geysiren El Tatio\" alt=\"auf dem Weg zu den Geysiren El Tatio\" src=\"http:\/\/www.vogel-art.de\/blog\/wp-content\/gallery\/nordchile_observ_atacama\/thumbs\/thumbs_150510_050_Atacama_Geysir-El-Tatio_blog.jpg\" width='96' height='72' \/>\n\t\t\t\t\t\t\t<\/a>\n\t\t<\/div>\n\t<\/div>\n\n\t\t\t\t\t\t\t\t\t\n\t\t\n\t<div id=\"ngg-image-958\" class=\"ngg-gallery-thumbnail-box\"  >\n\t\t<div class=\"ngg-gallery-thumbnail\" >\n\t\t\t<a href=\"http:\/\/www.vogel-art.de\/blog\/wp-content\/gallery\/nordchile_observ_atacama\/150510_060_Atacama_Geysir-El-Tatio_blog.jpg\"\n\t\t\t\ttitle=\"auf dem Weg zu den Geysiren El Tatio\"\n\t\t\t\tclass=\"ngg-fancybox\" rel=\"5d7dd5693697e2b9aff7754228bcdbf7\" data-image-id=\"958\" data-src=\"http:\/\/www.vogel-art.de\/blog\/wp-content\/gallery\/nordchile_observ_atacama\/150510_060_Atacama_Geysir-El-Tatio_blog.jpg\" data-thumbnail=\"http:\/\/www.vogel-art.de\/blog\/wp-content\/gallery\/nordchile_observ_atacama\/thumbs\/thumbs_150510_060_Atacama_Geysir-El-Tatio_blog.jpg\" data-title=\"auf dem Weg zu den Geysiren El Tatio\" data-description=\"auf dem Weg zu den Geysiren El Tatio\" >\n\t\t\t\t\t\t\t\t<img title=\"auf dem Weg zu den Geysiren El Tatio\" alt=\"auf dem Weg zu den Geysiren El Tatio\" src=\"http:\/\/www.vogel-art.de\/blog\/wp-content\/gallery\/nordchile_observ_atacama\/thumbs\/thumbs_150510_060_Atacama_Geysir-El-Tatio_blog.jpg\" width='96' height='72' \/>\n\t\t\t\t\t\t\t<\/a>\n\t\t<\/div>\n\t<\/div>\n\n\t\t\t\t\t\t\t\t\t\n\t\t\n\t<div id=\"ngg-image-959\" class=\"ngg-gallery-thumbnail-box\"  >\n\t\t<div class=\"ngg-gallery-thumbnail\" >\n\t\t\t<a href=\"http:\/\/www.vogel-art.de\/blog\/wp-content\/gallery\/nordchile_observ_atacama\/150510_064_Atacama_Geysir-El-Tatio_blog.jpg\"\n\t\t\t\ttitle=\"auf dem Weg zu den Geysiren El Tatio\"\n\t\t\t\tclass=\"ngg-fancybox\" rel=\"5d7dd5693697e2b9aff7754228bcdbf7\" data-image-id=\"959\" data-src=\"http:\/\/www.vogel-art.de\/blog\/wp-content\/gallery\/nordchile_observ_atacama\/150510_064_Atacama_Geysir-El-Tatio_blog.jpg\" data-thumbnail=\"http:\/\/www.vogel-art.de\/blog\/wp-content\/gallery\/nordchile_observ_atacama\/thumbs\/thumbs_150510_064_Atacama_Geysir-El-Tatio_blog.jpg\" data-title=\"auf dem Weg zu den Geysiren El Tatio\" data-description=\"auf dem Weg zu den Geysiren El Tatio\" >\n\t\t\t\t\t\t\t\t<img title=\"auf dem Weg zu den Geysiren El Tatio\" alt=\"auf dem Weg zu den Geysiren El Tatio\" src=\"http:\/\/www.vogel-art.de\/blog\/wp-content\/gallery\/nordchile_observ_atacama\/thumbs\/thumbs_150510_064_Atacama_Geysir-El-Tatio_blog.jpg\" width='96' height='72' \/>\n\t\t\t\t\t\t\t<\/a>\n\t\t<\/div>\n\t<\/div>\n\n\t\t\t\t\t\t\t\t\t\n\t\t\n\t<div id=\"ngg-image-960\" class=\"ngg-gallery-thumbnail-box\"  >\n\t\t<div class=\"ngg-gallery-thumbnail\" >\n\t\t\t<a href=\"http:\/\/www.vogel-art.de\/blog\/wp-content\/gallery\/nordchile_observ_atacama\/150510_069_Atacama_Geysir-El-Tatio_blog.jpg\"\n\t\t\t\ttitle=\"auf dem Weg zu den Geysiren El Tatio\"\n\t\t\t\tclass=\"ngg-fancybox\" rel=\"5d7dd5693697e2b9aff7754228bcdbf7\" data-image-id=\"960\" data-src=\"http:\/\/www.vogel-art.de\/blog\/wp-content\/gallery\/nordchile_observ_atacama\/150510_069_Atacama_Geysir-El-Tatio_blog.jpg\" data-thumbnail=\"http:\/\/www.vogel-art.de\/blog\/wp-content\/gallery\/nordchile_observ_atacama\/thumbs\/thumbs_150510_069_Atacama_Geysir-El-Tatio_blog.jpg\" data-title=\"auf dem Weg zu den Geysiren El Tatio\" data-description=\"auf dem Weg zu den Geysiren El Tatio\" >\n\t\t\t\t\t\t\t\t<img title=\"auf dem Weg zu den Geysiren El Tatio\" alt=\"auf dem Weg zu den Geysiren El Tatio\" src=\"http:\/\/www.vogel-art.de\/blog\/wp-content\/gallery\/nordchile_observ_atacama\/thumbs\/thumbs_150510_069_Atacama_Geysir-El-Tatio_blog.jpg\" width='96' height='72' \/>\n\t\t\t\t\t\t\t<\/a>\n\t\t<\/div>\n\t<\/div>\n\n\t\t\t\t\t\t\t\t\t\n\t\t\n\t<div id=\"ngg-image-961\" class=\"ngg-gallery-thumbnail-box\"  >\n\t\t<div class=\"ngg-gallery-thumbnail\" >\n\t\t\t<a href=\"http:\/\/www.vogel-art.de\/blog\/wp-content\/gallery\/nordchile_observ_atacama\/150510_080_Atacama_Geysir-El-Tatio_blog.jpg\"\n\t\t\t\ttitle=\"auf dem Weg zu den Geysiren El Tatio\"\n\t\t\t\tclass=\"ngg-fancybox\" rel=\"5d7dd5693697e2b9aff7754228bcdbf7\" data-image-id=\"961\" data-src=\"http:\/\/www.vogel-art.de\/blog\/wp-content\/gallery\/nordchile_observ_atacama\/150510_080_Atacama_Geysir-El-Tatio_blog.jpg\" data-thumbnail=\"http:\/\/www.vogel-art.de\/blog\/wp-content\/gallery\/nordchile_observ_atacama\/thumbs\/thumbs_150510_080_Atacama_Geysir-El-Tatio_blog.jpg\" data-title=\"auf dem Weg zu den Geysiren El Tatio\" data-description=\"auf dem Weg zu den Geysiren El Tatio\" >\n\t\t\t\t\t\t\t\t<img title=\"auf dem Weg zu den Geysiren El Tatio\" alt=\"auf dem Weg zu den Geysiren El Tatio\" src=\"http:\/\/www.vogel-art.de\/blog\/wp-content\/gallery\/nordchile_observ_atacama\/thumbs\/thumbs_150510_080_Atacama_Geysir-El-Tatio_blog.jpg\" width='96' height='72' \/>\n\t\t\t\t\t\t\t<\/a>\n\t\t<\/div>\n\t<\/div>\n\n\t\t\t\t\t\t\t\t\t\n\t\t\n\t<div id=\"ngg-image-962\" class=\"ngg-gallery-thumbnail-box\"  >\n\t\t<div class=\"ngg-gallery-thumbnail\" >\n\t\t\t<a href=\"http:\/\/www.vogel-art.de\/blog\/wp-content\/gallery\/nordchile_observ_atacama\/150510_Atacama_Geysir-El-Tatiop068_blog.jpg\"\n\t\t\t\ttitle=\"auf dem Weg zu den Geysiren El Tatio\"\n\t\t\t\tclass=\"ngg-fancybox\" rel=\"5d7dd5693697e2b9aff7754228bcdbf7\" data-image-id=\"962\" data-src=\"http:\/\/www.vogel-art.de\/blog\/wp-content\/gallery\/nordchile_observ_atacama\/150510_Atacama_Geysir-El-Tatiop068_blog.jpg\" data-thumbnail=\"http:\/\/www.vogel-art.de\/blog\/wp-content\/gallery\/nordchile_observ_atacama\/thumbs\/thumbs_150510_Atacama_Geysir-El-Tatiop068_blog.jpg\" data-title=\"auf dem Weg zu den Geysiren El Tatio\" data-description=\"auf dem Weg zu den Geysiren El Tatio\" >\n\t\t\t\t\t\t\t\t<img title=\"auf dem Weg zu den Geysiren El Tatio\" alt=\"auf dem Weg zu den Geysiren El Tatio\" src=\"http:\/\/www.vogel-art.de\/blog\/wp-content\/gallery\/nordchile_observ_atacama\/thumbs\/thumbs_150510_Atacama_Geysir-El-Tatiop068_blog.jpg\" width='96' height='72' \/>\n\t\t\t\t\t\t\t<\/a>\n\t\t<\/div>\n\t<\/div>\n\n\t\t\t\t\t\t\t\t\t\n\t\t\n\t<div id=\"ngg-image-963\" class=\"ngg-gallery-thumbnail-box\"  >\n\t\t<div class=\"ngg-gallery-thumbnail\" >\n\t\t\t<a href=\"http:\/\/www.vogel-art.de\/blog\/wp-content\/gallery\/nordchile_observ_atacama\/150510_Atacama_Geysir-El-Tatiop099_blog.jpg\"\n\t\t\t\ttitle=\"auf dem Weg zu den Geysiren El Tatio\"\n\t\t\t\tclass=\"ngg-fancybox\" rel=\"5d7dd5693697e2b9aff7754228bcdbf7\" data-image-id=\"963\" data-src=\"http:\/\/www.vogel-art.de\/blog\/wp-content\/gallery\/nordchile_observ_atacama\/150510_Atacama_Geysir-El-Tatiop099_blog.jpg\" data-thumbnail=\"http:\/\/www.vogel-art.de\/blog\/wp-content\/gallery\/nordchile_observ_atacama\/thumbs\/thumbs_150510_Atacama_Geysir-El-Tatiop099_blog.jpg\" data-title=\"auf dem Weg zu den Geysiren El Tatio\" data-description=\"auf dem Weg zu den Geysiren El Tatio\" >\n\t\t\t\t\t\t\t\t<img title=\"auf dem Weg zu den Geysiren El Tatio\" alt=\"auf dem Weg zu den Geysiren El Tatio\" src=\"http:\/\/www.vogel-art.de\/blog\/wp-content\/gallery\/nordchile_observ_atacama\/thumbs\/thumbs_150510_Atacama_Geysir-El-Tatiop099_blog.jpg\" width='96' height='72' \/>\n\t\t\t\t\t\t\t<\/a>\n\t\t<\/div>\n\t<\/div>\n\n\t\t\t\t\t\t\t\t\t\n\t\t\n\t<div id=\"ngg-image-965\" class=\"ngg-gallery-thumbnail-box\"  >\n\t\t<div class=\"ngg-gallery-thumbnail\" >\n\t\t\t<a href=\"http:\/\/www.vogel-art.de\/blog\/wp-content\/gallery\/nordchile_observ_atacama\/150510_096_Atacama_Geysir-El-Tatio_blog.jpg\"\n\t\t\t\ttitle=\"Geysire El Tatio: auf 4400 m\"\n\t\t\t\tclass=\"ngg-fancybox\" rel=\"5d7dd5693697e2b9aff7754228bcdbf7\" data-image-id=\"965\" data-src=\"http:\/\/www.vogel-art.de\/blog\/wp-content\/gallery\/nordchile_observ_atacama\/150510_096_Atacama_Geysir-El-Tatio_blog.jpg\" data-thumbnail=\"http:\/\/www.vogel-art.de\/blog\/wp-content\/gallery\/nordchile_observ_atacama\/thumbs\/thumbs_150510_096_Atacama_Geysir-El-Tatio_blog.jpg\" data-title=\"Geysire El Tatio: auf 4400 m\" data-description=\"Geysire El Tatio: auf 4400 m\" >\n\t\t\t\t\t\t\t\t<img title=\"Geysire El Tatio: auf 4400 m\" alt=\"Geysire El Tatio: auf 4400 m\" src=\"http:\/\/www.vogel-art.de\/blog\/wp-content\/gallery\/nordchile_observ_atacama\/thumbs\/thumbs_150510_096_Atacama_Geysir-El-Tatio_blog.jpg\" width='96' height='72' \/>\n\t\t\t\t\t\t\t<\/a>\n\t\t<\/div>\n\t<\/div>\n\n\t\t\t\t\t\t\t\t\t\n\t\t\n\t<div id=\"ngg-image-966\" class=\"ngg-gallery-thumbnail-box\"  >\n\t\t<div class=\"ngg-gallery-thumbnail\" >\n\t\t\t<a href=\"http:\/\/www.vogel-art.de\/blog\/wp-content\/gallery\/nordchile_observ_atacama\/150511_131_Atacama_Geysir-El-Tatio_blog.jpg\"\n\t\t\t\ttitle=\"Geysire El Tatio\"\n\t\t\t\tclass=\"ngg-fancybox\" rel=\"5d7dd5693697e2b9aff7754228bcdbf7\" data-image-id=\"966\" data-src=\"http:\/\/www.vogel-art.de\/blog\/wp-content\/gallery\/nordchile_observ_atacama\/150511_131_Atacama_Geysir-El-Tatio_blog.jpg\" data-thumbnail=\"http:\/\/www.vogel-art.de\/blog\/wp-content\/gallery\/nordchile_observ_atacama\/thumbs\/thumbs_150511_131_Atacama_Geysir-El-Tatio_blog.jpg\" data-title=\"Geysire El Tatio\" data-description=\"Geysire El Tatio\" >\n\t\t\t\t\t\t\t\t<img title=\"Geysire El Tatio\" alt=\"Geysire El Tatio\" src=\"http:\/\/www.vogel-art.de\/blog\/wp-content\/gallery\/nordchile_observ_atacama\/thumbs\/thumbs_150511_131_Atacama_Geysir-El-Tatio_blog.jpg\" width='96' height='72' \/>\n\t\t\t\t\t\t\t<\/a>\n\t\t<\/div>\n\t<\/div>\n\n\t\t\t\t\t\t\t\t\t\n\t\t\n\t<div id=\"ngg-image-964\" class=\"ngg-gallery-thumbnail-box\"  >\n\t\t<div class=\"ngg-gallery-thumbnail\" >\n\t\t\t<a href=\"http:\/\/www.vogel-art.de\/blog\/wp-content\/gallery\/nordchile_observ_atacama\/150510_Atacama_Geysir-El-Tatiop115_blog.jpg\"\n\t\t\t\ttitle=\"Geysire El Tatio\"\n\t\t\t\tclass=\"ngg-fancybox\" rel=\"5d7dd5693697e2b9aff7754228bcdbf7\" data-image-id=\"964\" data-src=\"http:\/\/www.vogel-art.de\/blog\/wp-content\/gallery\/nordchile_observ_atacama\/150510_Atacama_Geysir-El-Tatiop115_blog.jpg\" data-thumbnail=\"http:\/\/www.vogel-art.de\/blog\/wp-content\/gallery\/nordchile_observ_atacama\/thumbs\/thumbs_150510_Atacama_Geysir-El-Tatiop115_blog.jpg\" data-title=\"Geysire El Tatio\" data-description=\"Geysire El Tatio\" >\n\t\t\t\t\t\t\t\t<img title=\"Geysire El Tatio\" alt=\"Geysire El Tatio\" src=\"http:\/\/www.vogel-art.de\/blog\/wp-content\/gallery\/nordchile_observ_atacama\/thumbs\/thumbs_150510_Atacama_Geysir-El-Tatiop115_blog.jpg\" width='96' height='72' \/>\n\t\t\t\t\t\t\t<\/a>\n\t\t<\/div>\n\t<\/div>\n\n\t\t\t\t\t\t\t\t\t\n\t\t\n\t<div id=\"ngg-image-967\" class=\"ngg-gallery-thumbnail-box\"  >\n\t\t<div class=\"ngg-gallery-thumbnail\" >\n\t\t\t<a href=\"http:\/\/www.vogel-art.de\/blog\/wp-content\/gallery\/nordchile_observ_atacama\/150511_141_Atacama_Geysir-El-Tatio_blog.jpg\"\n\t\t\t\ttitle=\"Geysire El Tatio\"\n\t\t\t\tclass=\"ngg-fancybox\" rel=\"5d7dd5693697e2b9aff7754228bcdbf7\" data-image-id=\"967\" data-src=\"http:\/\/www.vogel-art.de\/blog\/wp-content\/gallery\/nordchile_observ_atacama\/150511_141_Atacama_Geysir-El-Tatio_blog.jpg\" data-thumbnail=\"http:\/\/www.vogel-art.de\/blog\/wp-content\/gallery\/nordchile_observ_atacama\/thumbs\/thumbs_150511_141_Atacama_Geysir-El-Tatio_blog.jpg\" data-title=\"Geysire El Tatio\" data-description=\"Geysire El Tatio\" >\n\t\t\t\t\t\t\t\t<img title=\"Geysire El Tatio\" alt=\"Geysire El Tatio\" src=\"http:\/\/www.vogel-art.de\/blog\/wp-content\/gallery\/nordchile_observ_atacama\/thumbs\/thumbs_150511_141_Atacama_Geysir-El-Tatio_blog.jpg\" width='96' height='72' \/>\n\t\t\t\t\t\t\t<\/a>\n\t\t<\/div>\n\t<\/div>\n\n\t\t\t\t\t\t\t\t\t\n\t\t\n\t<div id=\"ngg-image-968\" class=\"ngg-gallery-thumbnail-box\"  >\n\t\t<div class=\"ngg-gallery-thumbnail\" >\n\t\t\t<a href=\"http:\/\/www.vogel-art.de\/blog\/wp-content\/gallery\/nordchile_observ_atacama\/150511_158_Atacama_Geysir-El-Tatio_blog.jpg\"\n\t\t\t\ttitle=\"Geysire El Tatio\"\n\t\t\t\tclass=\"ngg-fancybox\" rel=\"5d7dd5693697e2b9aff7754228bcdbf7\" data-image-id=\"968\" data-src=\"http:\/\/www.vogel-art.de\/blog\/wp-content\/gallery\/nordchile_observ_atacama\/150511_158_Atacama_Geysir-El-Tatio_blog.jpg\" data-thumbnail=\"http:\/\/www.vogel-art.de\/blog\/wp-content\/gallery\/nordchile_observ_atacama\/thumbs\/thumbs_150511_158_Atacama_Geysir-El-Tatio_blog.jpg\" data-title=\"Geysire El Tatio\" data-description=\"Geysire El Tatio\" >\n\t\t\t\t\t\t\t\t<img title=\"Geysire El Tatio\" alt=\"Geysire El Tatio\" src=\"http:\/\/www.vogel-art.de\/blog\/wp-content\/gallery\/nordchile_observ_atacama\/thumbs\/thumbs_150511_158_Atacama_Geysir-El-Tatio_blog.jpg\" width='96' height='72' \/>\n\t\t\t\t\t\t\t<\/a>\n\t\t<\/div>\n\t<\/div>\n\n\t\t\t\t\t\t\t\t\t\n\t\t\n\t<div id=\"ngg-image-969\" class=\"ngg-gallery-thumbnail-box\"  >\n\t\t<div class=\"ngg-gallery-thumbnail\" >\n\t\t\t<a href=\"http:\/\/www.vogel-art.de\/blog\/wp-content\/gallery\/nordchile_observ_atacama\/150511_163_Atacama_Geysir-El-Tatio_blog.jpg\"\n\t\t\t\ttitle=\"\u00dcbernachtungsplatz mit Warmwasseranschluss\"\n\t\t\t\tclass=\"ngg-fancybox\" rel=\"5d7dd5693697e2b9aff7754228bcdbf7\" data-image-id=\"969\" data-src=\"http:\/\/www.vogel-art.de\/blog\/wp-content\/gallery\/nordchile_observ_atacama\/150511_163_Atacama_Geysir-El-Tatio_blog.jpg\" data-thumbnail=\"http:\/\/www.vogel-art.de\/blog\/wp-content\/gallery\/nordchile_observ_atacama\/thumbs\/thumbs_150511_163_Atacama_Geysir-El-Tatio_blog.jpg\" data-title=\"\u00dcbernachtungsplatz mit Warmwasseranschluss\" data-description=\"\u00dcbernachtungsplatz mit Warmwasseranschluss\" >\n\t\t\t\t\t\t\t\t<img title=\"\u00dcbernachtungsplatz mit Warmwasseranschluss\" alt=\"\u00dcbernachtungsplatz mit Warmwasseranschluss\" src=\"http:\/\/www.vogel-art.de\/blog\/wp-content\/gallery\/nordchile_observ_atacama\/thumbs\/thumbs_150511_163_Atacama_Geysir-El-Tatio_blog.jpg\" width='96' height='72' \/>\n\t\t\t\t\t\t\t<\/a>\n\t\t<\/div>\n\t<\/div>\n\n\t\t\t\t\t\t\t\t\t\n\t\t\n\t<div id=\"ngg-image-970\" class=\"ngg-gallery-thumbnail-box\"  >\n\t\t<div class=\"ngg-gallery-thumbnail\" >\n\t\t\t<a href=\"http:\/\/www.vogel-art.de\/blog\/wp-content\/gallery\/nordchile_observ_atacama\/150511_Atacama_Geysir-El-Tatiop138_blog.jpg\"\n\t\t\t\ttitle=\"-12\u00b0C w\u00e4hrend der Nacht!!\"\n\t\t\t\tclass=\"ngg-fancybox\" rel=\"5d7dd5693697e2b9aff7754228bcdbf7\" data-image-id=\"970\" data-src=\"http:\/\/www.vogel-art.de\/blog\/wp-content\/gallery\/nordchile_observ_atacama\/150511_Atacama_Geysir-El-Tatiop138_blog.jpg\" data-thumbnail=\"http:\/\/www.vogel-art.de\/blog\/wp-content\/gallery\/nordchile_observ_atacama\/thumbs\/thumbs_150511_Atacama_Geysir-El-Tatiop138_blog.jpg\" data-title=\"-12\u00b0C w\u00e4hrend der Nacht!!\" data-description=\"-12\u00b0C w\u00e4hrend der Nacht!!\" >\n\t\t\t\t\t\t\t\t<img title=\"-12\u00b0C w\u00e4hrend der Nacht!!\" alt=\"-12\u00b0C w\u00e4hrend der Nacht!!\" src=\"http:\/\/www.vogel-art.de\/blog\/wp-content\/gallery\/nordchile_observ_atacama\/thumbs\/thumbs_150511_Atacama_Geysir-El-Tatiop138_blog.jpg\" width='96' height='72' \/>\n\t\t\t\t\t\t\t<\/a>\n\t\t<\/div>\n\t<\/div>\n\n\t\t\t\t\t\t\t\t\t\n\t\t\n\t<div id=\"ngg-image-971\" class=\"ngg-gallery-thumbnail-box\"  >\n\t\t<div class=\"ngg-gallery-thumbnail\" >\n\t\t\t<a href=\"http:\/\/www.vogel-art.de\/blog\/wp-content\/gallery\/nordchile_observ_atacama\/150511_166_Atacama_Geysir-El-Tatio_blog.jpg\"\n\t\t\t\ttitle=\"Geysire El Tatio bei Sonnenaufgang\"\n\t\t\t\tclass=\"ngg-fancybox\" rel=\"5d7dd5693697e2b9aff7754228bcdbf7\" data-image-id=\"971\" data-src=\"http:\/\/www.vogel-art.de\/blog\/wp-content\/gallery\/nordchile_observ_atacama\/150511_166_Atacama_Geysir-El-Tatio_blog.jpg\" data-thumbnail=\"http:\/\/www.vogel-art.de\/blog\/wp-content\/gallery\/nordchile_observ_atacama\/thumbs\/thumbs_150511_166_Atacama_Geysir-El-Tatio_blog.jpg\" data-title=\"Geysire El Tatio bei Sonnenaufgang\" data-description=\"Geysire El Tatio bei Sonnenaufgang\" >\n\t\t\t\t\t\t\t\t<img title=\"Geysire El Tatio bei Sonnenaufgang\" alt=\"Geysire El Tatio bei Sonnenaufgang\" src=\"http:\/\/www.vogel-art.de\/blog\/wp-content\/gallery\/nordchile_observ_atacama\/thumbs\/thumbs_150511_166_Atacama_Geysir-El-Tatio_blog.jpg\" width='96' height='72' \/>\n\t\t\t\t\t\t\t<\/a>\n\t\t<\/div>\n\t<\/div>\n\n\t\t\t\t\t\t\t\t\t\n\t\t\n\t<div id=\"ngg-image-972\" class=\"ngg-gallery-thumbnail-box\"  >\n\t\t<div class=\"ngg-gallery-thumbnail\" >\n\t\t\t<a href=\"http:\/\/www.vogel-art.de\/blog\/wp-content\/gallery\/nordchile_observ_atacama\/150511_177_Atacama_Geysir-El-Tatio_blog.jpg\"\n\t\t\t\ttitle=\"Geysire El Tatio bei Sonnenaufgang\"\n\t\t\t\tclass=\"ngg-fancybox\" rel=\"5d7dd5693697e2b9aff7754228bcdbf7\" data-image-id=\"972\" data-src=\"http:\/\/www.vogel-art.de\/blog\/wp-content\/gallery\/nordchile_observ_atacama\/150511_177_Atacama_Geysir-El-Tatio_blog.jpg\" data-thumbnail=\"http:\/\/www.vogel-art.de\/blog\/wp-content\/gallery\/nordchile_observ_atacama\/thumbs\/thumbs_150511_177_Atacama_Geysir-El-Tatio_blog.jpg\" data-title=\"Geysire El Tatio bei Sonnenaufgang\" data-description=\"Geysire El Tatio bei Sonnenaufgang\" >\n\t\t\t\t\t\t\t\t<img title=\"Geysire El Tatio bei Sonnenaufgang\" alt=\"Geysire El Tatio bei Sonnenaufgang\" src=\"http:\/\/www.vogel-art.de\/blog\/wp-content\/gallery\/nordchile_observ_atacama\/thumbs\/thumbs_150511_177_Atacama_Geysir-El-Tatio_blog.jpg\" width='96' height='72' \/>\n\t\t\t\t\t\t\t<\/a>\n\t\t<\/div>\n\t<\/div>\n\n\t\t\t\t\t\t\t\t\t\n\t\t\n\t<div id=\"ngg-image-973\" class=\"ngg-gallery-thumbnail-box\"  >\n\t\t<div class=\"ngg-gallery-thumbnail\" >\n\t\t\t<a href=\"http:\/\/www.vogel-art.de\/blog\/wp-content\/gallery\/nordchile_observ_atacama\/150511_182_Atacama_Geysir-El-Tatio_blog.jpg\"\n\t\t\t\ttitle=\"Geysire El Tatio\"\n\t\t\t\tclass=\"ngg-fancybox\" rel=\"5d7dd5693697e2b9aff7754228bcdbf7\" data-image-id=\"973\" data-src=\"http:\/\/www.vogel-art.de\/blog\/wp-content\/gallery\/nordchile_observ_atacama\/150511_182_Atacama_Geysir-El-Tatio_blog.jpg\" data-thumbnail=\"http:\/\/www.vogel-art.de\/blog\/wp-content\/gallery\/nordchile_observ_atacama\/thumbs\/thumbs_150511_182_Atacama_Geysir-El-Tatio_blog.jpg\" data-title=\"Geysire El Tatio\" data-description=\"Geysire El Tatio\" >\n\t\t\t\t\t\t\t\t<img title=\"Geysire El Tatio\" alt=\"Geysire El Tatio\" src=\"http:\/\/www.vogel-art.de\/blog\/wp-content\/gallery\/nordchile_observ_atacama\/thumbs\/thumbs_150511_182_Atacama_Geysir-El-Tatio_blog.jpg\" width='96' height='72' \/>\n\t\t\t\t\t\t\t<\/a>\n\t\t<\/div>\n\t<\/div>\n\n\t\t\t\t\t\t\t\t\t\n\t\t\n\t<div id=\"ngg-image-974\" class=\"ngg-gallery-thumbnail-box\"  >\n\t\t<div class=\"ngg-gallery-thumbnail\" >\n\t\t\t<a href=\"http:\/\/www.vogel-art.de\/blog\/wp-content\/gallery\/nordchile_observ_atacama\/150511_184_Atacama_Geysir-El-Tatio_blog.jpg\"\n\t\t\t\ttitle=\"Geysire El Tatio\"\n\t\t\t\tclass=\"ngg-fancybox\" rel=\"5d7dd5693697e2b9aff7754228bcdbf7\" data-image-id=\"974\" data-src=\"http:\/\/www.vogel-art.de\/blog\/wp-content\/gallery\/nordchile_observ_atacama\/150511_184_Atacama_Geysir-El-Tatio_blog.jpg\" data-thumbnail=\"http:\/\/www.vogel-art.de\/blog\/wp-content\/gallery\/nordchile_observ_atacama\/thumbs\/thumbs_150511_184_Atacama_Geysir-El-Tatio_blog.jpg\" data-title=\"Geysire El Tatio\" data-description=\"Geysire El Tatio\" >\n\t\t\t\t\t\t\t\t<img title=\"Geysire El Tatio\" alt=\"Geysire El Tatio\" src=\"http:\/\/www.vogel-art.de\/blog\/wp-content\/gallery\/nordchile_observ_atacama\/thumbs\/thumbs_150511_184_Atacama_Geysir-El-Tatio_blog.jpg\" width='96' height='72' \/>\n\t\t\t\t\t\t\t<\/a>\n\t\t<\/div>\n\t<\/div>\n\n\t\t\t\t\t\t\t\t\t\n\t\t\n\t<div id=\"ngg-image-983\" class=\"ngg-gallery-thumbnail-box\"  >\n\t\t<div class=\"ngg-gallery-thumbnail\" >\n\t\t\t<a href=\"http:\/\/www.vogel-art.de\/blog\/wp-content\/gallery\/nordchile_observ_atacama\/150511_146_Atacama_Geysir-El-Tatio_PAN_blog.jpg\"\n\t\t\t\ttitle=\"Geysire El Tatio\"\n\t\t\t\tclass=\"ngg-fancybox\" rel=\"5d7dd5693697e2b9aff7754228bcdbf7\" data-image-id=\"983\" data-src=\"http:\/\/www.vogel-art.de\/blog\/wp-content\/gallery\/nordchile_observ_atacama\/150511_146_Atacama_Geysir-El-Tatio_PAN_blog.jpg\" data-thumbnail=\"http:\/\/www.vogel-art.de\/blog\/wp-content\/gallery\/nordchile_observ_atacama\/thumbs\/thumbs_150511_146_Atacama_Geysir-El-Tatio_PAN_blog.jpg\" data-title=\"Geysire El Tatio\" data-description=\"Geysire El Tatio\" >\n\t\t\t\t\t\t\t\t<img title=\"Geysire El Tatio\" alt=\"Geysire El Tatio\" src=\"http:\/\/www.vogel-art.de\/blog\/wp-content\/gallery\/nordchile_observ_atacama\/thumbs\/thumbs_150511_146_Atacama_Geysir-El-Tatio_PAN_blog.jpg\" width='96' height='72' \/>\n\t\t\t\t\t\t\t<\/a>\n\t\t<\/div>\n\t<\/div>\n\n\t\t\t\t\t\t\t\t\t\n\t\t\n\t<div id=\"ngg-image-975\" class=\"ngg-gallery-thumbnail-box\"  >\n\t\t<div class=\"ngg-gallery-thumbnail\" >\n\t\t\t<a href=\"http:\/\/www.vogel-art.de\/blog\/wp-content\/gallery\/nordchile_observ_atacama\/150511_188_Atacama_Geysir-El-Tatio_blog.jpg\"\n\t\t\t\ttitle=\"Geysire El Tatio\"\n\t\t\t\tclass=\"ngg-fancybox\" rel=\"5d7dd5693697e2b9aff7754228bcdbf7\" data-image-id=\"975\" data-src=\"http:\/\/www.vogel-art.de\/blog\/wp-content\/gallery\/nordchile_observ_atacama\/150511_188_Atacama_Geysir-El-Tatio_blog.jpg\" data-thumbnail=\"http:\/\/www.vogel-art.de\/blog\/wp-content\/gallery\/nordchile_observ_atacama\/thumbs\/thumbs_150511_188_Atacama_Geysir-El-Tatio_blog.jpg\" data-title=\"Geysire El Tatio\" data-description=\"Geysire El Tatio\" >\n\t\t\t\t\t\t\t\t<img title=\"Geysire El Tatio\" alt=\"Geysire El Tatio\" src=\"http:\/\/www.vogel-art.de\/blog\/wp-content\/gallery\/nordchile_observ_atacama\/thumbs\/thumbs_150511_188_Atacama_Geysir-El-Tatio_blog.jpg\" width='96' height='72' \/>\n\t\t\t\t\t\t\t<\/a>\n\t\t<\/div>\n\t<\/div>\n\n\t\t\t\t\t\t\t\t\t\n\t\t\n\t<div id=\"ngg-image-976\" class=\"ngg-gallery-thumbnail-box\"  >\n\t\t<div class=\"ngg-gallery-thumbnail\" >\n\t\t\t<a href=\"http:\/\/www.vogel-art.de\/blog\/wp-content\/gallery\/nordchile_observ_atacama\/150511_201_Atacama_Geysir-El-Tatio_blog.jpg\"\n\t\t\t\ttitle=\"Geysire El Tatio\"\n\t\t\t\tclass=\"ngg-fancybox\" rel=\"5d7dd5693697e2b9aff7754228bcdbf7\" data-image-id=\"976\" data-src=\"http:\/\/www.vogel-art.de\/blog\/wp-content\/gallery\/nordchile_observ_atacama\/150511_201_Atacama_Geysir-El-Tatio_blog.jpg\" data-thumbnail=\"http:\/\/www.vogel-art.de\/blog\/wp-content\/gallery\/nordchile_observ_atacama\/thumbs\/thumbs_150511_201_Atacama_Geysir-El-Tatio_blog.jpg\" data-title=\"Geysire El Tatio\" data-description=\"Geysire El Tatio\" >\n\t\t\t\t\t\t\t\t<img title=\"Geysire El Tatio\" alt=\"Geysire El Tatio\" src=\"http:\/\/www.vogel-art.de\/blog\/wp-content\/gallery\/nordchile_observ_atacama\/thumbs\/thumbs_150511_201_Atacama_Geysir-El-Tatio_blog.jpg\" width='96' height='72' \/>\n\t\t\t\t\t\t\t<\/a>\n\t\t<\/div>\n\t<\/div>\n\n\t\t\t\t\t\t\t\t\t\n\t\t\n\t<div id=\"ngg-image-977\" class=\"ngg-gallery-thumbnail-box\"  >\n\t\t<div class=\"ngg-gallery-thumbnail\" >\n\t\t\t<a href=\"http:\/\/www.vogel-art.de\/blog\/wp-content\/gallery\/nordchile_observ_atacama\/150512_Atacama_Chiuchiu_002_blog.jpg\"\n\t\t\t\ttitle=\"Adobe-Kirche in Chiuchiu\"\n\t\t\t\tclass=\"ngg-fancybox\" rel=\"5d7dd5693697e2b9aff7754228bcdbf7\" data-image-id=\"977\" data-src=\"http:\/\/www.vogel-art.de\/blog\/wp-content\/gallery\/nordchile_observ_atacama\/150512_Atacama_Chiuchiu_002_blog.jpg\" data-thumbnail=\"http:\/\/www.vogel-art.de\/blog\/wp-content\/gallery\/nordchile_observ_atacama\/thumbs\/thumbs_150512_Atacama_Chiuchiu_002_blog.jpg\" data-title=\"Adobe-Kirche in Chiuchiu\" data-description=\"Adobe-Kirche in Chiuchiu\" >\n\t\t\t\t\t\t\t\t<img title=\"Adobe-Kirche in Chiuchiu\" alt=\"Adobe-Kirche in Chiuchiu\" src=\"http:\/\/www.vogel-art.de\/blog\/wp-content\/gallery\/nordchile_observ_atacama\/thumbs\/thumbs_150512_Atacama_Chiuchiu_002_blog.jpg\" width='96' height='72' \/>\n\t\t\t\t\t\t\t<\/a>\n\t\t<\/div>\n\t<\/div>\n\n\t\t\t\t\t\t\t\t\t\n\t\t\n\t<div id=\"ngg-image-978\" class=\"ngg-gallery-thumbnail-box\"  >\n\t\t<div class=\"ngg-gallery-thumbnail\" >\n\t\t\t<a href=\"http:\/\/www.vogel-art.de\/blog\/wp-content\/gallery\/nordchile_observ_atacama\/150512_Atacama_Chiuchiu_009_blog.jpg\"\n\t\t\t\ttitle=\"Adobe-Kirche in Chiuchiu, kurz vor Himmelfahrt\"\n\t\t\t\tclass=\"ngg-fancybox\" rel=\"5d7dd5693697e2b9aff7754228bcdbf7\" data-image-id=\"978\" data-src=\"http:\/\/www.vogel-art.de\/blog\/wp-content\/gallery\/nordchile_observ_atacama\/150512_Atacama_Chiuchiu_009_blog.jpg\" data-thumbnail=\"http:\/\/www.vogel-art.de\/blog\/wp-content\/gallery\/nordchile_observ_atacama\/thumbs\/thumbs_150512_Atacama_Chiuchiu_009_blog.jpg\" data-title=\"Adobe-Kirche in Chiuchiu, kurz vor Himmelfahrt\" data-description=\"Adobe-Kirche in Chiuchiu, kurz vor Himmelfahrt\" >\n\t\t\t\t\t\t\t\t<img title=\"Adobe-Kirche in Chiuchiu, kurz vor Himmelfahrt\" alt=\"Adobe-Kirche in Chiuchiu, kurz vor Himmelfahrt\" src=\"http:\/\/www.vogel-art.de\/blog\/wp-content\/gallery\/nordchile_observ_atacama\/thumbs\/thumbs_150512_Atacama_Chiuchiu_009_blog.jpg\" width='96' height='72' \/>\n\t\t\t\t\t\t\t<\/a>\n\t\t<\/div>\n\t<\/div>\n\n\t\t\t\t\t\t\t\t\t\n\t\t\n\t<div id=\"ngg-image-979\" class=\"ngg-gallery-thumbnail-box\"  >\n\t\t<div class=\"ngg-gallery-thumbnail\" >\n\t\t\t<a href=\"http:\/\/www.vogel-art.de\/blog\/wp-content\/gallery\/nordchile_observ_atacama\/150512_Atacama_Chiuchiu_013_blog.jpg\"\n\t\t\t\ttitle=\"Adobe-Kirche in Chiuchiu, Decke aus Kakteenholz\"\n\t\t\t\tclass=\"ngg-fancybox\" rel=\"5d7dd5693697e2b9aff7754228bcdbf7\" data-image-id=\"979\" data-src=\"http:\/\/www.vogel-art.de\/blog\/wp-content\/gallery\/nordchile_observ_atacama\/150512_Atacama_Chiuchiu_013_blog.jpg\" data-thumbnail=\"http:\/\/www.vogel-art.de\/blog\/wp-content\/gallery\/nordchile_observ_atacama\/thumbs\/thumbs_150512_Atacama_Chiuchiu_013_blog.jpg\" data-title=\"Adobe-Kirche in Chiuchiu, Decke aus Kakteenholz\" data-description=\"Adobe-Kirche in Chiuchiu, Decke aus Kakteenholz\" >\n\t\t\t\t\t\t\t\t<img title=\"Adobe-Kirche in Chiuchiu, Decke aus Kakteenholz\" alt=\"Adobe-Kirche in Chiuchiu, Decke aus Kakteenholz\" src=\"http:\/\/www.vogel-art.de\/blog\/wp-content\/gallery\/nordchile_observ_atacama\/thumbs\/thumbs_150512_Atacama_Chiuchiu_013_blog.jpg\" width='96' height='72' \/>\n\t\t\t\t\t\t\t<\/a>\n\t\t<\/div>\n\t<\/div>\n\n\t\t\t\t\t\t\t\t\t\n\t\t\n\t<div id=\"ngg-image-981\" class=\"ngg-gallery-thumbnail-box\"  >\n\t\t<div class=\"ngg-gallery-thumbnail\" >\n\t\t\t<a href=\"http:\/\/www.vogel-art.de\/blog\/wp-content\/gallery\/nordchile_observ_atacama\/150512_Atacama_Chiuchiu_023_blog.jpg\"\n\t\t\t\ttitle=\"Adobe-Kirche in Chiuchiu\"\n\t\t\t\tclass=\"ngg-fancybox\" rel=\"5d7dd5693697e2b9aff7754228bcdbf7\" data-image-id=\"981\" data-src=\"http:\/\/www.vogel-art.de\/blog\/wp-content\/gallery\/nordchile_observ_atacama\/150512_Atacama_Chiuchiu_023_blog.jpg\" data-thumbnail=\"http:\/\/www.vogel-art.de\/blog\/wp-content\/gallery\/nordchile_observ_atacama\/thumbs\/thumbs_150512_Atacama_Chiuchiu_023_blog.jpg\" data-title=\"Adobe-Kirche in Chiuchiu\" data-description=\"Adobe-Kirche in Chiuchiu\" >\n\t\t\t\t\t\t\t\t<img title=\"Adobe-Kirche in Chiuchiu\" alt=\"Adobe-Kirche in Chiuchiu\" src=\"http:\/\/www.vogel-art.de\/blog\/wp-content\/gallery\/nordchile_observ_atacama\/thumbs\/thumbs_150512_Atacama_Chiuchiu_023_blog.jpg\" width='96' height='72' \/>\n\t\t\t\t\t\t\t<\/a>\n\t\t<\/div>\n\t<\/div>\n\n\t\t\t\t\t\t\t\t\t\n\t\t\n\t<div id=\"ngg-image-980\" class=\"ngg-gallery-thumbnail-box\"  >\n\t\t<div class=\"ngg-gallery-thumbnail\" >\n\t\t\t<a href=\"http:\/\/www.vogel-art.de\/blog\/wp-content\/gallery\/nordchile_observ_atacama\/150512_Atacama_Chiuchiu_018_blog.jpg\"\n\t\t\t\ttitle=\"T\u00fcren aus Kakteenholz\"\n\t\t\t\tclass=\"ngg-fancybox\" rel=\"5d7dd5693697e2b9aff7754228bcdbf7\" data-image-id=\"980\" data-src=\"http:\/\/www.vogel-art.de\/blog\/wp-content\/gallery\/nordchile_observ_atacama\/150512_Atacama_Chiuchiu_018_blog.jpg\" data-thumbnail=\"http:\/\/www.vogel-art.de\/blog\/wp-content\/gallery\/nordchile_observ_atacama\/thumbs\/thumbs_150512_Atacama_Chiuchiu_018_blog.jpg\" data-title=\"T\u00fcren aus Kakteenholz\" data-description=\"T\u00fcren aus Kakteenholz\" >\n\t\t\t\t\t\t\t\t<img title=\"T\u00fcren aus Kakteenholz\" alt=\"T\u00fcren aus Kakteenholz\" src=\"http:\/\/www.vogel-art.de\/blog\/wp-content\/gallery\/nordchile_observ_atacama\/thumbs\/thumbs_150512_Atacama_Chiuchiu_018_blog.jpg\" width='96' height='72' \/>\n\t\t\t\t\t\t\t<\/a>\n\t\t<\/div>\n\t<\/div>\n\n\t\t\t\t\t\t\t\t\t\n\t\t\n\t<div id=\"ngg-image-982\" class=\"ngg-gallery-thumbnail-box\"  >\n\t\t<div class=\"ngg-gallery-thumbnail\" >\n\t\t\t<a href=\"http:\/\/www.vogel-art.de\/blog\/wp-content\/gallery\/nordchile_observ_atacama\/150512_Atacama_Chiuchiu_031_blog.jpg\"\n\t\t\t\ttitle=\"in Chiuchiu, Vorbereitungen f\u00fcr die Himmelfahrt\"\n\t\t\t\tclass=\"ngg-fancybox\" rel=\"5d7dd5693697e2b9aff7754228bcdbf7\" data-image-id=\"982\" data-src=\"http:\/\/www.vogel-art.de\/blog\/wp-content\/gallery\/nordchile_observ_atacama\/150512_Atacama_Chiuchiu_031_blog.jpg\" data-thumbnail=\"http:\/\/www.vogel-art.de\/blog\/wp-content\/gallery\/nordchile_observ_atacama\/thumbs\/thumbs_150512_Atacama_Chiuchiu_031_blog.jpg\" data-title=\"in Chiuchiu, Vorbereitungen f\u00fcr die Himmelfahrt\" data-description=\"in Chiuchiu, Vorbereitungen f\u00fcr die Himmelfahrt\" >\n\t\t\t\t\t\t\t\t<img title=\"in Chiuchiu, Vorbereitungen f\u00fcr die Himmelfahrt\" alt=\"in Chiuchiu, Vorbereitungen f\u00fcr die Himmelfahrt\" src=\"http:\/\/www.vogel-art.de\/blog\/wp-content\/gallery\/nordchile_observ_atacama\/thumbs\/thumbs_150512_Atacama_Chiuchiu_031_blog.jpg\" width='96' height='72' \/>\n\t\t\t\t\t\t\t<\/a>\n\t\t<\/div>\n\t<\/div>\n\n\t\t\t\t\t\t\t\t\t\n\t\t\n\t<!-- Pagination -->\n\t\t<div class='ngg-clear'><\/div>\t\n<\/div>\n\n\t<\/p>\n<p>Es wird immer trockener und w\u00fcstiger und steiniger. Wir sind in der Atacama W\u00fcste angelangt. Hier haben chilenische, US amerikanische und europ\u00e4ische Wissenschaftler und Universit\u00e4ten riesen Observatorien, um die Sterne und das Weltall zu beobachten. Wir melden uns bei einem der Observatorien an, wo man ins Teleskop schauen kann und haben Gl\u00fcck! In einer mondlosen Nacht sehen wir in aller Klarheit Saturn mit seinem Reif und Jupiter mit den 4 Monden im Gep\u00e4ck und noch einen Sternencluster. Zus\u00e4tzlich werden wir uns nun nachts nicht mehr verfahren, weil wir\u00a0 anhand des \u201cKreuz des S\u00fcdens\u201d zuverl\u00e4ssig die Himmelsrichtungen bestimmen k\u00f6nnen. Jetzt sind wir infizert und wollen die hoch wissenschaftlichen Observatorien auch noch besuchen. Wir melden uns bei Tololo an und bekommen eine Zusage. Wir fahren mit einigen anderen Autos ca. 30 Km durch abgesperrtes W\u00fcstengebiet auf den H\u00fcgel, wo die Anlage steht. Wir besichtigen das Gel\u00e4nde, die riesenhafte Sternwarte mit gro\u00dfem Teleskop und sind beeindruckt \u2013 wieder bekommen wir eine leise Ahnung von einer \u201cneue Welt\u201doder m\u00fcsste man hier von Welten sprechen und Raum und Zeit? Dann fahren wir hinunter ins Tal, bald kommen die Forscher und die Nacht und ihre Arbeit beginnt.<\/p>\n<p>Wir fahren durch die W\u00fcste, die am Meer liegt,\u00a0 alles ist so steinig und karg, wieder eine weitere Kargheit, die anders aussieht als die\u00a0 Kargheit im S\u00fcden des Kontinents. Ich genie\u00dfe den Pazifik und die Tage in der Gischt. Die wenigen St\u00e4dte sind eher Ansammlungen von H\u00e4usern und H\u00fctten in denen man immer das Notwendigste einkaufen kann. Leider war hier im Norden Chiles, mitten in einer der trockensten Regionen der Erde, vor Kurzem ein katastrophales Unwetter. Die Folgen sind verheerend, die Orte \u00fcberschwemmt. Die Aufr\u00e4umarbeiten sind in vollem Gange.<\/p>\n<p>Im W\u00fcstenort San Pedro de Atacama treffen wir wieder viele Touristen aus aller Welt an, es ist ein so kleiner dorfartiger Ort und so belebt und quirlig. Agenturen bieten Touren an zu den umliegenden Naturschauspielen und wir sind mal wieder in der komfortablen Situation, einen Bremach dabei zu haben und alles selber fahren zu k\u00f6nnen. Im Valle de la Luna verbringen wir den Nachmittag und Abend, im Tal des Todes die Nacht.\u00a0 Ein weiteres Highlight sind die Geysire El Tatio, sie liegen auf 4400m H\u00f6he und sind somit das h\u00f6chste Geysirfeld der Welt. Am sch\u00f6nsten sind sie fr\u00fch morgens anzusehen, deshalb fahren wir nachmittags los, baden noch kurz vor Sonnenuntergang im hei\u00dfen Wasser und lassen die eiskalte Nacht von \u201312 Grad und d\u00fcnner Luft auf uns zukommen. Zugegebener Ma\u00dfen, sch\u00f6n war sie nicht, die Nacht, aber der Morgen und das Spektakel und Gedampfe der Geysire ein nie gesehenes Schauspiel.<\/p>\n<p>Manchmal \u00fcbermannt mich ja das Heimweh und dann kommt die Natur wieder mit dem n\u00e4chsten Spektakel ums Eck, so dass ich doch wieder unbedingt hierbleiben muss und will \u2013 das ist doch schrecklich. Wir werden sehen, mit was sie noch so aufwartet! Bis bald! Liebe Gr\u00fc\u00dfe, Petra und Heinz.<\/p>\n","protected":false},"excerpt":{"rendered":"<p>[Zeige Bilderliste] Es wird immer trockener und w\u00fcstiger und steiniger. Wir sind in der Atacama W\u00fcste angelangt. Hier haben chilenische, US amerikanische und europ\u00e4ische Wissenschaftler und Universit\u00e4ten riesen Observatorien, um die Sterne und das Weltall zu beobachten. Wir melden uns bei einem der Observatorien an, wo man ins Teleskop schauen kann und haben Gl\u00fcck! In &hellip; <a href=\"http:\/\/www.vogel-art.de\/blog\/?p=2376\" class=\"more-link\"><span class=\"screen-reader-text\">Sterne, Meer und W\u00fcste<\/span> weiterlesen <span class=\"meta-nav\">&rarr;<\/span><\/a><\/p>\n","protected":false},"author":2,"featured_media":2383,"comment_status":"open","ping_status":"open","sticky":false,"template":"","format":"gallery","meta":{"ngg_post_thumbnail":0,"footnotes":""},"categories":[20,19,12],"tags":[],"class_list":["post-2376","post","type-post","status-publish","format-gallery","has-post-thumbnail","hentry","category-atacama","category-chile","category-die-grosse-reise","post_format-post-format-gallery"],"_links":{"self":[{"href":"http:\/\/www.vogel-art.de\/blog\/index.php?rest_route=\/wp\/v2\/posts\/2376","targetHints":{"allow":["GET"]}}],"collection":[{"href":"http:\/\/www.vogel-art.de\/blog\/index.php?rest_route=\/wp\/v2\/posts"}],"about":[{"href":"http:\/\/www.vogel-art.de\/blog\/index.php?rest_route=\/wp\/v2\/types\/post"}],"author":[{"embeddable":true,"href":"http:\/\/www.vogel-art.de\/blog\/index.php?rest_route=\/wp\/v2\/users\/2"}],"replies":[{"embeddable":true,"href":"http:\/\/www.vogel-art.de\/blog\/index.php?rest_route=%2Fwp%2Fv2%2Fcomments&post=2376"}],"version-history":[{"count":6,"href":"http:\/\/www.vogel-art.de\/blog\/index.php?rest_route=\/wp\/v2\/posts\/2376\/revisions"}],"predecessor-version":[{"id":2386,"href":"http:\/\/www.vogel-art.de\/blog\/index.php?rest_route=\/wp\/v2\/posts\/2376\/revisions\/2386"}],"wp:featuredmedia":[{"embeddable":true,"href":"http:\/\/www.vogel-art.de\/blog\/index.php?rest_route=\/wp\/v2\/media\/2383"}],"wp:attachment":[{"href":"http:\/\/www.vogel-art.de\/blog\/index.php?rest_route=%2Fwp%2Fv2%2Fmedia&parent=2376"}],"wp:term":[{"taxonomy":"category","embeddable":true,"href":"http:\/\/www.vogel-art.de\/blog\/index.php?rest_route=%2Fwp%2Fv2%2Fcategories&post=2376"},{"taxonomy":"post_tag","embeddable":true,"href":"http:\/\/www.vogel-art.de\/blog\/index.php?rest_route=%2Fwp%2Fv2%2Ftags&post=2376"}],"curies":[{"name":"wp","href":"https:\/\/api.w.org\/{rel}","templated":true}]}}