{"id":1077,"date":"2015-02-04T15:10:52","date_gmt":"2015-02-04T17:10:52","guid":{"rendered":"http:\/\/www.vogel-art.de\/blog\/?p=1077"},"modified":"2015-09-12T11:01:33","modified_gmt":"2015-09-12T14:01:33","slug":"vom-flachland-in-die-berge","status":"publish","type":"post","link":"http:\/\/www.vogel-art.de\/blog\/?p=1077","title":{"rendered":"Vom Flachland in die Berge"},"content":{"rendered":"<p>\n<div class=\"ngg-galleryoverview\" id=\"ngg-gallery-af3e3e27c9595e64b5841970973f1c2b-1077\">\n\n\t\t\t<!-- Slideshow link -->\n\t<div class=\"slideshowlink\">\n\t\t<a class=\"slideshowlink\" href=\"http:\/\/www.vogel-art.de\/blog\/index.php\/nggallery\/slideshow?p=1077\">\n\t\t\t[Zeige Bilderliste]\t\t<\/a>\n\t<\/div>\n\n\t<!-- Thumbnails -->\n\t\t\t\t\t\n\t<div id=\"ngg-image-299\" class=\"ngg-gallery-thumbnail-box\"  >\n\t\t<div class=\"ngg-gallery-thumbnail\" >\n\t\t\t<a href=\"http:\/\/www.vogel-art.de\/blog\/wp-content\/gallery\/chalten_calafate\/141223_Argentinien_FitzRoy_018_blog.jpg\"\n\t\t\t\ttitle=\"erste Blicke auf die Anden\"\n\t\t\t\tclass=\"ngg-fancybox\" rel=\"af3e3e27c9595e64b5841970973f1c2b\" data-image-id=\"299\" data-src=\"http:\/\/www.vogel-art.de\/blog\/wp-content\/gallery\/chalten_calafate\/141223_Argentinien_FitzRoy_018_blog.jpg\" data-thumbnail=\"http:\/\/www.vogel-art.de\/blog\/wp-content\/gallery\/chalten_calafate\/thumbs\/thumbs_141223_Argentinien_FitzRoy_018_blog.jpg\" data-title=\"erste Blicke auf die Anden\" data-description=\"erste Blicke auf die Anden\" >\n\t\t\t\t\t\t\t\t<img title=\"erste Blicke auf die Anden\" alt=\"erste Blicke auf die Anden\" src=\"http:\/\/www.vogel-art.de\/blog\/wp-content\/gallery\/chalten_calafate\/thumbs\/thumbs_141223_Argentinien_FitzRoy_018_blog.jpg\" width='96' height='72' \/>\n\t\t\t\t\t\t\t<\/a>\n\t\t<\/div>\n\t<\/div>\n\n\t\t\t\t\t\t\t\t\t\n\t\t\n\t<div id=\"ngg-image-300\" class=\"ngg-gallery-thumbnail-box\"  >\n\t\t<div class=\"ngg-gallery-thumbnail\" >\n\t\t\t<a href=\"http:\/\/www.vogel-art.de\/blog\/wp-content\/gallery\/chalten_calafate\/141223_Argentinien_FitzRoy_022_blog.jpg\"\n\t\t\t\ttitle=\"erste Blicke auf die Anden\"\n\t\t\t\tclass=\"ngg-fancybox\" rel=\"af3e3e27c9595e64b5841970973f1c2b\" data-image-id=\"300\" data-src=\"http:\/\/www.vogel-art.de\/blog\/wp-content\/gallery\/chalten_calafate\/141223_Argentinien_FitzRoy_022_blog.jpg\" data-thumbnail=\"http:\/\/www.vogel-art.de\/blog\/wp-content\/gallery\/chalten_calafate\/thumbs\/thumbs_141223_Argentinien_FitzRoy_022_blog.jpg\" data-title=\"erste Blicke auf die Anden\" data-description=\"erste Blicke auf die Anden\" >\n\t\t\t\t\t\t\t\t<img title=\"erste Blicke auf die Anden\" alt=\"erste Blicke auf die Anden\" src=\"http:\/\/www.vogel-art.de\/blog\/wp-content\/gallery\/chalten_calafate\/thumbs\/thumbs_141223_Argentinien_FitzRoy_022_blog.jpg\" width='96' height='72' \/>\n\t\t\t\t\t\t\t<\/a>\n\t\t<\/div>\n\t<\/div>\n\n\t\t\t\t\t\t\t\t\t\n\t\t\n\t<div id=\"ngg-image-301\" class=\"ngg-gallery-thumbnail-box\"  >\n\t\t<div class=\"ngg-gallery-thumbnail\" >\n\t\t\t<a href=\"http:\/\/www.vogel-art.de\/blog\/wp-content\/gallery\/chalten_calafate\/141223_Argentinien_FitzRoy_032_blog.jpg\"\n\t\t\t\ttitle=\"erste Blicke auf die Anden\"\n\t\t\t\tclass=\"ngg-fancybox\" rel=\"af3e3e27c9595e64b5841970973f1c2b\" data-image-id=\"301\" data-src=\"http:\/\/www.vogel-art.de\/blog\/wp-content\/gallery\/chalten_calafate\/141223_Argentinien_FitzRoy_032_blog.jpg\" data-thumbnail=\"http:\/\/www.vogel-art.de\/blog\/wp-content\/gallery\/chalten_calafate\/thumbs\/thumbs_141223_Argentinien_FitzRoy_032_blog.jpg\" data-title=\"erste Blicke auf die Anden\" data-description=\"erste Blicke auf die Anden\" >\n\t\t\t\t\t\t\t\t<img title=\"erste Blicke auf die Anden\" alt=\"erste Blicke auf die Anden\" src=\"http:\/\/www.vogel-art.de\/blog\/wp-content\/gallery\/chalten_calafate\/thumbs\/thumbs_141223_Argentinien_FitzRoy_032_blog.jpg\" width='96' height='72' \/>\n\t\t\t\t\t\t\t<\/a>\n\t\t<\/div>\n\t<\/div>\n\n\t\t\t\t\t\t\t\t\t\n\t\t\n\t<div id=\"ngg-image-302\" class=\"ngg-gallery-thumbnail-box\"  >\n\t\t<div class=\"ngg-gallery-thumbnail\" >\n\t\t\t<a href=\"http:\/\/www.vogel-art.de\/blog\/wp-content\/gallery\/chalten_calafate\/141223_Argentinien_FitzRoy_033_blog.jpg\"\n\t\t\t\ttitle=\"El Chalten - Trekkingparadies mit internationalem Publikum\"\n\t\t\t\tclass=\"ngg-fancybox\" rel=\"af3e3e27c9595e64b5841970973f1c2b\" data-image-id=\"302\" data-src=\"http:\/\/www.vogel-art.de\/blog\/wp-content\/gallery\/chalten_calafate\/141223_Argentinien_FitzRoy_033_blog.jpg\" data-thumbnail=\"http:\/\/www.vogel-art.de\/blog\/wp-content\/gallery\/chalten_calafate\/thumbs\/thumbs_141223_Argentinien_FitzRoy_033_blog.jpg\" data-title=\"El Chalten - Trekkingparadies mit internationalem Publikum\" data-description=\"El Chalten - Trekkingparadies mit internationalem Publikum\" >\n\t\t\t\t\t\t\t\t<img title=\"El Chalten - Trekkingparadies mit internationalem Publikum\" alt=\"El Chalten - Trekkingparadies mit internationalem Publikum\" src=\"http:\/\/www.vogel-art.de\/blog\/wp-content\/gallery\/chalten_calafate\/thumbs\/thumbs_141223_Argentinien_FitzRoy_033_blog.jpg\" width='96' height='72' \/>\n\t\t\t\t\t\t\t<\/a>\n\t\t<\/div>\n\t<\/div>\n\n\t\t\t\t\t\t\t\t\t\n\t\t\n\t<div id=\"ngg-image-303\" class=\"ngg-gallery-thumbnail-box\"  >\n\t\t<div class=\"ngg-gallery-thumbnail\" >\n\t\t\t<a href=\"http:\/\/www.vogel-art.de\/blog\/wp-content\/gallery\/chalten_calafate\/141224_Argentinien_FitzRoyp030_blog.jpg\"\n\t\t\t\ttitle=\"internationales Weihnachten\"\n\t\t\t\tclass=\"ngg-fancybox\" rel=\"af3e3e27c9595e64b5841970973f1c2b\" data-image-id=\"303\" data-src=\"http:\/\/www.vogel-art.de\/blog\/wp-content\/gallery\/chalten_calafate\/141224_Argentinien_FitzRoyp030_blog.jpg\" data-thumbnail=\"http:\/\/www.vogel-art.de\/blog\/wp-content\/gallery\/chalten_calafate\/thumbs\/thumbs_141224_Argentinien_FitzRoyp030_blog.jpg\" data-title=\"internationales Weihnachten\" data-description=\"internationales Weihnachten\" >\n\t\t\t\t\t\t\t\t<img title=\"internationales Weihnachten\" alt=\"internationales Weihnachten\" src=\"http:\/\/www.vogel-art.de\/blog\/wp-content\/gallery\/chalten_calafate\/thumbs\/thumbs_141224_Argentinien_FitzRoyp030_blog.jpg\" width='96' height='72' \/>\n\t\t\t\t\t\t\t<\/a>\n\t\t<\/div>\n\t<\/div>\n\n\t\t\t\t\t\t\t\t\t\n\t\t\n\t<div id=\"ngg-image-304\" class=\"ngg-gallery-thumbnail-box\"  >\n\t\t<div class=\"ngg-gallery-thumbnail\" >\n\t\t\t<a href=\"http:\/\/www.vogel-art.de\/blog\/wp-content\/gallery\/chalten_calafate\/141225_Argentinien_FitzRoy_051_blog.jpg\"\n\t\t\t\ttitle=\"Laguna Torre - Basislager am Cerro Torre\"\n\t\t\t\tclass=\"ngg-fancybox\" rel=\"af3e3e27c9595e64b5841970973f1c2b\" data-image-id=\"304\" data-src=\"http:\/\/www.vogel-art.de\/blog\/wp-content\/gallery\/chalten_calafate\/141225_Argentinien_FitzRoy_051_blog.jpg\" data-thumbnail=\"http:\/\/www.vogel-art.de\/blog\/wp-content\/gallery\/chalten_calafate\/thumbs\/thumbs_141225_Argentinien_FitzRoy_051_blog.jpg\" data-title=\"Laguna Torre - Basislager am Cerro Torre\" data-description=\"Laguna Torre - Basislager am Cerro Torre\" >\n\t\t\t\t\t\t\t\t<img title=\"Laguna Torre - Basislager am Cerro Torre\" alt=\"Laguna Torre - Basislager am Cerro Torre\" src=\"http:\/\/www.vogel-art.de\/blog\/wp-content\/gallery\/chalten_calafate\/thumbs\/thumbs_141225_Argentinien_FitzRoy_051_blog.jpg\" width='96' height='72' \/>\n\t\t\t\t\t\t\t<\/a>\n\t\t<\/div>\n\t<\/div>\n\n\t\t\t\t\t\t\t\t\t\n\t\t\n\t<div id=\"ngg-image-307\" class=\"ngg-gallery-thumbnail-box\"  >\n\t\t<div class=\"ngg-gallery-thumbnail\" >\n\t\t\t<a href=\"http:\/\/www.vogel-art.de\/blog\/wp-content\/gallery\/chalten_calafate\/141225_Argentinien_FitzRoyp060_blog.jpg\"\n\t\t\t\ttitle=\"Laguna Torre - Basislager am Cerro Torre\"\n\t\t\t\tclass=\"ngg-fancybox\" rel=\"af3e3e27c9595e64b5841970973f1c2b\" data-image-id=\"307\" data-src=\"http:\/\/www.vogel-art.de\/blog\/wp-content\/gallery\/chalten_calafate\/141225_Argentinien_FitzRoyp060_blog.jpg\" data-thumbnail=\"http:\/\/www.vogel-art.de\/blog\/wp-content\/gallery\/chalten_calafate\/thumbs\/thumbs_141225_Argentinien_FitzRoyp060_blog.jpg\" data-title=\"Laguna Torre - Basislager am Cerro Torre\" data-description=\"Laguna Torre - Basislager am Cerro Torre\" >\n\t\t\t\t\t\t\t\t<img title=\"Laguna Torre - Basislager am Cerro Torre\" alt=\"Laguna Torre - Basislager am Cerro Torre\" src=\"http:\/\/www.vogel-art.de\/blog\/wp-content\/gallery\/chalten_calafate\/thumbs\/thumbs_141225_Argentinien_FitzRoyp060_blog.jpg\" width='96' height='72' \/>\n\t\t\t\t\t\t\t<\/a>\n\t\t<\/div>\n\t<\/div>\n\n\t\t\t\t\t\t\t\t\t\n\t\t\n\t<div id=\"ngg-image-305\" class=\"ngg-gallery-thumbnail-box\"  >\n\t\t<div class=\"ngg-gallery-thumbnail\" >\n\t\t\t<a href=\"http:\/\/www.vogel-art.de\/blog\/wp-content\/gallery\/chalten_calafate\/141225_Argentinien_FitzRoyp035_blog.jpg\"\n\t\t\t\ttitle=\"Das Wasser holt man aus dem Bach.\"\n\t\t\t\tclass=\"ngg-fancybox\" rel=\"af3e3e27c9595e64b5841970973f1c2b\" data-image-id=\"305\" data-src=\"http:\/\/www.vogel-art.de\/blog\/wp-content\/gallery\/chalten_calafate\/141225_Argentinien_FitzRoyp035_blog.jpg\" data-thumbnail=\"http:\/\/www.vogel-art.de\/blog\/wp-content\/gallery\/chalten_calafate\/thumbs\/thumbs_141225_Argentinien_FitzRoyp035_blog.jpg\" data-title=\"Das Wasser holt man aus dem Bach.\" data-description=\"Das Wasser holt man aus dem Bach.\" >\n\t\t\t\t\t\t\t\t<img title=\"Das Wasser holt man aus dem Bach.\" alt=\"Das Wasser holt man aus dem Bach.\" src=\"http:\/\/www.vogel-art.de\/blog\/wp-content\/gallery\/chalten_calafate\/thumbs\/thumbs_141225_Argentinien_FitzRoyp035_blog.jpg\" width='96' height='72' \/>\n\t\t\t\t\t\t\t<\/a>\n\t\t<\/div>\n\t<\/div>\n\n\t\t\t\t\t\t\t\t\t\n\t\t\n\t<div id=\"ngg-image-306\" class=\"ngg-gallery-thumbnail-box\"  >\n\t\t<div class=\"ngg-gallery-thumbnail\" >\n\t\t\t<a href=\"http:\/\/www.vogel-art.de\/blog\/wp-content\/gallery\/chalten_calafate\/141225_Argentinien_FitzRoyp054_blog.jpg\"\n\t\t\t\ttitle=\"angekommen\"\n\t\t\t\tclass=\"ngg-fancybox\" rel=\"af3e3e27c9595e64b5841970973f1c2b\" data-image-id=\"306\" data-src=\"http:\/\/www.vogel-art.de\/blog\/wp-content\/gallery\/chalten_calafate\/141225_Argentinien_FitzRoyp054_blog.jpg\" data-thumbnail=\"http:\/\/www.vogel-art.de\/blog\/wp-content\/gallery\/chalten_calafate\/thumbs\/thumbs_141225_Argentinien_FitzRoyp054_blog.jpg\" data-title=\"angekommen\" data-description=\"angekommen\" >\n\t\t\t\t\t\t\t\t<img title=\"angekommen\" alt=\"angekommen\" src=\"http:\/\/www.vogel-art.de\/blog\/wp-content\/gallery\/chalten_calafate\/thumbs\/thumbs_141225_Argentinien_FitzRoyp054_blog.jpg\" width='96' height='72' \/>\n\t\t\t\t\t\t\t<\/a>\n\t\t<\/div>\n\t<\/div>\n\n\t\t\t\t\t\t\t\t\t\n\t\t\n\t<div id=\"ngg-image-308\" class=\"ngg-gallery-thumbnail-box\"  >\n\t\t<div class=\"ngg-gallery-thumbnail\" >\n\t\t\t<a href=\"http:\/\/www.vogel-art.de\/blog\/wp-content\/gallery\/chalten_calafate\/141225_Argentinien_FitzRoyp070_blog.jpg\"\n\t\t\t\ttitle=\"Laguna Torre - Basislager am Cerro Torre\"\n\t\t\t\tclass=\"ngg-fancybox\" rel=\"af3e3e27c9595e64b5841970973f1c2b\" data-image-id=\"308\" data-src=\"http:\/\/www.vogel-art.de\/blog\/wp-content\/gallery\/chalten_calafate\/141225_Argentinien_FitzRoyp070_blog.jpg\" data-thumbnail=\"http:\/\/www.vogel-art.de\/blog\/wp-content\/gallery\/chalten_calafate\/thumbs\/thumbs_141225_Argentinien_FitzRoyp070_blog.jpg\" data-title=\"Laguna Torre - Basislager am Cerro Torre\" data-description=\"Laguna Torre - Basislager am Cerro Torre\" >\n\t\t\t\t\t\t\t\t<img title=\"Laguna Torre - Basislager am Cerro Torre\" alt=\"Laguna Torre - Basislager am Cerro Torre\" src=\"http:\/\/www.vogel-art.de\/blog\/wp-content\/gallery\/chalten_calafate\/thumbs\/thumbs_141225_Argentinien_FitzRoyp070_blog.jpg\" width='96' height='72' \/>\n\t\t\t\t\t\t\t<\/a>\n\t\t<\/div>\n\t<\/div>\n\n\t\t\t\t\t\t\t\t\t\n\t\t\n\t<div id=\"ngg-image-309\" class=\"ngg-gallery-thumbnail-box\"  >\n\t\t<div class=\"ngg-gallery-thumbnail\" >\n\t\t\t<a href=\"http:\/\/www.vogel-art.de\/blog\/wp-content\/gallery\/chalten_calafate\/141225_Argentinien_FitzRoyp077_blog.jpg\"\n\t\t\t\ttitle=\"Laguna Torre - Basislager am Cerro Torre\"\n\t\t\t\tclass=\"ngg-fancybox\" rel=\"af3e3e27c9595e64b5841970973f1c2b\" data-image-id=\"309\" data-src=\"http:\/\/www.vogel-art.de\/blog\/wp-content\/gallery\/chalten_calafate\/141225_Argentinien_FitzRoyp077_blog.jpg\" data-thumbnail=\"http:\/\/www.vogel-art.de\/blog\/wp-content\/gallery\/chalten_calafate\/thumbs\/thumbs_141225_Argentinien_FitzRoyp077_blog.jpg\" data-title=\"Laguna Torre - Basislager am Cerro Torre\" data-description=\"Laguna Torre - Basislager am Cerro Torre\" >\n\t\t\t\t\t\t\t\t<img title=\"Laguna Torre - Basislager am Cerro Torre\" alt=\"Laguna Torre - Basislager am Cerro Torre\" src=\"http:\/\/www.vogel-art.de\/blog\/wp-content\/gallery\/chalten_calafate\/thumbs\/thumbs_141225_Argentinien_FitzRoyp077_blog.jpg\" width='96' height='72' \/>\n\t\t\t\t\t\t\t<\/a>\n\t\t<\/div>\n\t<\/div>\n\n\t\t\t\t\t\t\t\t\t\n\t\t\n\t<div id=\"ngg-image-312\" class=\"ngg-gallery-thumbnail-box\"  >\n\t\t<div class=\"ngg-gallery-thumbnail\" >\n\t\t\t<a href=\"http:\/\/www.vogel-art.de\/blog\/wp-content\/gallery\/chalten_calafate\/141226_Argentinien_FitzRoy_089_blog.jpg\"\n\t\t\t\ttitle=\"Fr\u00fchst\u00fccksgast\"\n\t\t\t\tclass=\"ngg-fancybox\" rel=\"af3e3e27c9595e64b5841970973f1c2b\" data-image-id=\"312\" data-src=\"http:\/\/www.vogel-art.de\/blog\/wp-content\/gallery\/chalten_calafate\/141226_Argentinien_FitzRoy_089_blog.jpg\" data-thumbnail=\"http:\/\/www.vogel-art.de\/blog\/wp-content\/gallery\/chalten_calafate\/thumbs\/thumbs_141226_Argentinien_FitzRoy_089_blog.jpg\" data-title=\"Fr\u00fchst\u00fccksgast\" data-description=\"Fr\u00fchst\u00fccksgast\" >\n\t\t\t\t\t\t\t\t<img title=\"Fr\u00fchst\u00fccksgast\" alt=\"Fr\u00fchst\u00fccksgast\" src=\"http:\/\/www.vogel-art.de\/blog\/wp-content\/gallery\/chalten_calafate\/thumbs\/thumbs_141226_Argentinien_FitzRoy_089_blog.jpg\" width='96' height='72' \/>\n\t\t\t\t\t\t\t<\/a>\n\t\t<\/div>\n\t<\/div>\n\n\t\t\t\t\t\t\t\t\t\n\t\t\n\t<div id=\"ngg-image-313\" class=\"ngg-gallery-thumbnail-box\"  >\n\t\t<div class=\"ngg-gallery-thumbnail\" >\n\t\t\t<a href=\"http:\/\/www.vogel-art.de\/blog\/wp-content\/gallery\/chalten_calafate\/141226_Argentinien_FitzRoy_095_blog.jpg\"\n\t\t\t\ttitle=\"V\u00f6gel beim Fr\u00fchst\u00fcck\"\n\t\t\t\tclass=\"ngg-fancybox\" rel=\"af3e3e27c9595e64b5841970973f1c2b\" data-image-id=\"313\" data-src=\"http:\/\/www.vogel-art.de\/blog\/wp-content\/gallery\/chalten_calafate\/141226_Argentinien_FitzRoy_095_blog.jpg\" data-thumbnail=\"http:\/\/www.vogel-art.de\/blog\/wp-content\/gallery\/chalten_calafate\/thumbs\/thumbs_141226_Argentinien_FitzRoy_095_blog.jpg\" data-title=\"V\u00f6gel beim Fr\u00fchst\u00fcck\" data-description=\"V\u00f6gel beim Fr\u00fchst\u00fcck\" >\n\t\t\t\t\t\t\t\t<img title=\"V\u00f6gel beim Fr\u00fchst\u00fcck\" alt=\"V\u00f6gel beim Fr\u00fchst\u00fcck\" src=\"http:\/\/www.vogel-art.de\/blog\/wp-content\/gallery\/chalten_calafate\/thumbs\/thumbs_141226_Argentinien_FitzRoy_095_blog.jpg\" width='96' height='72' \/>\n\t\t\t\t\t\t\t<\/a>\n\t\t<\/div>\n\t<\/div>\n\n\t\t\t\t\t\t\t\t\t\n\t\t\n\t<div id=\"ngg-image-310\" class=\"ngg-gallery-thumbnail-box\"  >\n\t\t<div class=\"ngg-gallery-thumbnail\" >\n\t\t\t<a href=\"http:\/\/www.vogel-art.de\/blog\/wp-content\/gallery\/chalten_calafate\/141226_Argentinien_FitzRoy_078_blog.jpg\"\n\t\t\t\ttitle=\"Laguna Torre bei Sonnenaufgang\"\n\t\t\t\tclass=\"ngg-fancybox\" rel=\"af3e3e27c9595e64b5841970973f1c2b\" data-image-id=\"310\" data-src=\"http:\/\/www.vogel-art.de\/blog\/wp-content\/gallery\/chalten_calafate\/141226_Argentinien_FitzRoy_078_blog.jpg\" data-thumbnail=\"http:\/\/www.vogel-art.de\/blog\/wp-content\/gallery\/chalten_calafate\/thumbs\/thumbs_141226_Argentinien_FitzRoy_078_blog.jpg\" data-title=\"Laguna Torre bei Sonnenaufgang\" data-description=\"Laguna Torre bei Sonnenaufgang\" >\n\t\t\t\t\t\t\t\t<img title=\"Laguna Torre bei Sonnenaufgang\" alt=\"Laguna Torre bei Sonnenaufgang\" src=\"http:\/\/www.vogel-art.de\/blog\/wp-content\/gallery\/chalten_calafate\/thumbs\/thumbs_141226_Argentinien_FitzRoy_078_blog.jpg\" width='96' height='72' \/>\n\t\t\t\t\t\t\t<\/a>\n\t\t<\/div>\n\t<\/div>\n\n\t\t\t\t\t\t\t\t\t\n\t\t\n\t<div id=\"ngg-image-311\" class=\"ngg-gallery-thumbnail-box\"  >\n\t\t<div class=\"ngg-gallery-thumbnail\" >\n\t\t\t<a href=\"http:\/\/www.vogel-art.de\/blog\/wp-content\/gallery\/chalten_calafate\/141226_Argentinien_FitzRoy_081_blog.jpg\"\n\t\t\t\ttitle=\"Laguna Torre bei Sonnenaufgang\"\n\t\t\t\tclass=\"ngg-fancybox\" rel=\"af3e3e27c9595e64b5841970973f1c2b\" data-image-id=\"311\" data-src=\"http:\/\/www.vogel-art.de\/blog\/wp-content\/gallery\/chalten_calafate\/141226_Argentinien_FitzRoy_081_blog.jpg\" data-thumbnail=\"http:\/\/www.vogel-art.de\/blog\/wp-content\/gallery\/chalten_calafate\/thumbs\/thumbs_141226_Argentinien_FitzRoy_081_blog.jpg\" data-title=\"Laguna Torre bei Sonnenaufgang\" data-description=\"Laguna Torre bei Sonnenaufgang\" >\n\t\t\t\t\t\t\t\t<img title=\"Laguna Torre bei Sonnenaufgang\" alt=\"Laguna Torre bei Sonnenaufgang\" src=\"http:\/\/www.vogel-art.de\/blog\/wp-content\/gallery\/chalten_calafate\/thumbs\/thumbs_141226_Argentinien_FitzRoy_081_blog.jpg\" width='96' height='72' \/>\n\t\t\t\t\t\t\t<\/a>\n\t\t<\/div>\n\t<\/div>\n\n\t\t\t\t\t\t\t\t\t\n\t\t\n\t<div id=\"ngg-image-314\" class=\"ngg-gallery-thumbnail-box\"  >\n\t\t<div class=\"ngg-gallery-thumbnail\" >\n\t\t\t<a href=\"http:\/\/www.vogel-art.de\/blog\/wp-content\/gallery\/chalten_calafate\/141226_Argentinien_FitzRoyp090_blog.jpg\"\n\t\t\t\ttitle=\"Laguna Torre bei Sonnenaufgang\"\n\t\t\t\tclass=\"ngg-fancybox\" rel=\"af3e3e27c9595e64b5841970973f1c2b\" data-image-id=\"314\" data-src=\"http:\/\/www.vogel-art.de\/blog\/wp-content\/gallery\/chalten_calafate\/141226_Argentinien_FitzRoyp090_blog.jpg\" data-thumbnail=\"http:\/\/www.vogel-art.de\/blog\/wp-content\/gallery\/chalten_calafate\/thumbs\/thumbs_141226_Argentinien_FitzRoyp090_blog.jpg\" data-title=\"Laguna Torre bei Sonnenaufgang\" data-description=\"Laguna Torre bei Sonnenaufgang\" >\n\t\t\t\t\t\t\t\t<img title=\"Laguna Torre bei Sonnenaufgang\" alt=\"Laguna Torre bei Sonnenaufgang\" src=\"http:\/\/www.vogel-art.de\/blog\/wp-content\/gallery\/chalten_calafate\/thumbs\/thumbs_141226_Argentinien_FitzRoyp090_blog.jpg\" width='96' height='72' \/>\n\t\t\t\t\t\t\t<\/a>\n\t\t<\/div>\n\t<\/div>\n\n\t\t\t\t\t\t\t\t\t\n\t\t\n\t<div id=\"ngg-image-315\" class=\"ngg-gallery-thumbnail-box\"  >\n\t\t<div class=\"ngg-gallery-thumbnail\" >\n\t\t\t<a href=\"http:\/\/www.vogel-art.de\/blog\/wp-content\/gallery\/chalten_calafate\/141226_Argentinien_FitzRoyp097_blog.jpg\"\n\t\t\t\ttitle=\"wir beide\"\n\t\t\t\tclass=\"ngg-fancybox\" rel=\"af3e3e27c9595e64b5841970973f1c2b\" data-image-id=\"315\" data-src=\"http:\/\/www.vogel-art.de\/blog\/wp-content\/gallery\/chalten_calafate\/141226_Argentinien_FitzRoyp097_blog.jpg\" data-thumbnail=\"http:\/\/www.vogel-art.de\/blog\/wp-content\/gallery\/chalten_calafate\/thumbs\/thumbs_141226_Argentinien_FitzRoyp097_blog.jpg\" data-title=\"wir beide\" data-description=\"wir beide\" >\n\t\t\t\t\t\t\t\t<img title=\"wir beide\" alt=\"wir beide\" src=\"http:\/\/www.vogel-art.de\/blog\/wp-content\/gallery\/chalten_calafate\/thumbs\/thumbs_141226_Argentinien_FitzRoyp097_blog.jpg\" width='96' height='72' \/>\n\t\t\t\t\t\t\t<\/a>\n\t\t<\/div>\n\t<\/div>\n\n\t\t\t\t\t\t\t\t\t\n\t\t\n\t<div id=\"ngg-image-316\" class=\"ngg-gallery-thumbnail-box\"  >\n\t\t<div class=\"ngg-gallery-thumbnail\" >\n\t\t\t<a href=\"http:\/\/www.vogel-art.de\/blog\/wp-content\/gallery\/chalten_calafate\/141226_Argentinien_FitzRoyp105_blog.jpg\"\n\t\t\t\ttitle=\"Laguna de los Tres - Basislager am Cerro Fitz Roy\"\n\t\t\t\tclass=\"ngg-fancybox\" rel=\"af3e3e27c9595e64b5841970973f1c2b\" data-image-id=\"316\" data-src=\"http:\/\/www.vogel-art.de\/blog\/wp-content\/gallery\/chalten_calafate\/141226_Argentinien_FitzRoyp105_blog.jpg\" data-thumbnail=\"http:\/\/www.vogel-art.de\/blog\/wp-content\/gallery\/chalten_calafate\/thumbs\/thumbs_141226_Argentinien_FitzRoyp105_blog.jpg\" data-title=\"Laguna de los Tres - Basislager am Cerro Fitz Roy\" data-description=\"Laguna de los Tres - Basislager am Cerro Fitz Roy\" >\n\t\t\t\t\t\t\t\t<img title=\"Laguna de los Tres - Basislager am Cerro Fitz Roy\" alt=\"Laguna de los Tres - Basislager am Cerro Fitz Roy\" src=\"http:\/\/www.vogel-art.de\/blog\/wp-content\/gallery\/chalten_calafate\/thumbs\/thumbs_141226_Argentinien_FitzRoyp105_blog.jpg\" width='96' height='72' \/>\n\t\t\t\t\t\t\t<\/a>\n\t\t<\/div>\n\t<\/div>\n\n\t\t\t\t\t\t\t\t\t\n\t\t\n\t<div id=\"ngg-image-317\" class=\"ngg-gallery-thumbnail-box\"  >\n\t\t<div class=\"ngg-gallery-thumbnail\" >\n\t\t\t<a href=\"http:\/\/www.vogel-art.de\/blog\/wp-content\/gallery\/chalten_calafate\/141227_Argentinien_FitzRoy_115_blog.jpg\"\n\t\t\t\ttitle=\"Laguna de los Tres zu F\u00fc\u00dfen des Fitz Roy\"\n\t\t\t\tclass=\"ngg-fancybox\" rel=\"af3e3e27c9595e64b5841970973f1c2b\" data-image-id=\"317\" data-src=\"http:\/\/www.vogel-art.de\/blog\/wp-content\/gallery\/chalten_calafate\/141227_Argentinien_FitzRoy_115_blog.jpg\" data-thumbnail=\"http:\/\/www.vogel-art.de\/blog\/wp-content\/gallery\/chalten_calafate\/thumbs\/thumbs_141227_Argentinien_FitzRoy_115_blog.jpg\" data-title=\"Laguna de los Tres zu F\u00fc\u00dfen des Fitz Roy\" data-description=\"Laguna de los Tres zu F\u00fc\u00dfen des Fitz Roy\" >\n\t\t\t\t\t\t\t\t<img title=\"Laguna de los Tres zu F\u00fc\u00dfen des Fitz Roy\" alt=\"Laguna de los Tres zu F\u00fc\u00dfen des Fitz Roy\" src=\"http:\/\/www.vogel-art.de\/blog\/wp-content\/gallery\/chalten_calafate\/thumbs\/thumbs_141227_Argentinien_FitzRoy_115_blog.jpg\" width='96' height='72' \/>\n\t\t\t\t\t\t\t<\/a>\n\t\t<\/div>\n\t<\/div>\n\n\t\t\t\t\t\t\t\t\t\n\t\t\n\t<div id=\"ngg-image-318\" class=\"ngg-gallery-thumbnail-box\"  >\n\t\t<div class=\"ngg-gallery-thumbnail\" >\n\t\t\t<a href=\"http:\/\/www.vogel-art.de\/blog\/wp-content\/gallery\/chalten_calafate\/141227_Argentinien_FitzRoy_118_blog.jpg\"\n\t\t\t\ttitle=\"Laguna de los Tres zu F\u00fc\u00dfen des Fitz Roy\"\n\t\t\t\tclass=\"ngg-fancybox\" rel=\"af3e3e27c9595e64b5841970973f1c2b\" data-image-id=\"318\" data-src=\"http:\/\/www.vogel-art.de\/blog\/wp-content\/gallery\/chalten_calafate\/141227_Argentinien_FitzRoy_118_blog.jpg\" data-thumbnail=\"http:\/\/www.vogel-art.de\/blog\/wp-content\/gallery\/chalten_calafate\/thumbs\/thumbs_141227_Argentinien_FitzRoy_118_blog.jpg\" data-title=\"Laguna de los Tres zu F\u00fc\u00dfen des Fitz Roy\" data-description=\"Laguna de los Tres zu F\u00fc\u00dfen des Fitz Roy\" >\n\t\t\t\t\t\t\t\t<img title=\"Laguna de los Tres zu F\u00fc\u00dfen des Fitz Roy\" alt=\"Laguna de los Tres zu F\u00fc\u00dfen des Fitz Roy\" src=\"http:\/\/www.vogel-art.de\/blog\/wp-content\/gallery\/chalten_calafate\/thumbs\/thumbs_141227_Argentinien_FitzRoy_118_blog.jpg\" width='96' height='72' \/>\n\t\t\t\t\t\t\t<\/a>\n\t\t<\/div>\n\t<\/div>\n\n\t\t\t\t\t\t\t\t\t\n\t\t\n\t<div id=\"ngg-image-319\" class=\"ngg-gallery-thumbnail-box\"  >\n\t\t<div class=\"ngg-gallery-thumbnail\" >\n\t\t\t<a href=\"http:\/\/www.vogel-art.de\/blog\/wp-content\/gallery\/chalten_calafate\/141227_Argentinien_FitzRoy_127_blog.jpg\"\n\t\t\t\ttitle=\"Laguna de los Tres zu F\u00fc\u00dfen des Fitz Roy\"\n\t\t\t\tclass=\"ngg-fancybox\" rel=\"af3e3e27c9595e64b5841970973f1c2b\" data-image-id=\"319\" data-src=\"http:\/\/www.vogel-art.de\/blog\/wp-content\/gallery\/chalten_calafate\/141227_Argentinien_FitzRoy_127_blog.jpg\" data-thumbnail=\"http:\/\/www.vogel-art.de\/blog\/wp-content\/gallery\/chalten_calafate\/thumbs\/thumbs_141227_Argentinien_FitzRoy_127_blog.jpg\" data-title=\"Laguna de los Tres zu F\u00fc\u00dfen des Fitz Roy\" data-description=\"Laguna de los Tres zu F\u00fc\u00dfen des Fitz Roy\" >\n\t\t\t\t\t\t\t\t<img title=\"Laguna de los Tres zu F\u00fc\u00dfen des Fitz Roy\" alt=\"Laguna de los Tres zu F\u00fc\u00dfen des Fitz Roy\" src=\"http:\/\/www.vogel-art.de\/blog\/wp-content\/gallery\/chalten_calafate\/thumbs\/thumbs_141227_Argentinien_FitzRoy_127_blog.jpg\" width='96' height='72' \/>\n\t\t\t\t\t\t\t<\/a>\n\t\t<\/div>\n\t<\/div>\n\n\t\t\t\t\t\t\t\t\t\n\t\t\n\t<div id=\"ngg-image-320\" class=\"ngg-gallery-thumbnail-box\"  >\n\t\t<div class=\"ngg-gallery-thumbnail\" >\n\t\t\t<a href=\"http:\/\/www.vogel-art.de\/blog\/wp-content\/gallery\/chalten_calafate\/141227_Argentinien_FitzRoy_134_blog.jpg\"\n\t\t\t\ttitle=\"Laguna de los Tres zu F\u00fc\u00dfen des Fitz Roy\"\n\t\t\t\tclass=\"ngg-fancybox\" rel=\"af3e3e27c9595e64b5841970973f1c2b\" data-image-id=\"320\" data-src=\"http:\/\/www.vogel-art.de\/blog\/wp-content\/gallery\/chalten_calafate\/141227_Argentinien_FitzRoy_134_blog.jpg\" data-thumbnail=\"http:\/\/www.vogel-art.de\/blog\/wp-content\/gallery\/chalten_calafate\/thumbs\/thumbs_141227_Argentinien_FitzRoy_134_blog.jpg\" data-title=\"Laguna de los Tres zu F\u00fc\u00dfen des Fitz Roy\" data-description=\"Laguna de los Tres zu F\u00fc\u00dfen des Fitz Roy\" >\n\t\t\t\t\t\t\t\t<img title=\"Laguna de los Tres zu F\u00fc\u00dfen des Fitz Roy\" alt=\"Laguna de los Tres zu F\u00fc\u00dfen des Fitz Roy\" src=\"http:\/\/www.vogel-art.de\/blog\/wp-content\/gallery\/chalten_calafate\/thumbs\/thumbs_141227_Argentinien_FitzRoy_134_blog.jpg\" width='96' height='72' \/>\n\t\t\t\t\t\t\t<\/a>\n\t\t<\/div>\n\t<\/div>\n\n\t\t\t\t\t\t\t\t\t\n\t\t\n\t<div id=\"ngg-image-321\" class=\"ngg-gallery-thumbnail-box\"  >\n\t\t<div class=\"ngg-gallery-thumbnail\" >\n\t\t\t<a href=\"http:\/\/www.vogel-art.de\/blog\/wp-content\/gallery\/chalten_calafate\/141227_Argentinien_FitzRoy_135_blog.jpg\"\n\t\t\t\ttitle=\"Laguna de los Tres zu F\u00fc\u00dfen des Fitz Roy\"\n\t\t\t\tclass=\"ngg-fancybox\" rel=\"af3e3e27c9595e64b5841970973f1c2b\" data-image-id=\"321\" data-src=\"http:\/\/www.vogel-art.de\/blog\/wp-content\/gallery\/chalten_calafate\/141227_Argentinien_FitzRoy_135_blog.jpg\" data-thumbnail=\"http:\/\/www.vogel-art.de\/blog\/wp-content\/gallery\/chalten_calafate\/thumbs\/thumbs_141227_Argentinien_FitzRoy_135_blog.jpg\" data-title=\"Laguna de los Tres zu F\u00fc\u00dfen des Fitz Roy\" data-description=\"Laguna de los Tres zu F\u00fc\u00dfen des Fitz Roy\" >\n\t\t\t\t\t\t\t\t<img title=\"Laguna de los Tres zu F\u00fc\u00dfen des Fitz Roy\" alt=\"Laguna de los Tres zu F\u00fc\u00dfen des Fitz Roy\" src=\"http:\/\/www.vogel-art.de\/blog\/wp-content\/gallery\/chalten_calafate\/thumbs\/thumbs_141227_Argentinien_FitzRoy_135_blog.jpg\" width='96' height='72' \/>\n\t\t\t\t\t\t\t<\/a>\n\t\t<\/div>\n\t<\/div>\n\n\t\t\t\t\t\t\t\t\t\n\t\t\n\t<div id=\"ngg-image-322\" class=\"ngg-gallery-thumbnail-box\"  >\n\t\t<div class=\"ngg-gallery-thumbnail\" >\n\t\t\t<a href=\"http:\/\/www.vogel-art.de\/blog\/wp-content\/gallery\/chalten_calafate\/141227_Argentinien_FitzRoyp141_blog.jpg\"\n\t\t\t\ttitle=\"auf dem R\u00fcckweg\"\n\t\t\t\tclass=\"ngg-fancybox\" rel=\"af3e3e27c9595e64b5841970973f1c2b\" data-image-id=\"322\" data-src=\"http:\/\/www.vogel-art.de\/blog\/wp-content\/gallery\/chalten_calafate\/141227_Argentinien_FitzRoyp141_blog.jpg\" data-thumbnail=\"http:\/\/www.vogel-art.de\/blog\/wp-content\/gallery\/chalten_calafate\/thumbs\/thumbs_141227_Argentinien_FitzRoyp141_blog.jpg\" data-title=\"auf dem R\u00fcckweg\" data-description=\"auf dem R\u00fcckweg\" >\n\t\t\t\t\t\t\t\t<img title=\"auf dem R\u00fcckweg\" alt=\"auf dem R\u00fcckweg\" src=\"http:\/\/www.vogel-art.de\/blog\/wp-content\/gallery\/chalten_calafate\/thumbs\/thumbs_141227_Argentinien_FitzRoyp141_blog.jpg\" width='96' height='72' \/>\n\t\t\t\t\t\t\t<\/a>\n\t\t<\/div>\n\t<\/div>\n\n\t\t\t\t\t\t\t\t\t\n\t\t\n\t<div id=\"ngg-image-323\" class=\"ngg-gallery-thumbnail-box\"  >\n\t\t<div class=\"ngg-gallery-thumbnail\" >\n\t\t\t<a href=\"http:\/\/www.vogel-art.de\/blog\/wp-content\/gallery\/chalten_calafate\/141229_Argentinien_El-Chaltenp003_blog.jpg\"\n\t\t\t\ttitle=\"Wetterprognose\"\n\t\t\t\tclass=\"ngg-fancybox\" rel=\"af3e3e27c9595e64b5841970973f1c2b\" data-image-id=\"323\" data-src=\"http:\/\/www.vogel-art.de\/blog\/wp-content\/gallery\/chalten_calafate\/141229_Argentinien_El-Chaltenp003_blog.jpg\" data-thumbnail=\"http:\/\/www.vogel-art.de\/blog\/wp-content\/gallery\/chalten_calafate\/thumbs\/thumbs_141229_Argentinien_El-Chaltenp003_blog.jpg\" data-title=\"Wetterprognose\" data-description=\"Wetterprognose\" >\n\t\t\t\t\t\t\t\t<img title=\"Wetterprognose\" alt=\"Wetterprognose\" src=\"http:\/\/www.vogel-art.de\/blog\/wp-content\/gallery\/chalten_calafate\/thumbs\/thumbs_141229_Argentinien_El-Chaltenp003_blog.jpg\" width='96' height='72' \/>\n\t\t\t\t\t\t\t<\/a>\n\t\t<\/div>\n\t<\/div>\n\n\t\t\t\t\t\t\t\t\t\n\t\t\n\t<div id=\"ngg-image-324\" class=\"ngg-gallery-thumbnail-box\"  >\n\t\t<div class=\"ngg-gallery-thumbnail\" >\n\t\t\t<a href=\"http:\/\/www.vogel-art.de\/blog\/wp-content\/gallery\/chalten_calafate\/141230_Argentinien_El-Chaltenp007_blog.jpg\"\n\t\t\t\ttitle=\"um El Chalten herum\"\n\t\t\t\tclass=\"ngg-fancybox\" rel=\"af3e3e27c9595e64b5841970973f1c2b\" data-image-id=\"324\" data-src=\"http:\/\/www.vogel-art.de\/blog\/wp-content\/gallery\/chalten_calafate\/141230_Argentinien_El-Chaltenp007_blog.jpg\" data-thumbnail=\"http:\/\/www.vogel-art.de\/blog\/wp-content\/gallery\/chalten_calafate\/thumbs\/thumbs_141230_Argentinien_El-Chaltenp007_blog.jpg\" data-title=\"um El Chalten herum\" data-description=\"um El Chalten herum\" >\n\t\t\t\t\t\t\t\t<img title=\"um El Chalten herum\" alt=\"um El Chalten herum\" src=\"http:\/\/www.vogel-art.de\/blog\/wp-content\/gallery\/chalten_calafate\/thumbs\/thumbs_141230_Argentinien_El-Chaltenp007_blog.jpg\" width='96' height='72' \/>\n\t\t\t\t\t\t\t<\/a>\n\t\t<\/div>\n\t<\/div>\n\n\t\t\t\t\t\t\t\t\t\n\t\t\n\t<div id=\"ngg-image-325\" class=\"ngg-gallery-thumbnail-box\"  >\n\t\t<div class=\"ngg-gallery-thumbnail\" >\n\t\t\t<a href=\"http:\/\/www.vogel-art.de\/blog\/wp-content\/gallery\/chalten_calafate\/141231_Argentinien_El-Chaltenp018_blog.jpg\"\n\t\t\t\ttitle=\"unsere Dachterrasse\"\n\t\t\t\tclass=\"ngg-fancybox\" rel=\"af3e3e27c9595e64b5841970973f1c2b\" data-image-id=\"325\" data-src=\"http:\/\/www.vogel-art.de\/blog\/wp-content\/gallery\/chalten_calafate\/141231_Argentinien_El-Chaltenp018_blog.jpg\" data-thumbnail=\"http:\/\/www.vogel-art.de\/blog\/wp-content\/gallery\/chalten_calafate\/thumbs\/thumbs_141231_Argentinien_El-Chaltenp018_blog.jpg\" data-title=\"unsere Dachterrasse\" data-description=\"unsere Dachterrasse\" >\n\t\t\t\t\t\t\t\t<img title=\"unsere Dachterrasse\" alt=\"unsere Dachterrasse\" src=\"http:\/\/www.vogel-art.de\/blog\/wp-content\/gallery\/chalten_calafate\/thumbs\/thumbs_141231_Argentinien_El-Chaltenp018_blog.jpg\" width='96' height='72' \/>\n\t\t\t\t\t\t\t<\/a>\n\t\t<\/div>\n\t<\/div>\n\n\t\t\t\t\t\t\t\t\t\n\t\t\n\t<div id=\"ngg-image-326\" class=\"ngg-gallery-thumbnail-box\"  >\n\t\t<div class=\"ngg-gallery-thumbnail\" >\n\t\t\t<a href=\"http:\/\/www.vogel-art.de\/blog\/wp-content\/gallery\/chalten_calafate\/150101_Argentinien_El-Chalten_005_blog.jpg\"\n\t\t\t\ttitle=\"Blick auf Cerro Torre (links) und Cerro Fitz Roy (rechts)\"\n\t\t\t\tclass=\"ngg-fancybox\" rel=\"af3e3e27c9595e64b5841970973f1c2b\" data-image-id=\"326\" data-src=\"http:\/\/www.vogel-art.de\/blog\/wp-content\/gallery\/chalten_calafate\/150101_Argentinien_El-Chalten_005_blog.jpg\" data-thumbnail=\"http:\/\/www.vogel-art.de\/blog\/wp-content\/gallery\/chalten_calafate\/thumbs\/thumbs_150101_Argentinien_El-Chalten_005_blog.jpg\" data-title=\"Blick auf Cerro Torre (links) und Cerro Fitz Roy (rechts)\" data-description=\"Blick auf Cerro Torre (links) und Cerro Fitz Roy (rechts)\" >\n\t\t\t\t\t\t\t\t<img title=\"Blick auf Cerro Torre (links) und Cerro Fitz Roy (rechts)\" alt=\"Blick auf Cerro Torre (links) und Cerro Fitz Roy (rechts)\" src=\"http:\/\/www.vogel-art.de\/blog\/wp-content\/gallery\/chalten_calafate\/thumbs\/thumbs_150101_Argentinien_El-Chalten_005_blog.jpg\" width='96' height='72' \/>\n\t\t\t\t\t\t\t<\/a>\n\t\t<\/div>\n\t<\/div>\n\n\t\t\t\t\t\t\t\t\t\n\t\t\n\t<div id=\"ngg-image-327\" class=\"ngg-gallery-thumbnail-box\"  >\n\t\t<div class=\"ngg-gallery-thumbnail\" >\n\t\t\t<a href=\"http:\/\/www.vogel-art.de\/blog\/wp-content\/gallery\/chalten_calafate\/150101_Argentinien_El-Chalten_009_PAN_blog.jpg\"\n\t\t\t\ttitle=\"Panorama mit Cerro Torre, Cerro Fitz Roy und dem Bergdorf El Chalten\"\n\t\t\t\tclass=\"ngg-fancybox\" rel=\"af3e3e27c9595e64b5841970973f1c2b\" data-image-id=\"327\" data-src=\"http:\/\/www.vogel-art.de\/blog\/wp-content\/gallery\/chalten_calafate\/150101_Argentinien_El-Chalten_009_PAN_blog.jpg\" data-thumbnail=\"http:\/\/www.vogel-art.de\/blog\/wp-content\/gallery\/chalten_calafate\/thumbs\/thumbs_150101_Argentinien_El-Chalten_009_PAN_blog.jpg\" data-title=\"Panorama mit Cerro Torre, Cerro Fitz Roy und dem Bergdorf El Chalten\" data-description=\"Panorama mit Cerro Torre, Cerro Fitz Roy und dem Bergdorf El Chalten\" >\n\t\t\t\t\t\t\t\t<img title=\"Panorama mit Cerro Torre, Cerro Fitz Roy und dem Bergdorf El Chalten\" alt=\"Panorama mit Cerro Torre, Cerro Fitz Roy und dem Bergdorf El Chalten\" src=\"http:\/\/www.vogel-art.de\/blog\/wp-content\/gallery\/chalten_calafate\/thumbs\/thumbs_150101_Argentinien_El-Chalten_009_PAN_blog.jpg\" width='96' height='72' \/>\n\t\t\t\t\t\t\t<\/a>\n\t\t<\/div>\n\t<\/div>\n\n\t\t\t\t\t\t\t\t\t\n\t\t\n\t<div id=\"ngg-image-328\" class=\"ngg-gallery-thumbnail-box\"  >\n\t\t<div class=\"ngg-gallery-thumbnail\" >\n\t\t\t<a href=\"http:\/\/www.vogel-art.de\/blog\/wp-content\/gallery\/chalten_calafate\/150101_Argentinien_El-Chalten_016_blog.jpg\"\n\t\t\t\ttitle=\"Der unbestrittene K\u00f6nig \u00fcber der patagonischen Pampa: Cerro Fitz Roy\"\n\t\t\t\tclass=\"ngg-fancybox\" rel=\"af3e3e27c9595e64b5841970973f1c2b\" data-image-id=\"328\" data-src=\"http:\/\/www.vogel-art.de\/blog\/wp-content\/gallery\/chalten_calafate\/150101_Argentinien_El-Chalten_016_blog.jpg\" data-thumbnail=\"http:\/\/www.vogel-art.de\/blog\/wp-content\/gallery\/chalten_calafate\/thumbs\/thumbs_150101_Argentinien_El-Chalten_016_blog.jpg\" data-title=\"Der unbestrittene K\u00f6nig \u00fcber der patagonischen Pampa: Cerro Fitz Roy\" data-description=\"Der unbestrittene K\u00f6nig \u00fcber der patagonischen Pampa: Cerro Fitz Roy\" >\n\t\t\t\t\t\t\t\t<img title=\"Der unbestrittene K\u00f6nig \u00fcber der patagonischen Pampa: Cerro Fitz Roy\" alt=\"Der unbestrittene K\u00f6nig \u00fcber der patagonischen Pampa: Cerro Fitz Roy\" src=\"http:\/\/www.vogel-art.de\/blog\/wp-content\/gallery\/chalten_calafate\/thumbs\/thumbs_150101_Argentinien_El-Chalten_016_blog.jpg\" width='96' height='72' \/>\n\t\t\t\t\t\t\t<\/a>\n\t\t<\/div>\n\t<\/div>\n\n\t\t\t\t\t\t\t\t\t\n\t\t\n\t<div id=\"ngg-image-329\" class=\"ngg-gallery-thumbnail-box\"  >\n\t\t<div class=\"ngg-gallery-thumbnail\" >\n\t\t\t<a href=\"http:\/\/www.vogel-art.de\/blog\/wp-content\/gallery\/chalten_calafate\/150101_Argentinien_El-Chalten_020_blog.jpg\"\n\t\t\t\ttitle=\"F\u00fcr Kletterer der h\u00f6chste Himmel auf Erden: Cerro Torre\"\n\t\t\t\tclass=\"ngg-fancybox\" rel=\"af3e3e27c9595e64b5841970973f1c2b\" data-image-id=\"329\" data-src=\"http:\/\/www.vogel-art.de\/blog\/wp-content\/gallery\/chalten_calafate\/150101_Argentinien_El-Chalten_020_blog.jpg\" data-thumbnail=\"http:\/\/www.vogel-art.de\/blog\/wp-content\/gallery\/chalten_calafate\/thumbs\/thumbs_150101_Argentinien_El-Chalten_020_blog.jpg\" data-title=\"F\u00fcr Kletterer der h\u00f6chste Himmel auf Erden: Cerro Torre\" data-description=\"F\u00fcr Kletterer der h\u00f6chste Himmel auf Erden: Cerro Torre\" >\n\t\t\t\t\t\t\t\t<img title=\"F\u00fcr Kletterer der h\u00f6chste Himmel auf Erden: Cerro Torre\" alt=\"F\u00fcr Kletterer der h\u00f6chste Himmel auf Erden: Cerro Torre\" src=\"http:\/\/www.vogel-art.de\/blog\/wp-content\/gallery\/chalten_calafate\/thumbs\/thumbs_150101_Argentinien_El-Chalten_020_blog.jpg\" width='96' height='72' \/>\n\t\t\t\t\t\t\t<\/a>\n\t\t<\/div>\n\t<\/div>\n\n\t\t\t\t\t\t\t\t\t\n\t\t\n\t<div id=\"ngg-image-330\" class=\"ngg-gallery-thumbnail-box\"  >\n\t\t<div class=\"ngg-gallery-thumbnail\" >\n\t\t\t<a href=\"http:\/\/www.vogel-art.de\/blog\/wp-content\/gallery\/chalten_calafate\/150101_Argentinien_El-Chalten_030_blog.jpg\"\n\t\t\t\ttitle=\"um El Chalten herum\"\n\t\t\t\tclass=\"ngg-fancybox\" rel=\"af3e3e27c9595e64b5841970973f1c2b\" data-image-id=\"330\" data-src=\"http:\/\/www.vogel-art.de\/blog\/wp-content\/gallery\/chalten_calafate\/150101_Argentinien_El-Chalten_030_blog.jpg\" data-thumbnail=\"http:\/\/www.vogel-art.de\/blog\/wp-content\/gallery\/chalten_calafate\/thumbs\/thumbs_150101_Argentinien_El-Chalten_030_blog.jpg\" data-title=\"um El Chalten herum\" data-description=\"um El Chalten herum\" >\n\t\t\t\t\t\t\t\t<img title=\"um El Chalten herum\" alt=\"um El Chalten herum\" src=\"http:\/\/www.vogel-art.de\/blog\/wp-content\/gallery\/chalten_calafate\/thumbs\/thumbs_150101_Argentinien_El-Chalten_030_blog.jpg\" width='96' height='72' \/>\n\t\t\t\t\t\t\t<\/a>\n\t\t<\/div>\n\t<\/div>\n\n\t\t\t\t\t\t\t\t\t\n\t\t\n\t<div id=\"ngg-image-331\" class=\"ngg-gallery-thumbnail-box\"  >\n\t\t<div class=\"ngg-gallery-thumbnail\" >\n\t\t\t<a href=\"http:\/\/www.vogel-art.de\/blog\/wp-content\/gallery\/chalten_calafate\/150101_Argentinien_El-Chaltenp026_blog.jpg\"\n\t\t\t\ttitle=\"um El Chalten herum\"\n\t\t\t\tclass=\"ngg-fancybox\" rel=\"af3e3e27c9595e64b5841970973f1c2b\" data-image-id=\"331\" data-src=\"http:\/\/www.vogel-art.de\/blog\/wp-content\/gallery\/chalten_calafate\/150101_Argentinien_El-Chaltenp026_blog.jpg\" data-thumbnail=\"http:\/\/www.vogel-art.de\/blog\/wp-content\/gallery\/chalten_calafate\/thumbs\/thumbs_150101_Argentinien_El-Chaltenp026_blog.jpg\" data-title=\"um El Chalten herum\" data-description=\"um El Chalten herum\" >\n\t\t\t\t\t\t\t\t<img title=\"um El Chalten herum\" alt=\"um El Chalten herum\" src=\"http:\/\/www.vogel-art.de\/blog\/wp-content\/gallery\/chalten_calafate\/thumbs\/thumbs_150101_Argentinien_El-Chaltenp026_blog.jpg\" width='96' height='72' \/>\n\t\t\t\t\t\t\t<\/a>\n\t\t<\/div>\n\t<\/div>\n\n\t\t\t\t\t\t\t\t\t\n\t\t\n\t<div id=\"ngg-image-332\" class=\"ngg-gallery-thumbnail-box\"  >\n\t\t<div class=\"ngg-gallery-thumbnail\" >\n\t\t\t<a href=\"http:\/\/www.vogel-art.de\/blog\/wp-content\/gallery\/chalten_calafate\/150103_Argentinien_Perito-Moreno_012_blog.jpg\"\n\t\t\t\ttitle=\"am Lago Argentino entlang nach El Calafate\"\n\t\t\t\tclass=\"ngg-fancybox\" rel=\"af3e3e27c9595e64b5841970973f1c2b\" data-image-id=\"332\" data-src=\"http:\/\/www.vogel-art.de\/blog\/wp-content\/gallery\/chalten_calafate\/150103_Argentinien_Perito-Moreno_012_blog.jpg\" data-thumbnail=\"http:\/\/www.vogel-art.de\/blog\/wp-content\/gallery\/chalten_calafate\/thumbs\/thumbs_150103_Argentinien_Perito-Moreno_012_blog.jpg\" data-title=\"am Lago Argentino entlang nach El Calafate\" data-description=\"am Lago Argentino entlang nach El Calafate\" >\n\t\t\t\t\t\t\t\t<img title=\"am Lago Argentino entlang nach El Calafate\" alt=\"am Lago Argentino entlang nach El Calafate\" src=\"http:\/\/www.vogel-art.de\/blog\/wp-content\/gallery\/chalten_calafate\/thumbs\/thumbs_150103_Argentinien_Perito-Moreno_012_blog.jpg\" width='96' height='72' \/>\n\t\t\t\t\t\t\t<\/a>\n\t\t<\/div>\n\t<\/div>\n\n\t\t\t\t\t\t\t\t\t\n\t\t\n\t<div id=\"ngg-image-333\" class=\"ngg-gallery-thumbnail-box\"  >\n\t\t<div class=\"ngg-gallery-thumbnail\" >\n\t\t\t<a href=\"http:\/\/www.vogel-art.de\/blog\/wp-content\/gallery\/chalten_calafate\/150103_Argentinien_Perito-Moreno_016_blog.jpg\"\n\t\t\t\ttitle=\"am Lago Argentino entlang nach El Calafate\"\n\t\t\t\tclass=\"ngg-fancybox\" rel=\"af3e3e27c9595e64b5841970973f1c2b\" data-image-id=\"333\" data-src=\"http:\/\/www.vogel-art.de\/blog\/wp-content\/gallery\/chalten_calafate\/150103_Argentinien_Perito-Moreno_016_blog.jpg\" data-thumbnail=\"http:\/\/www.vogel-art.de\/blog\/wp-content\/gallery\/chalten_calafate\/thumbs\/thumbs_150103_Argentinien_Perito-Moreno_016_blog.jpg\" data-title=\"am Lago Argentino entlang nach El Calafate\" data-description=\"am Lago Argentino entlang nach El Calafate\" >\n\t\t\t\t\t\t\t\t<img title=\"am Lago Argentino entlang nach El Calafate\" alt=\"am Lago Argentino entlang nach El Calafate\" src=\"http:\/\/www.vogel-art.de\/blog\/wp-content\/gallery\/chalten_calafate\/thumbs\/thumbs_150103_Argentinien_Perito-Moreno_016_blog.jpg\" width='96' height='72' \/>\n\t\t\t\t\t\t\t<\/a>\n\t\t<\/div>\n\t<\/div>\n\n\t\t\t\t\t\t\t\t\t\n\t\t\n\t<div id=\"ngg-image-334\" class=\"ngg-gallery-thumbnail-box\"  >\n\t\t<div class=\"ngg-gallery-thumbnail\" >\n\t\t\t<a href=\"http:\/\/www.vogel-art.de\/blog\/wp-content\/gallery\/chalten_calafate\/150103_Argentinien_Perito-Moreno_025_blog.jpg\"\n\t\t\t\ttitle=\"am Lago Argentino entlang nach El Calafate\"\n\t\t\t\tclass=\"ngg-fancybox\" rel=\"af3e3e27c9595e64b5841970973f1c2b\" data-image-id=\"334\" data-src=\"http:\/\/www.vogel-art.de\/blog\/wp-content\/gallery\/chalten_calafate\/150103_Argentinien_Perito-Moreno_025_blog.jpg\" data-thumbnail=\"http:\/\/www.vogel-art.de\/blog\/wp-content\/gallery\/chalten_calafate\/thumbs\/thumbs_150103_Argentinien_Perito-Moreno_025_blog.jpg\" data-title=\"am Lago Argentino entlang nach El Calafate\" data-description=\"am Lago Argentino entlang nach El Calafate\" >\n\t\t\t\t\t\t\t\t<img title=\"am Lago Argentino entlang nach El Calafate\" alt=\"am Lago Argentino entlang nach El Calafate\" src=\"http:\/\/www.vogel-art.de\/blog\/wp-content\/gallery\/chalten_calafate\/thumbs\/thumbs_150103_Argentinien_Perito-Moreno_025_blog.jpg\" width='96' height='72' \/>\n\t\t\t\t\t\t\t<\/a>\n\t\t<\/div>\n\t<\/div>\n\n\t\t\t\t\t\t\t\t\t\n\t\t\n\t<div id=\"ngg-image-335\" class=\"ngg-gallery-thumbnail-box\"  >\n\t\t<div class=\"ngg-gallery-thumbnail\" >\n\t\t\t<a href=\"http:\/\/www.vogel-art.de\/blog\/wp-content\/gallery\/chalten_calafate\/150103_Argentinien_Perito-Moreno_037_blog.jpg\"\n\t\t\t\ttitle=\"Feierabend\"\n\t\t\t\tclass=\"ngg-fancybox\" rel=\"af3e3e27c9595e64b5841970973f1c2b\" data-image-id=\"335\" data-src=\"http:\/\/www.vogel-art.de\/blog\/wp-content\/gallery\/chalten_calafate\/150103_Argentinien_Perito-Moreno_037_blog.jpg\" data-thumbnail=\"http:\/\/www.vogel-art.de\/blog\/wp-content\/gallery\/chalten_calafate\/thumbs\/thumbs_150103_Argentinien_Perito-Moreno_037_blog.jpg\" data-title=\"Feierabend\" data-description=\"Feierabend\" >\n\t\t\t\t\t\t\t\t<img title=\"Feierabend\" alt=\"Feierabend\" src=\"http:\/\/www.vogel-art.de\/blog\/wp-content\/gallery\/chalten_calafate\/thumbs\/thumbs_150103_Argentinien_Perito-Moreno_037_blog.jpg\" width='96' height='72' \/>\n\t\t\t\t\t\t\t<\/a>\n\t\t<\/div>\n\t<\/div>\n\n\t\t\t\t\t\t\t\t\t\n\t\t\n\t<div id=\"ngg-image-336\" class=\"ngg-gallery-thumbnail-box\"  >\n\t\t<div class=\"ngg-gallery-thumbnail\" >\n\t\t\t<a href=\"http:\/\/www.vogel-art.de\/blog\/wp-content\/gallery\/chalten_calafate\/150104_Argentinien_Perito-Moreno_038_blog.jpg\"\n\t\t\t\ttitle=\"Feierabend\"\n\t\t\t\tclass=\"ngg-fancybox\" rel=\"af3e3e27c9595e64b5841970973f1c2b\" data-image-id=\"336\" data-src=\"http:\/\/www.vogel-art.de\/blog\/wp-content\/gallery\/chalten_calafate\/150104_Argentinien_Perito-Moreno_038_blog.jpg\" data-thumbnail=\"http:\/\/www.vogel-art.de\/blog\/wp-content\/gallery\/chalten_calafate\/thumbs\/thumbs_150104_Argentinien_Perito-Moreno_038_blog.jpg\" data-title=\"Feierabend\" data-description=\"Feierabend\" >\n\t\t\t\t\t\t\t\t<img title=\"Feierabend\" alt=\"Feierabend\" src=\"http:\/\/www.vogel-art.de\/blog\/wp-content\/gallery\/chalten_calafate\/thumbs\/thumbs_150104_Argentinien_Perito-Moreno_038_blog.jpg\" width='96' height='72' \/>\n\t\t\t\t\t\t\t<\/a>\n\t\t<\/div>\n\t<\/div>\n\n\t\t\t\t\t\t\t\t\t\n\t\t\n\t<div id=\"ngg-image-337\" class=\"ngg-gallery-thumbnail-box\"  >\n\t\t<div class=\"ngg-gallery-thumbnail\" >\n\t\t\t<a href=\"http:\/\/www.vogel-art.de\/blog\/wp-content\/gallery\/chalten_calafate\/150105_Argentinien_Perito-Morenop041_blog.jpg\"\n\t\t\t\ttitle=\"man at work\"\n\t\t\t\tclass=\"ngg-fancybox\" rel=\"af3e3e27c9595e64b5841970973f1c2b\" data-image-id=\"337\" data-src=\"http:\/\/www.vogel-art.de\/blog\/wp-content\/gallery\/chalten_calafate\/150105_Argentinien_Perito-Morenop041_blog.jpg\" data-thumbnail=\"http:\/\/www.vogel-art.de\/blog\/wp-content\/gallery\/chalten_calafate\/thumbs\/thumbs_150105_Argentinien_Perito-Morenop041_blog.jpg\" data-title=\"man at work\" data-description=\"man at work\" >\n\t\t\t\t\t\t\t\t<img title=\"man at work\" alt=\"man at work\" src=\"http:\/\/www.vogel-art.de\/blog\/wp-content\/gallery\/chalten_calafate\/thumbs\/thumbs_150105_Argentinien_Perito-Morenop041_blog.jpg\" width='96' height='72' \/>\n\t\t\t\t\t\t\t<\/a>\n\t\t<\/div>\n\t<\/div>\n\n\t\t\t\t\t\t\t\t\t\n\t\t\n\t<div id=\"ngg-image-338\" class=\"ngg-gallery-thumbnail-box\"  >\n\t\t<div class=\"ngg-gallery-thumbnail\" >\n\t\t\t<a href=\"http:\/\/www.vogel-art.de\/blog\/wp-content\/gallery\/chalten_calafate\/150106_Argentinien_Perito-Morenop059_blog.jpg\"\n\t\t\t\ttitle=\"oben hat\u00b4s geschneit\"\n\t\t\t\tclass=\"ngg-fancybox\" rel=\"af3e3e27c9595e64b5841970973f1c2b\" data-image-id=\"338\" data-src=\"http:\/\/www.vogel-art.de\/blog\/wp-content\/gallery\/chalten_calafate\/150106_Argentinien_Perito-Morenop059_blog.jpg\" data-thumbnail=\"http:\/\/www.vogel-art.de\/blog\/wp-content\/gallery\/chalten_calafate\/thumbs\/thumbs_150106_Argentinien_Perito-Morenop059_blog.jpg\" data-title=\"oben hat\u00b4s geschneit\" data-description=\"oben hat\u00b4s geschneit\" >\n\t\t\t\t\t\t\t\t<img title=\"oben hat\u00b4s geschneit\" alt=\"oben hat\u00b4s geschneit\" src=\"http:\/\/www.vogel-art.de\/blog\/wp-content\/gallery\/chalten_calafate\/thumbs\/thumbs_150106_Argentinien_Perito-Morenop059_blog.jpg\" width='96' height='72' \/>\n\t\t\t\t\t\t\t<\/a>\n\t\t<\/div>\n\t<\/div>\n\n\t\t\t\t\t\t\t\t\t\n\t\t\n\t<div id=\"ngg-image-339\" class=\"ngg-gallery-thumbnail-box\"  >\n\t\t<div class=\"ngg-gallery-thumbnail\" >\n\t\t\t<a href=\"http:\/\/www.vogel-art.de\/blog\/wp-content\/gallery\/chalten_calafate\/150107_Argentinien_Perito-Moreno_041_blog.jpg\"\n\t\t\t\ttitle=\"auf dem Weg zum Perito Moreno Gletscher\"\n\t\t\t\tclass=\"ngg-fancybox\" rel=\"af3e3e27c9595e64b5841970973f1c2b\" data-image-id=\"339\" data-src=\"http:\/\/www.vogel-art.de\/blog\/wp-content\/gallery\/chalten_calafate\/150107_Argentinien_Perito-Moreno_041_blog.jpg\" data-thumbnail=\"http:\/\/www.vogel-art.de\/blog\/wp-content\/gallery\/chalten_calafate\/thumbs\/thumbs_150107_Argentinien_Perito-Moreno_041_blog.jpg\" data-title=\"auf dem Weg zum Perito Moreno Gletscher\" data-description=\"auf dem Weg zum Perito Moreno Gletscher\" >\n\t\t\t\t\t\t\t\t<img title=\"auf dem Weg zum Perito Moreno Gletscher\" alt=\"auf dem Weg zum Perito Moreno Gletscher\" src=\"http:\/\/www.vogel-art.de\/blog\/wp-content\/gallery\/chalten_calafate\/thumbs\/thumbs_150107_Argentinien_Perito-Moreno_041_blog.jpg\" width='96' height='72' \/>\n\t\t\t\t\t\t\t<\/a>\n\t\t<\/div>\n\t<\/div>\n\n\t\t\t\t\t\t\t\t\t\n\t\t\n\t<div id=\"ngg-image-340\" class=\"ngg-gallery-thumbnail-box\"  >\n\t\t<div class=\"ngg-gallery-thumbnail\" >\n\t\t\t<a href=\"http:\/\/www.vogel-art.de\/blog\/wp-content\/gallery\/chalten_calafate\/150107_Argentinien_Perito-Moreno_042_blog.jpg\"\n\t\t\t\ttitle=\"auf dem Weg zum Perito Moreno Gletscher\"\n\t\t\t\tclass=\"ngg-fancybox\" rel=\"af3e3e27c9595e64b5841970973f1c2b\" data-image-id=\"340\" data-src=\"http:\/\/www.vogel-art.de\/blog\/wp-content\/gallery\/chalten_calafate\/150107_Argentinien_Perito-Moreno_042_blog.jpg\" data-thumbnail=\"http:\/\/www.vogel-art.de\/blog\/wp-content\/gallery\/chalten_calafate\/thumbs\/thumbs_150107_Argentinien_Perito-Moreno_042_blog.jpg\" data-title=\"auf dem Weg zum Perito Moreno Gletscher\" data-description=\"auf dem Weg zum Perito Moreno Gletscher\" >\n\t\t\t\t\t\t\t\t<img title=\"auf dem Weg zum Perito Moreno Gletscher\" alt=\"auf dem Weg zum Perito Moreno Gletscher\" src=\"http:\/\/www.vogel-art.de\/blog\/wp-content\/gallery\/chalten_calafate\/thumbs\/thumbs_150107_Argentinien_Perito-Moreno_042_blog.jpg\" width='96' height='72' \/>\n\t\t\t\t\t\t\t<\/a>\n\t\t<\/div>\n\t<\/div>\n\n\t\t\t\t\t\t\t\t\t\n\t\t\n\t<div id=\"ngg-image-341\" class=\"ngg-gallery-thumbnail-box\"  >\n\t\t<div class=\"ngg-gallery-thumbnail\" >\n\t\t\t<a href=\"http:\/\/www.vogel-art.de\/blog\/wp-content\/gallery\/chalten_calafate\/150107_Argentinien_Perito-Moreno_056_blog.jpg\"\n\t\t\t\ttitle=\"Perito Moreno Gletscher\"\n\t\t\t\tclass=\"ngg-fancybox\" rel=\"af3e3e27c9595e64b5841970973f1c2b\" data-image-id=\"341\" data-src=\"http:\/\/www.vogel-art.de\/blog\/wp-content\/gallery\/chalten_calafate\/150107_Argentinien_Perito-Moreno_056_blog.jpg\" data-thumbnail=\"http:\/\/www.vogel-art.de\/blog\/wp-content\/gallery\/chalten_calafate\/thumbs\/thumbs_150107_Argentinien_Perito-Moreno_056_blog.jpg\" data-title=\"Perito Moreno Gletscher\" data-description=\"Perito Moreno Gletscher\" >\n\t\t\t\t\t\t\t\t<img title=\"Perito Moreno Gletscher\" alt=\"Perito Moreno Gletscher\" src=\"http:\/\/www.vogel-art.de\/blog\/wp-content\/gallery\/chalten_calafate\/thumbs\/thumbs_150107_Argentinien_Perito-Moreno_056_blog.jpg\" width='96' height='72' \/>\n\t\t\t\t\t\t\t<\/a>\n\t\t<\/div>\n\t<\/div>\n\n\t\t\t\t\t\t\t\t\t\n\t\t\n\t<div id=\"ngg-image-342\" class=\"ngg-gallery-thumbnail-box\"  >\n\t\t<div class=\"ngg-gallery-thumbnail\" >\n\t\t\t<a href=\"http:\/\/www.vogel-art.de\/blog\/wp-content\/gallery\/chalten_calafate\/150107_Argentinien_Perito-Moreno_058_blog.jpg\"\n\t\t\t\ttitle=\"Perito Moreno Gletscher\"\n\t\t\t\tclass=\"ngg-fancybox\" rel=\"af3e3e27c9595e64b5841970973f1c2b\" data-image-id=\"342\" data-src=\"http:\/\/www.vogel-art.de\/blog\/wp-content\/gallery\/chalten_calafate\/150107_Argentinien_Perito-Moreno_058_blog.jpg\" data-thumbnail=\"http:\/\/www.vogel-art.de\/blog\/wp-content\/gallery\/chalten_calafate\/thumbs\/thumbs_150107_Argentinien_Perito-Moreno_058_blog.jpg\" data-title=\"Perito Moreno Gletscher\" data-description=\"Perito Moreno Gletscher\" >\n\t\t\t\t\t\t\t\t<img title=\"Perito Moreno Gletscher\" alt=\"Perito Moreno Gletscher\" src=\"http:\/\/www.vogel-art.de\/blog\/wp-content\/gallery\/chalten_calafate\/thumbs\/thumbs_150107_Argentinien_Perito-Moreno_058_blog.jpg\" width='96' height='72' \/>\n\t\t\t\t\t\t\t<\/a>\n\t\t<\/div>\n\t<\/div>\n\n\t\t\t\t\t\t\t\t\t\n\t\t\n\t<div id=\"ngg-image-343\" class=\"ngg-gallery-thumbnail-box\"  >\n\t\t<div class=\"ngg-gallery-thumbnail\" >\n\t\t\t<a href=\"http:\/\/www.vogel-art.de\/blog\/wp-content\/gallery\/chalten_calafate\/150107_Argentinien_Perito-Moreno_059_blog.jpg\"\n\t\t\t\ttitle=\"Perito Moreno Gletscher\"\n\t\t\t\tclass=\"ngg-fancybox\" rel=\"af3e3e27c9595e64b5841970973f1c2b\" data-image-id=\"343\" data-src=\"http:\/\/www.vogel-art.de\/blog\/wp-content\/gallery\/chalten_calafate\/150107_Argentinien_Perito-Moreno_059_blog.jpg\" data-thumbnail=\"http:\/\/www.vogel-art.de\/blog\/wp-content\/gallery\/chalten_calafate\/thumbs\/thumbs_150107_Argentinien_Perito-Moreno_059_blog.jpg\" data-title=\"Perito Moreno Gletscher\" data-description=\"Perito Moreno Gletscher\" >\n\t\t\t\t\t\t\t\t<img title=\"Perito Moreno Gletscher\" alt=\"Perito Moreno Gletscher\" src=\"http:\/\/www.vogel-art.de\/blog\/wp-content\/gallery\/chalten_calafate\/thumbs\/thumbs_150107_Argentinien_Perito-Moreno_059_blog.jpg\" width='96' height='72' \/>\n\t\t\t\t\t\t\t<\/a>\n\t\t<\/div>\n\t<\/div>\n\n\t\t\t\t\t\t\t\t\t\n\t\t\n\t<div id=\"ngg-image-344\" class=\"ngg-gallery-thumbnail-box\"  >\n\t\t<div class=\"ngg-gallery-thumbnail\" >\n\t\t\t<a href=\"http:\/\/www.vogel-art.de\/blog\/wp-content\/gallery\/chalten_calafate\/150107_Argentinien_Perito-Moreno_080_blog.jpg\"\n\t\t\t\ttitle=\"Perito Moreno Gletscher\"\n\t\t\t\tclass=\"ngg-fancybox\" rel=\"af3e3e27c9595e64b5841970973f1c2b\" data-image-id=\"344\" data-src=\"http:\/\/www.vogel-art.de\/blog\/wp-content\/gallery\/chalten_calafate\/150107_Argentinien_Perito-Moreno_080_blog.jpg\" data-thumbnail=\"http:\/\/www.vogel-art.de\/blog\/wp-content\/gallery\/chalten_calafate\/thumbs\/thumbs_150107_Argentinien_Perito-Moreno_080_blog.jpg\" data-title=\"Perito Moreno Gletscher\" data-description=\"Perito Moreno Gletscher\" >\n\t\t\t\t\t\t\t\t<img title=\"Perito Moreno Gletscher\" alt=\"Perito Moreno Gletscher\" src=\"http:\/\/www.vogel-art.de\/blog\/wp-content\/gallery\/chalten_calafate\/thumbs\/thumbs_150107_Argentinien_Perito-Moreno_080_blog.jpg\" width='96' height='72' \/>\n\t\t\t\t\t\t\t<\/a>\n\t\t<\/div>\n\t<\/div>\n\n\t\t\t\t\t\t\t\t\t\n\t\t\n\t<div id=\"ngg-image-345\" class=\"ngg-gallery-thumbnail-box\"  >\n\t\t<div class=\"ngg-gallery-thumbnail\" >\n\t\t\t<a href=\"http:\/\/www.vogel-art.de\/blog\/wp-content\/gallery\/chalten_calafate\/150107_Argentinien_Perito-Moreno_081_blog.jpg\"\n\t\t\t\ttitle=\"Perito Moreno Gletscher\"\n\t\t\t\tclass=\"ngg-fancybox\" rel=\"af3e3e27c9595e64b5841970973f1c2b\" data-image-id=\"345\" data-src=\"http:\/\/www.vogel-art.de\/blog\/wp-content\/gallery\/chalten_calafate\/150107_Argentinien_Perito-Moreno_081_blog.jpg\" data-thumbnail=\"http:\/\/www.vogel-art.de\/blog\/wp-content\/gallery\/chalten_calafate\/thumbs\/thumbs_150107_Argentinien_Perito-Moreno_081_blog.jpg\" data-title=\"Perito Moreno Gletscher\" data-description=\"Perito Moreno Gletscher\" >\n\t\t\t\t\t\t\t\t<img title=\"Perito Moreno Gletscher\" alt=\"Perito Moreno Gletscher\" src=\"http:\/\/www.vogel-art.de\/blog\/wp-content\/gallery\/chalten_calafate\/thumbs\/thumbs_150107_Argentinien_Perito-Moreno_081_blog.jpg\" width='96' height='72' \/>\n\t\t\t\t\t\t\t<\/a>\n\t\t<\/div>\n\t<\/div>\n\n\t\t\t\t\t\t\t\t\t\n\t\t\n\t<div id=\"ngg-image-346\" class=\"ngg-gallery-thumbnail-box\"  >\n\t\t<div class=\"ngg-gallery-thumbnail\" >\n\t\t\t<a href=\"http:\/\/www.vogel-art.de\/blog\/wp-content\/gallery\/chalten_calafate\/150107_Argentinien_Perito-Moreno_087a_blog.jpg\"\n\t\t\t\ttitle=\"das Kalben des Gletschers\"\n\t\t\t\tclass=\"ngg-fancybox\" rel=\"af3e3e27c9595e64b5841970973f1c2b\" data-image-id=\"346\" data-src=\"http:\/\/www.vogel-art.de\/blog\/wp-content\/gallery\/chalten_calafate\/150107_Argentinien_Perito-Moreno_087a_blog.jpg\" data-thumbnail=\"http:\/\/www.vogel-art.de\/blog\/wp-content\/gallery\/chalten_calafate\/thumbs\/thumbs_150107_Argentinien_Perito-Moreno_087a_blog.jpg\" data-title=\"das Kalben des Gletschers\" data-description=\"das Kalben des Gletschers\" >\n\t\t\t\t\t\t\t\t<img title=\"das Kalben des Gletschers\" alt=\"das Kalben des Gletschers\" src=\"http:\/\/www.vogel-art.de\/blog\/wp-content\/gallery\/chalten_calafate\/thumbs\/thumbs_150107_Argentinien_Perito-Moreno_087a_blog.jpg\" width='96' height='72' \/>\n\t\t\t\t\t\t\t<\/a>\n\t\t<\/div>\n\t<\/div>\n\n\t\t\t\t\t\t\t\t\t\n\t\t\n\t<div id=\"ngg-image-347\" class=\"ngg-gallery-thumbnail-box\"  >\n\t\t<div class=\"ngg-gallery-thumbnail\" >\n\t\t\t<a href=\"http:\/\/www.vogel-art.de\/blog\/wp-content\/gallery\/chalten_calafate\/150107_Argentinien_Perito-Moreno_087b_blog.jpg\"\n\t\t\t\ttitle=\"das Kalben des Gletschers\"\n\t\t\t\tclass=\"ngg-fancybox\" rel=\"af3e3e27c9595e64b5841970973f1c2b\" data-image-id=\"347\" data-src=\"http:\/\/www.vogel-art.de\/blog\/wp-content\/gallery\/chalten_calafate\/150107_Argentinien_Perito-Moreno_087b_blog.jpg\" data-thumbnail=\"http:\/\/www.vogel-art.de\/blog\/wp-content\/gallery\/chalten_calafate\/thumbs\/thumbs_150107_Argentinien_Perito-Moreno_087b_blog.jpg\" data-title=\"das Kalben des Gletschers\" data-description=\"das Kalben des Gletschers\" >\n\t\t\t\t\t\t\t\t<img title=\"das Kalben des Gletschers\" alt=\"das Kalben des Gletschers\" src=\"http:\/\/www.vogel-art.de\/blog\/wp-content\/gallery\/chalten_calafate\/thumbs\/thumbs_150107_Argentinien_Perito-Moreno_087b_blog.jpg\" width='96' height='72' \/>\n\t\t\t\t\t\t\t<\/a>\n\t\t<\/div>\n\t<\/div>\n\n\t\t\t\t\t\t\t\t\t\n\t\t\n\t<div id=\"ngg-image-348\" class=\"ngg-gallery-thumbnail-box\"  >\n\t\t<div class=\"ngg-gallery-thumbnail\" >\n\t\t\t<a href=\"http:\/\/www.vogel-art.de\/blog\/wp-content\/gallery\/chalten_calafate\/150107_Argentinien_Perito-Moreno_087c_blog.jpg\"\n\t\t\t\ttitle=\"das Kalben des Gletschers\"\n\t\t\t\tclass=\"ngg-fancybox\" rel=\"af3e3e27c9595e64b5841970973f1c2b\" data-image-id=\"348\" data-src=\"http:\/\/www.vogel-art.de\/blog\/wp-content\/gallery\/chalten_calafate\/150107_Argentinien_Perito-Moreno_087c_blog.jpg\" data-thumbnail=\"http:\/\/www.vogel-art.de\/blog\/wp-content\/gallery\/chalten_calafate\/thumbs\/thumbs_150107_Argentinien_Perito-Moreno_087c_blog.jpg\" data-title=\"das Kalben des Gletschers\" data-description=\"das Kalben des Gletschers\" >\n\t\t\t\t\t\t\t\t<img title=\"das Kalben des Gletschers\" alt=\"das Kalben des Gletschers\" src=\"http:\/\/www.vogel-art.de\/blog\/wp-content\/gallery\/chalten_calafate\/thumbs\/thumbs_150107_Argentinien_Perito-Moreno_087c_blog.jpg\" width='96' height='72' \/>\n\t\t\t\t\t\t\t<\/a>\n\t\t<\/div>\n\t<\/div>\n\n\t\t\t\t\t\t\t\t\t\n\t\t\n\t<div id=\"ngg-image-349\" class=\"ngg-gallery-thumbnail-box\"  >\n\t\t<div class=\"ngg-gallery-thumbnail\" >\n\t\t\t<a href=\"http:\/\/www.vogel-art.de\/blog\/wp-content\/gallery\/chalten_calafate\/150107_Argentinien_Perito-Moreno_088_blog.jpg\"\n\t\t\t\ttitle=\"Perito Moreno Gletscher\"\n\t\t\t\tclass=\"ngg-fancybox\" rel=\"af3e3e27c9595e64b5841970973f1c2b\" data-image-id=\"349\" data-src=\"http:\/\/www.vogel-art.de\/blog\/wp-content\/gallery\/chalten_calafate\/150107_Argentinien_Perito-Moreno_088_blog.jpg\" data-thumbnail=\"http:\/\/www.vogel-art.de\/blog\/wp-content\/gallery\/chalten_calafate\/thumbs\/thumbs_150107_Argentinien_Perito-Moreno_088_blog.jpg\" data-title=\"Perito Moreno Gletscher\" data-description=\"Perito Moreno Gletscher\" >\n\t\t\t\t\t\t\t\t<img title=\"Perito Moreno Gletscher\" alt=\"Perito Moreno Gletscher\" src=\"http:\/\/www.vogel-art.de\/blog\/wp-content\/gallery\/chalten_calafate\/thumbs\/thumbs_150107_Argentinien_Perito-Moreno_088_blog.jpg\" width='96' height='72' \/>\n\t\t\t\t\t\t\t<\/a>\n\t\t<\/div>\n\t<\/div>\n\n\t\t\t\t\t\t\t\t\t\n\t\t\n\t<div id=\"ngg-image-350\" class=\"ngg-gallery-thumbnail-box\"  >\n\t\t<div class=\"ngg-gallery-thumbnail\" >\n\t\t\t<a href=\"http:\/\/www.vogel-art.de\/blog\/wp-content\/gallery\/chalten_calafate\/150107_Argentinien_Perito-Moreno_111_blog.jpg\"\n\t\t\t\ttitle=\"Perito Moreno Gletscher\"\n\t\t\t\tclass=\"ngg-fancybox\" rel=\"af3e3e27c9595e64b5841970973f1c2b\" data-image-id=\"350\" data-src=\"http:\/\/www.vogel-art.de\/blog\/wp-content\/gallery\/chalten_calafate\/150107_Argentinien_Perito-Moreno_111_blog.jpg\" data-thumbnail=\"http:\/\/www.vogel-art.de\/blog\/wp-content\/gallery\/chalten_calafate\/thumbs\/thumbs_150107_Argentinien_Perito-Moreno_111_blog.jpg\" data-title=\"Perito Moreno Gletscher\" data-description=\"Perito Moreno Gletscher\" >\n\t\t\t\t\t\t\t\t<img title=\"Perito Moreno Gletscher\" alt=\"Perito Moreno Gletscher\" src=\"http:\/\/www.vogel-art.de\/blog\/wp-content\/gallery\/chalten_calafate\/thumbs\/thumbs_150107_Argentinien_Perito-Moreno_111_blog.jpg\" width='96' height='72' \/>\n\t\t\t\t\t\t\t<\/a>\n\t\t<\/div>\n\t<\/div>\n\n\t\t\t\t\t\t\t\t\t\n\t\t\n\t<div id=\"ngg-image-351\" class=\"ngg-gallery-thumbnail-box\"  >\n\t\t<div class=\"ngg-gallery-thumbnail\" >\n\t\t\t<a href=\"http:\/\/www.vogel-art.de\/blog\/wp-content\/gallery\/chalten_calafate\/150107_Argentinien_Perito-Moreno_114_blog.jpg\"\n\t\t\t\ttitle=\"Perito Moreno Gletscher\"\n\t\t\t\tclass=\"ngg-fancybox\" rel=\"af3e3e27c9595e64b5841970973f1c2b\" data-image-id=\"351\" data-src=\"http:\/\/www.vogel-art.de\/blog\/wp-content\/gallery\/chalten_calafate\/150107_Argentinien_Perito-Moreno_114_blog.jpg\" data-thumbnail=\"http:\/\/www.vogel-art.de\/blog\/wp-content\/gallery\/chalten_calafate\/thumbs\/thumbs_150107_Argentinien_Perito-Moreno_114_blog.jpg\" data-title=\"Perito Moreno Gletscher\" data-description=\"Perito Moreno Gletscher\" >\n\t\t\t\t\t\t\t\t<img title=\"Perito Moreno Gletscher\" alt=\"Perito Moreno Gletscher\" src=\"http:\/\/www.vogel-art.de\/blog\/wp-content\/gallery\/chalten_calafate\/thumbs\/thumbs_150107_Argentinien_Perito-Moreno_114_blog.jpg\" width='96' height='72' \/>\n\t\t\t\t\t\t\t<\/a>\n\t\t<\/div>\n\t<\/div>\n\n\t\t\t\t\t\t\t\t\t\n\t\t\n\t<div id=\"ngg-image-352\" class=\"ngg-gallery-thumbnail-box\"  >\n\t\t<div class=\"ngg-gallery-thumbnail\" >\n\t\t\t<a href=\"http:\/\/www.vogel-art.de\/blog\/wp-content\/gallery\/chalten_calafate\/150107_Argentinien_Perito-Moreno_119_blog.jpg\"\n\t\t\t\ttitle=\"Perito Moreno Gletscher\"\n\t\t\t\tclass=\"ngg-fancybox\" rel=\"af3e3e27c9595e64b5841970973f1c2b\" data-image-id=\"352\" data-src=\"http:\/\/www.vogel-art.de\/blog\/wp-content\/gallery\/chalten_calafate\/150107_Argentinien_Perito-Moreno_119_blog.jpg\" data-thumbnail=\"http:\/\/www.vogel-art.de\/blog\/wp-content\/gallery\/chalten_calafate\/thumbs\/thumbs_150107_Argentinien_Perito-Moreno_119_blog.jpg\" data-title=\"Perito Moreno GletscherERA\" data-description=\"Perito Moreno Gletscher\" >\n\t\t\t\t\t\t\t\t<img title=\"Perito Moreno GletscherERA\" alt=\"Perito Moreno GletscherERA\" src=\"http:\/\/www.vogel-art.de\/blog\/wp-content\/gallery\/chalten_calafate\/thumbs\/thumbs_150107_Argentinien_Perito-Moreno_119_blog.jpg\" width='96' height='72' \/>\n\t\t\t\t\t\t\t<\/a>\n\t\t<\/div>\n\t<\/div>\n\n\t\t\t\t\t\t\t\t\t\n\t\t\n\t<div id=\"ngg-image-353\" class=\"ngg-gallery-thumbnail-box\"  >\n\t\t<div class=\"ngg-gallery-thumbnail\" >\n\t\t\t<a href=\"http:\/\/www.vogel-art.de\/blog\/wp-content\/gallery\/chalten_calafate\/150107_Argentinien_Perito-Moreno_121_blog.jpg\"\n\t\t\t\ttitle=\"Perito Moreno Gletscher\"\n\t\t\t\tclass=\"ngg-fancybox\" rel=\"af3e3e27c9595e64b5841970973f1c2b\" data-image-id=\"353\" data-src=\"http:\/\/www.vogel-art.de\/blog\/wp-content\/gallery\/chalten_calafate\/150107_Argentinien_Perito-Moreno_121_blog.jpg\" data-thumbnail=\"http:\/\/www.vogel-art.de\/blog\/wp-content\/gallery\/chalten_calafate\/thumbs\/thumbs_150107_Argentinien_Perito-Moreno_121_blog.jpg\" data-title=\"Perito Moreno Gletscher\" data-description=\"Perito Moreno Gletscher\" >\n\t\t\t\t\t\t\t\t<img title=\"Perito Moreno Gletscher\" alt=\"Perito Moreno Gletscher\" src=\"http:\/\/www.vogel-art.de\/blog\/wp-content\/gallery\/chalten_calafate\/thumbs\/thumbs_150107_Argentinien_Perito-Moreno_121_blog.jpg\" width='96' height='72' \/>\n\t\t\t\t\t\t\t<\/a>\n\t\t<\/div>\n\t<\/div>\n\n\t\t\t\t\t\t\t\t\t\n\t\t\n\t<div id=\"ngg-image-354\" class=\"ngg-gallery-thumbnail-box\"  >\n\t\t<div class=\"ngg-gallery-thumbnail\" >\n\t\t\t<a href=\"http:\/\/www.vogel-art.de\/blog\/wp-content\/gallery\/chalten_calafate\/150107_Argentinien_Perito-Moreno_139_blog.jpg\"\n\t\t\t\ttitle=\"Perito Moreno Gletscher\"\n\t\t\t\tclass=\"ngg-fancybox\" rel=\"af3e3e27c9595e64b5841970973f1c2b\" data-image-id=\"354\" data-src=\"http:\/\/www.vogel-art.de\/blog\/wp-content\/gallery\/chalten_calafate\/150107_Argentinien_Perito-Moreno_139_blog.jpg\" data-thumbnail=\"http:\/\/www.vogel-art.de\/blog\/wp-content\/gallery\/chalten_calafate\/thumbs\/thumbs_150107_Argentinien_Perito-Moreno_139_blog.jpg\" data-title=\"Perito Moreno Gletscher\" data-description=\"Perito Moreno Gletscher\" >\n\t\t\t\t\t\t\t\t<img title=\"Perito Moreno Gletscher\" alt=\"Perito Moreno Gletscher\" src=\"http:\/\/www.vogel-art.de\/blog\/wp-content\/gallery\/chalten_calafate\/thumbs\/thumbs_150107_Argentinien_Perito-Moreno_139_blog.jpg\" width='96' height='72' \/>\n\t\t\t\t\t\t\t<\/a>\n\t\t<\/div>\n\t<\/div>\n\n\t\t\t\t\t\t\t\t\t\n\t\t\n\t<div id=\"ngg-image-355\" class=\"ngg-gallery-thumbnail-box\"  >\n\t\t<div class=\"ngg-gallery-thumbnail\" >\n\t\t\t<a href=\"http:\/\/www.vogel-art.de\/blog\/wp-content\/gallery\/chalten_calafate\/150107_Argentinien_Perito-Moreno_140_blog.jpg\"\n\t\t\t\ttitle=\"Perito Moreno Gletscher\"\n\t\t\t\tclass=\"ngg-fancybox\" rel=\"af3e3e27c9595e64b5841970973f1c2b\" data-image-id=\"355\" data-src=\"http:\/\/www.vogel-art.de\/blog\/wp-content\/gallery\/chalten_calafate\/150107_Argentinien_Perito-Moreno_140_blog.jpg\" data-thumbnail=\"http:\/\/www.vogel-art.de\/blog\/wp-content\/gallery\/chalten_calafate\/thumbs\/thumbs_150107_Argentinien_Perito-Moreno_140_blog.jpg\" data-title=\"Perito Moreno Gletscher\" data-description=\"Perito Moreno Gletscher\" >\n\t\t\t\t\t\t\t\t<img title=\"Perito Moreno Gletscher\" alt=\"Perito Moreno Gletscher\" src=\"http:\/\/www.vogel-art.de\/blog\/wp-content\/gallery\/chalten_calafate\/thumbs\/thumbs_150107_Argentinien_Perito-Moreno_140_blog.jpg\" width='96' height='72' \/>\n\t\t\t\t\t\t\t<\/a>\n\t\t<\/div>\n\t<\/div>\n\n\t\t\t\t\t\t\t\t\t\n\t\t\n\t<div id=\"ngg-image-356\" class=\"ngg-gallery-thumbnail-box\"  >\n\t\t<div class=\"ngg-gallery-thumbnail\" >\n\t\t\t<a href=\"http:\/\/www.vogel-art.de\/blog\/wp-content\/gallery\/chalten_calafate\/150107_Argentinien_Perito-Moreno_150_blog.jpg\"\n\t\t\t\ttitle=\"Perito Moreno Gletscher\"\n\t\t\t\tclass=\"ngg-fancybox\" rel=\"af3e3e27c9595e64b5841970973f1c2b\" data-image-id=\"356\" data-src=\"http:\/\/www.vogel-art.de\/blog\/wp-content\/gallery\/chalten_calafate\/150107_Argentinien_Perito-Moreno_150_blog.jpg\" data-thumbnail=\"http:\/\/www.vogel-art.de\/blog\/wp-content\/gallery\/chalten_calafate\/thumbs\/thumbs_150107_Argentinien_Perito-Moreno_150_blog.jpg\" data-title=\"Perito Moreno Gletscher\" data-description=\"Perito Moreno Gletscher\" >\n\t\t\t\t\t\t\t\t<img title=\"Perito Moreno Gletscher\" alt=\"Perito Moreno Gletscher\" src=\"http:\/\/www.vogel-art.de\/blog\/wp-content\/gallery\/chalten_calafate\/thumbs\/thumbs_150107_Argentinien_Perito-Moreno_150_blog.jpg\" width='96' height='72' \/>\n\t\t\t\t\t\t\t<\/a>\n\t\t<\/div>\n\t<\/div>\n\n\t\t\t\t\t\t\t\t\t\n\t\t\n\t<div id=\"ngg-image-357\" class=\"ngg-gallery-thumbnail-box\"  >\n\t\t<div class=\"ngg-gallery-thumbnail\" >\n\t\t\t<a href=\"http:\/\/www.vogel-art.de\/blog\/wp-content\/gallery\/chalten_calafate\/150107_Argentinien_Perito-Moreno_151_blog.jpg\"\n\t\t\t\ttitle=\"Perito Moreno Gletscher\"\n\t\t\t\tclass=\"ngg-fancybox\" rel=\"af3e3e27c9595e64b5841970973f1c2b\" data-image-id=\"357\" data-src=\"http:\/\/www.vogel-art.de\/blog\/wp-content\/gallery\/chalten_calafate\/150107_Argentinien_Perito-Moreno_151_blog.jpg\" data-thumbnail=\"http:\/\/www.vogel-art.de\/blog\/wp-content\/gallery\/chalten_calafate\/thumbs\/thumbs_150107_Argentinien_Perito-Moreno_151_blog.jpg\" data-title=\"Perito Moreno Gletscher\" data-description=\"Perito Moreno Gletscher\" >\n\t\t\t\t\t\t\t\t<img title=\"Perito Moreno Gletscher\" alt=\"Perito Moreno Gletscher\" src=\"http:\/\/www.vogel-art.de\/blog\/wp-content\/gallery\/chalten_calafate\/thumbs\/thumbs_150107_Argentinien_Perito-Moreno_151_blog.jpg\" width='96' height='72' \/>\n\t\t\t\t\t\t\t<\/a>\n\t\t<\/div>\n\t<\/div>\n\n\t\t\t\t\t\t\t\t\t\n\t\t\n\t<div id=\"ngg-image-358\" class=\"ngg-gallery-thumbnail-box\"  >\n\t\t<div class=\"ngg-gallery-thumbnail\" >\n\t\t\t<a href=\"http:\/\/www.vogel-art.de\/blog\/wp-content\/gallery\/chalten_calafate\/150107_Argentinien_Perito-Moreno_157_blog.jpg\"\n\t\t\t\ttitle=\"Perito Moreno Gletscher\"\n\t\t\t\tclass=\"ngg-fancybox\" rel=\"af3e3e27c9595e64b5841970973f1c2b\" data-image-id=\"358\" data-src=\"http:\/\/www.vogel-art.de\/blog\/wp-content\/gallery\/chalten_calafate\/150107_Argentinien_Perito-Moreno_157_blog.jpg\" data-thumbnail=\"http:\/\/www.vogel-art.de\/blog\/wp-content\/gallery\/chalten_calafate\/thumbs\/thumbs_150107_Argentinien_Perito-Moreno_157_blog.jpg\" data-title=\"Perito Moreno GletscherRA\" data-description=\"Perito Moreno Gletscher\" >\n\t\t\t\t\t\t\t\t<img title=\"Perito Moreno GletscherRA\" alt=\"Perito Moreno GletscherRA\" src=\"http:\/\/www.vogel-art.de\/blog\/wp-content\/gallery\/chalten_calafate\/thumbs\/thumbs_150107_Argentinien_Perito-Moreno_157_blog.jpg\" width='96' height='72' \/>\n\t\t\t\t\t\t\t<\/a>\n\t\t<\/div>\n\t<\/div>\n\n\t\t\t\t\t\t\t\t\t\n\t\t\n\t<div id=\"ngg-image-359\" class=\"ngg-gallery-thumbnail-box\"  >\n\t\t<div class=\"ngg-gallery-thumbnail\" >\n\t\t\t<a href=\"http:\/\/www.vogel-art.de\/blog\/wp-content\/gallery\/chalten_calafate\/150107_Argentinien_Perito-Moreno_169_blog.jpg\"\n\t\t\t\ttitle=\"Perito Moreno Gletscher\"\n\t\t\t\tclass=\"ngg-fancybox\" rel=\"af3e3e27c9595e64b5841970973f1c2b\" data-image-id=\"359\" data-src=\"http:\/\/www.vogel-art.de\/blog\/wp-content\/gallery\/chalten_calafate\/150107_Argentinien_Perito-Moreno_169_blog.jpg\" data-thumbnail=\"http:\/\/www.vogel-art.de\/blog\/wp-content\/gallery\/chalten_calafate\/thumbs\/thumbs_150107_Argentinien_Perito-Moreno_169_blog.jpg\" data-title=\"Perito Moreno Gletscher\" data-description=\"Perito Moreno Gletscher\" >\n\t\t\t\t\t\t\t\t<img title=\"Perito Moreno Gletscher\" alt=\"Perito Moreno Gletscher\" src=\"http:\/\/www.vogel-art.de\/blog\/wp-content\/gallery\/chalten_calafate\/thumbs\/thumbs_150107_Argentinien_Perito-Moreno_169_blog.jpg\" width='96' height='72' \/>\n\t\t\t\t\t\t\t<\/a>\n\t\t<\/div>\n\t<\/div>\n\n\t\t\t\t\t\t\t\t\t\n\t\t\n\t<div id=\"ngg-image-360\" class=\"ngg-gallery-thumbnail-box\"  >\n\t\t<div class=\"ngg-gallery-thumbnail\" >\n\t\t\t<a href=\"http:\/\/www.vogel-art.de\/blog\/wp-content\/gallery\/chalten_calafate\/150107_Argentinien_Perito-Moreno_175_PAN_blog.jpg\"\n\t\t\t\ttitle=\"Perito Moreno Gletscher\"\n\t\t\t\tclass=\"ngg-fancybox\" rel=\"af3e3e27c9595e64b5841970973f1c2b\" data-image-id=\"360\" data-src=\"http:\/\/www.vogel-art.de\/blog\/wp-content\/gallery\/chalten_calafate\/150107_Argentinien_Perito-Moreno_175_PAN_blog.jpg\" data-thumbnail=\"http:\/\/www.vogel-art.de\/blog\/wp-content\/gallery\/chalten_calafate\/thumbs\/thumbs_150107_Argentinien_Perito-Moreno_175_PAN_blog.jpg\" data-title=\"Perito Moreno Gletscher\" data-description=\"Perito Moreno Gletscher\" >\n\t\t\t\t\t\t\t\t<img title=\"Perito Moreno Gletscher\" alt=\"Perito Moreno Gletscher\" src=\"http:\/\/www.vogel-art.de\/blog\/wp-content\/gallery\/chalten_calafate\/thumbs\/thumbs_150107_Argentinien_Perito-Moreno_175_PAN_blog.jpg\" width='96' height='72' \/>\n\t\t\t\t\t\t\t<\/a>\n\t\t<\/div>\n\t<\/div>\n\n\t\t\t\t\t\t\t\t\t\n\t\t\n\t<div id=\"ngg-image-362\" class=\"ngg-gallery-thumbnail-box\"  >\n\t\t<div class=\"ngg-gallery-thumbnail\" >\n\t\t\t<a href=\"http:\/\/www.vogel-art.de\/blog\/wp-content\/gallery\/chalten_calafate\/150107_Argentinien_Perito-Morenop073_blog.jpg\"\n\t\t\t\ttitle=\"Perito Moreno Gletscher\"\n\t\t\t\tclass=\"ngg-fancybox\" rel=\"af3e3e27c9595e64b5841970973f1c2b\" data-image-id=\"362\" data-src=\"http:\/\/www.vogel-art.de\/blog\/wp-content\/gallery\/chalten_calafate\/150107_Argentinien_Perito-Morenop073_blog.jpg\" data-thumbnail=\"http:\/\/www.vogel-art.de\/blog\/wp-content\/gallery\/chalten_calafate\/thumbs\/thumbs_150107_Argentinien_Perito-Morenop073_blog.jpg\" data-title=\"Perito Moreno Gletscher\" data-description=\"Perito Moreno Gletscher\" >\n\t\t\t\t\t\t\t\t<img title=\"Perito Moreno Gletscher\" alt=\"Perito Moreno Gletscher\" src=\"http:\/\/www.vogel-art.de\/blog\/wp-content\/gallery\/chalten_calafate\/thumbs\/thumbs_150107_Argentinien_Perito-Morenop073_blog.jpg\" width='96' height='72' \/>\n\t\t\t\t\t\t\t<\/a>\n\t\t<\/div>\n\t<\/div>\n\n\t\t\t\t\t\t\t\t\t\n\t\t\n\t<div id=\"ngg-image-363\" class=\"ngg-gallery-thumbnail-box\"  >\n\t\t<div class=\"ngg-gallery-thumbnail\" >\n\t\t\t<a href=\"http:\/\/www.vogel-art.de\/blog\/wp-content\/gallery\/chalten_calafate\/150107_Argentinien_Perito-Morenop128_blog.jpg\"\n\t\t\t\ttitle=\"Perito Moreno Gletscher\"\n\t\t\t\tclass=\"ngg-fancybox\" rel=\"af3e3e27c9595e64b5841970973f1c2b\" data-image-id=\"363\" data-src=\"http:\/\/www.vogel-art.de\/blog\/wp-content\/gallery\/chalten_calafate\/150107_Argentinien_Perito-Morenop128_blog.jpg\" data-thumbnail=\"http:\/\/www.vogel-art.de\/blog\/wp-content\/gallery\/chalten_calafate\/thumbs\/thumbs_150107_Argentinien_Perito-Morenop128_blog.jpg\" data-title=\"Perito Moreno Gletscher\" data-description=\"Perito Moreno Gletscher\" >\n\t\t\t\t\t\t\t\t<img title=\"Perito Moreno Gletscher\" alt=\"Perito Moreno Gletscher\" src=\"http:\/\/www.vogel-art.de\/blog\/wp-content\/gallery\/chalten_calafate\/thumbs\/thumbs_150107_Argentinien_Perito-Morenop128_blog.jpg\" width='96' height='72' \/>\n\t\t\t\t\t\t\t<\/a>\n\t\t<\/div>\n\t<\/div>\n\n\t\t\t\t\t\t\t\t\t\n\t\t\n\t<div id=\"ngg-image-364\" class=\"ngg-gallery-thumbnail-box\"  >\n\t\t<div class=\"ngg-gallery-thumbnail\" >\n\t\t\t<a href=\"http:\/\/www.vogel-art.de\/blog\/wp-content\/gallery\/chalten_calafate\/150108_Argentinien_Perito-Moreno_011_blog.jpg\"\n\t\t\t\ttitle=\"Perito Moreno Gletscher\"\n\t\t\t\tclass=\"ngg-fancybox\" rel=\"af3e3e27c9595e64b5841970973f1c2b\" data-image-id=\"364\" data-src=\"http:\/\/www.vogel-art.de\/blog\/wp-content\/gallery\/chalten_calafate\/150108_Argentinien_Perito-Moreno_011_blog.jpg\" data-thumbnail=\"http:\/\/www.vogel-art.de\/blog\/wp-content\/gallery\/chalten_calafate\/thumbs\/thumbs_150108_Argentinien_Perito-Moreno_011_blog.jpg\" data-title=\"Perito Moreno Gletscher\" data-description=\"Perito Moreno Gletscher\" >\n\t\t\t\t\t\t\t\t<img title=\"Perito Moreno Gletscher\" alt=\"Perito Moreno Gletscher\" src=\"http:\/\/www.vogel-art.de\/blog\/wp-content\/gallery\/chalten_calafate\/thumbs\/thumbs_150108_Argentinien_Perito-Moreno_011_blog.jpg\" width='96' height='72' \/>\n\t\t\t\t\t\t\t<\/a>\n\t\t<\/div>\n\t<\/div>\n\n\t\t\t\t\t\t\t\t\t\n\t\t\n\t<div id=\"ngg-image-365\" class=\"ngg-gallery-thumbnail-box\"  >\n\t\t<div class=\"ngg-gallery-thumbnail\" >\n\t\t\t<a href=\"http:\/\/www.vogel-art.de\/blog\/wp-content\/gallery\/chalten_calafate\/150108_Argentinien_Perito-Moreno_027a_blog.jpg\"\n\t\t\t\ttitle=\"das Kalben des Gletschers\"\n\t\t\t\tclass=\"ngg-fancybox\" rel=\"af3e3e27c9595e64b5841970973f1c2b\" data-image-id=\"365\" data-src=\"http:\/\/www.vogel-art.de\/blog\/wp-content\/gallery\/chalten_calafate\/150108_Argentinien_Perito-Moreno_027a_blog.jpg\" data-thumbnail=\"http:\/\/www.vogel-art.de\/blog\/wp-content\/gallery\/chalten_calafate\/thumbs\/thumbs_150108_Argentinien_Perito-Moreno_027a_blog.jpg\" data-title=\"das Kalben des Gletschers\" data-description=\"das Kalben des Gletschers\" >\n\t\t\t\t\t\t\t\t<img title=\"das Kalben des Gletschers\" alt=\"das Kalben des Gletschers\" src=\"http:\/\/www.vogel-art.de\/blog\/wp-content\/gallery\/chalten_calafate\/thumbs\/thumbs_150108_Argentinien_Perito-Moreno_027a_blog.jpg\" width='96' height='72' \/>\n\t\t\t\t\t\t\t<\/a>\n\t\t<\/div>\n\t<\/div>\n\n\t\t\t\t\t\t\t\t\t\n\t\t\n\t<div id=\"ngg-image-366\" class=\"ngg-gallery-thumbnail-box\"  >\n\t\t<div class=\"ngg-gallery-thumbnail\" >\n\t\t\t<a href=\"http:\/\/www.vogel-art.de\/blog\/wp-content\/gallery\/chalten_calafate\/150108_Argentinien_Perito-Moreno_032a_blog.jpg\"\n\t\t\t\ttitle=\"das Kalben des Gletschers\"\n\t\t\t\tclass=\"ngg-fancybox\" rel=\"af3e3e27c9595e64b5841970973f1c2b\" data-image-id=\"366\" data-src=\"http:\/\/www.vogel-art.de\/blog\/wp-content\/gallery\/chalten_calafate\/150108_Argentinien_Perito-Moreno_032a_blog.jpg\" data-thumbnail=\"http:\/\/www.vogel-art.de\/blog\/wp-content\/gallery\/chalten_calafate\/thumbs\/thumbs_150108_Argentinien_Perito-Moreno_032a_blog.jpg\" data-title=\"das Kalben des Gletschersr\" data-description=\"das Kalben des Gletschers\" >\n\t\t\t\t\t\t\t\t<img title=\"das Kalben des Gletschersr\" alt=\"das Kalben des Gletschersr\" src=\"http:\/\/www.vogel-art.de\/blog\/wp-content\/gallery\/chalten_calafate\/thumbs\/thumbs_150108_Argentinien_Perito-Moreno_032a_blog.jpg\" width='96' height='72' \/>\n\t\t\t\t\t\t\t<\/a>\n\t\t<\/div>\n\t<\/div>\n\n\t\t\t\t\t\t\t\t\t\n\t\t\n\t<div id=\"ngg-image-367\" class=\"ngg-gallery-thumbnail-box\"  >\n\t\t<div class=\"ngg-gallery-thumbnail\" >\n\t\t\t<a href=\"http:\/\/www.vogel-art.de\/blog\/wp-content\/gallery\/chalten_calafate\/150108_Argentinien_Perito-Moreno_035a_blog.jpg\"\n\t\t\t\ttitle=\"das Kalben des Gletschers\"\n\t\t\t\tclass=\"ngg-fancybox\" rel=\"af3e3e27c9595e64b5841970973f1c2b\" data-image-id=\"367\" data-src=\"http:\/\/www.vogel-art.de\/blog\/wp-content\/gallery\/chalten_calafate\/150108_Argentinien_Perito-Moreno_035a_blog.jpg\" data-thumbnail=\"http:\/\/www.vogel-art.de\/blog\/wp-content\/gallery\/chalten_calafate\/thumbs\/thumbs_150108_Argentinien_Perito-Moreno_035a_blog.jpg\" data-title=\"das Kalben des Gletschers\" data-description=\"das Kalben des Gletschers\" >\n\t\t\t\t\t\t\t\t<img title=\"das Kalben des Gletschers\" alt=\"das Kalben des Gletschers\" src=\"http:\/\/www.vogel-art.de\/blog\/wp-content\/gallery\/chalten_calafate\/thumbs\/thumbs_150108_Argentinien_Perito-Moreno_035a_blog.jpg\" width='96' height='72' \/>\n\t\t\t\t\t\t\t<\/a>\n\t\t<\/div>\n\t<\/div>\n\n\t\t\t\t\t\t\t\t\t\n\t\t\n\t<div id=\"ngg-image-368\" class=\"ngg-gallery-thumbnail-box\"  >\n\t\t<div class=\"ngg-gallery-thumbnail\" >\n\t\t\t<a href=\"http:\/\/www.vogel-art.de\/blog\/wp-content\/gallery\/chalten_calafate\/150108_Argentinien_Perito-Moreno_086_blog.jpg\"\n\t\t\t\ttitle=\"Perito Moreno Gletscher\"\n\t\t\t\tclass=\"ngg-fancybox\" rel=\"af3e3e27c9595e64b5841970973f1c2b\" data-image-id=\"368\" data-src=\"http:\/\/www.vogel-art.de\/blog\/wp-content\/gallery\/chalten_calafate\/150108_Argentinien_Perito-Moreno_086_blog.jpg\" data-thumbnail=\"http:\/\/www.vogel-art.de\/blog\/wp-content\/gallery\/chalten_calafate\/thumbs\/thumbs_150108_Argentinien_Perito-Moreno_086_blog.jpg\" data-title=\"OPerito Moreno Gletscher\" data-description=\"Perito Moreno Gletscher\" >\n\t\t\t\t\t\t\t\t<img title=\"OPerito Moreno Gletscher\" alt=\"OPerito Moreno Gletscher\" src=\"http:\/\/www.vogel-art.de\/blog\/wp-content\/gallery\/chalten_calafate\/thumbs\/thumbs_150108_Argentinien_Perito-Moreno_086_blog.jpg\" width='96' height='72' \/>\n\t\t\t\t\t\t\t<\/a>\n\t\t<\/div>\n\t<\/div>\n\n\t\t\t\t\t\t\t\t\t\n\t\t\n\t<div id=\"ngg-image-369\" class=\"ngg-gallery-thumbnail-box\"  >\n\t\t<div class=\"ngg-gallery-thumbnail\" >\n\t\t\t<a href=\"http:\/\/www.vogel-art.de\/blog\/wp-content\/gallery\/chalten_calafate\/150108_Argentinien_Perito-Morenop207_blog.jpg\"\n\t\t\t\ttitle=\"Perito Moreno Gletscher\"\n\t\t\t\tclass=\"ngg-fancybox\" rel=\"af3e3e27c9595e64b5841970973f1c2b\" data-image-id=\"369\" data-src=\"http:\/\/www.vogel-art.de\/blog\/wp-content\/gallery\/chalten_calafate\/150108_Argentinien_Perito-Morenop207_blog.jpg\" data-thumbnail=\"http:\/\/www.vogel-art.de\/blog\/wp-content\/gallery\/chalten_calafate\/thumbs\/thumbs_150108_Argentinien_Perito-Morenop207_blog.jpg\" data-title=\"Perito Moreno Gletscher\" data-description=\"Perito Moreno Gletscher\" >\n\t\t\t\t\t\t\t\t<img title=\"Perito Moreno Gletscher\" alt=\"Perito Moreno Gletscher\" src=\"http:\/\/www.vogel-art.de\/blog\/wp-content\/gallery\/chalten_calafate\/thumbs\/thumbs_150108_Argentinien_Perito-Morenop207_blog.jpg\" width='96' height='72' \/>\n\t\t\t\t\t\t\t<\/a>\n\t\t<\/div>\n\t<\/div>\n\n\t\t\t\t\t\t\t\t\t\n\t\t\n\t<div id=\"ngg-image-370\" class=\"ngg-gallery-thumbnail-box\"  >\n\t\t<div class=\"ngg-gallery-thumbnail\" >\n\t\t\t<a href=\"http:\/\/www.vogel-art.de\/blog\/wp-content\/gallery\/chalten_calafate\/150108_Argentinien_Perito-Morenop220_blog.jpg\"\n\t\t\t\ttitle=\"Perito Moreno Gletscher\"\n\t\t\t\tclass=\"ngg-fancybox\" rel=\"af3e3e27c9595e64b5841970973f1c2b\" data-image-id=\"370\" data-src=\"http:\/\/www.vogel-art.de\/blog\/wp-content\/gallery\/chalten_calafate\/150108_Argentinien_Perito-Morenop220_blog.jpg\" data-thumbnail=\"http:\/\/www.vogel-art.de\/blog\/wp-content\/gallery\/chalten_calafate\/thumbs\/thumbs_150108_Argentinien_Perito-Morenop220_blog.jpg\" data-title=\"15Perito Moreno Gletscher\" data-description=\"Perito Moreno Gletscher\" >\n\t\t\t\t\t\t\t\t<img title=\"15Perito Moreno Gletscher\" alt=\"15Perito Moreno Gletscher\" src=\"http:\/\/www.vogel-art.de\/blog\/wp-content\/gallery\/chalten_calafate\/thumbs\/thumbs_150108_Argentinien_Perito-Morenop220_blog.jpg\" width='96' height='72' \/>\n\t\t\t\t\t\t\t<\/a>\n\t\t<\/div>\n\t<\/div>\n\n\t\t\t\t\t\t\t\t\t\n\t\t\n\t<div id=\"ngg-image-371\" class=\"ngg-gallery-thumbnail-box\"  >\n\t\t<div class=\"ngg-gallery-thumbnail\" >\n\t\t\t<a href=\"http:\/\/www.vogel-art.de\/blog\/wp-content\/gallery\/chalten_calafate\/150108_Argentinien_Perito-Morenop221_blog.jpg\"\n\t\t\t\ttitle=\"Perito Moreno Gletscher\"\n\t\t\t\tclass=\"ngg-fancybox\" rel=\"af3e3e27c9595e64b5841970973f1c2b\" data-image-id=\"371\" data-src=\"http:\/\/www.vogel-art.de\/blog\/wp-content\/gallery\/chalten_calafate\/150108_Argentinien_Perito-Morenop221_blog.jpg\" data-thumbnail=\"http:\/\/www.vogel-art.de\/blog\/wp-content\/gallery\/chalten_calafate\/thumbs\/thumbs_150108_Argentinien_Perito-Morenop221_blog.jpg\" data-title=\"Perito Moreno Gletscher\" data-description=\"Perito Moreno Gletscher\" >\n\t\t\t\t\t\t\t\t<img title=\"Perito Moreno Gletscher\" alt=\"Perito Moreno Gletscher\" src=\"http:\/\/www.vogel-art.de\/blog\/wp-content\/gallery\/chalten_calafate\/thumbs\/thumbs_150108_Argentinien_Perito-Morenop221_blog.jpg\" width='96' height='72' \/>\n\t\t\t\t\t\t\t<\/a>\n\t\t<\/div>\n\t<\/div>\n\n\t\t\t\t\t\t\t\t\t\n\t\t\n\t<div id=\"ngg-image-361\" class=\"ngg-gallery-thumbnail-box\"  >\n\t\t<div class=\"ngg-gallery-thumbnail\" >\n\t\t\t<a href=\"http:\/\/www.vogel-art.de\/blog\/wp-content\/gallery\/chalten_calafate\/150107_Argentinien_Perito-Morenop065_blog.jpg\"\n\t\t\t\ttitle=\"Schaf, ungeschoren davon gekommen\"\n\t\t\t\tclass=\"ngg-fancybox\" rel=\"af3e3e27c9595e64b5841970973f1c2b\" data-image-id=\"361\" data-src=\"http:\/\/www.vogel-art.de\/blog\/wp-content\/gallery\/chalten_calafate\/150107_Argentinien_Perito-Morenop065_blog.jpg\" data-thumbnail=\"http:\/\/www.vogel-art.de\/blog\/wp-content\/gallery\/chalten_calafate\/thumbs\/thumbs_150107_Argentinien_Perito-Morenop065_blog.jpg\" data-title=\"Schaf, ungeschoren davon gekommen\" data-description=\"Schaf, ungeschoren davon gekommen\" >\n\t\t\t\t\t\t\t\t<img title=\"Schaf, ungeschoren davon gekommen\" alt=\"Schaf, ungeschoren davon gekommen\" src=\"http:\/\/www.vogel-art.de\/blog\/wp-content\/gallery\/chalten_calafate\/thumbs\/thumbs_150107_Argentinien_Perito-Morenop065_blog.jpg\" width='96' height='72' \/>\n\t\t\t\t\t\t\t<\/a>\n\t\t<\/div>\n\t<\/div>\n\n\t\t\t\t\t\t\t\t\t\n\t\t\n\t<!-- Pagination -->\n\t\t<div class='ngg-clear'><\/div>\t\n<\/div>\n\n\t<\/p>\n<p>Wie versprochen sind wir nach rechts abgebogen und sehen pl\u00f6tzlich &#8211; wie aus dem Nichts &#8211; die Anden vor uns aufragen. Hier wollen wir hin, hier wollen wir wandern. Wir erreichen El Chalten, die Bergsteigerstadt am Fusse des Fitz Roy &#8211; ein gem\u00fctliches Dorf mit vielen Touristen aus der ganzen Welt! Der Ausgangspunkt f\u00fcr alle Trekkingtouren.<\/p>\n<p>Wir packen unsere Rucks\u00e4cke und ich verdr\u00e4nge den Gedanken, dass sich darin wirklich f\u00fcr 3 Tage Proviant befinden plus Schlafs\u00e4cke und Zelt! Ich bin noch nie so lange am St\u00fcck gewandert und wenn, dann haben wir in einem ordentlichen Bett geschlafen und abends in der H\u00fctten K\u00e4ssp\u00e4tzle gegessen \u2013 hier werden wir Wasser aus dem Bach holen mit ordentlich Gletscherschliff darin und ein Fertignudelgericht wird unser Abendessen sein.<\/p>\n<p>Am Nachmittag kommen wir im Basis-Lager am Cerro Torre an und sind tats\u00e4chlich fix und alle, aber die Anstrengung hat sich gelohnt, in der wilden Natur zu campieren macht Spass und m\u00fcde fallen wir in unser Zelt im Wald.\u00a0 Am n\u00e4chsten Morgen qu\u00e4len wir uns fr\u00fch aus den Schlafs\u00e4cken heraus, um den Sonnenaufgang zu bewundern und dann geht es weiter, am 2. Tag l\u00e4uft es sich schon etwas runder. Es gibt wieder viel zu sehen, Gletscher, Seen, Wiesen&#8230;&#8230; Das n\u00e4chste Basis-Lager am Fitz Roy ist wieder mitten im Wald und wir schlagen kaputt unser Zelt auf. Nach einiger eisigen Nacht brechen wir mit leichtem Gep\u00e4ck auf, um die wundersch\u00f6ne Laguna de los Tres am Fu\u00dfe des imposanten Cerro Fitz Roy zu erklimmen. Nebel und Regen lassen uns jedoch nur erahnen, wie es hier aussieht&#8230; Der R\u00fcckweg nach El Chalten ist nochmal weit aber mit spektakul\u00e4ren Ausblicken und mit jedem Schritt ins Tal w\u00e4chst die Freude auf eine hei\u00dfe Dusche und ein kleines bisschen Stolz mischt sich auch ins Gef\u00fchl: Hurraaaaa, wir haben es geschafft 3 Tage wandern und 2 N\u00e4chte im eisigen Wald. (Lediglich Petra ist stolz, h\u00f6re ich gerade, f\u00fcr Heinz ist das alles ganz easy und v\u00f6llig normal!).<\/p>\n<p>Weihnachten, genau, Weihnachten war ja auch noch! Weihnachten haben wir in einer bunten Runde gefeiert, eine \u00f6sterreichische Familie und deren Freunde haben uns zum Weihnachtskaffee eingeladen. Der selbstgebackene Outdoorkuchen war k\u00f6stlich! Weihnachten auf der gr\u00fcnen Wiese mit fremden Freunden, eine sehr empfehlenswerte, entspannte Variante!<\/p>\n<p>Nach 10 Tagen in und um El Chalten wollte uns die Stra\u00dfe wieder. Wir fahren weiter gen S\u00fcden vorbei am t\u00fcrkisblauen Lago Argentino, der uns zu vielen Fotostopps zwingt, \u00fcberholen so manchen Fahrradfahrer, der gegen den patagonischen Wind ank\u00e4mpft, dr\u00fccken aufs Gas und kommen im n\u00e4chsten Touristen Hot Spot, Calafate, an. Hier her kommen alle wegen des Perito Moreno Gletschers &#8211; so wie wir auch.<\/p>\n<p>Dieser Gletscher ist so unbeschreiblich beeindruckend, nicht nur die Dimensionen hauen einen um, sondern auch die Farben, das Licht, das Farbenspiel. Wenn ein St\u00fcck abbricht und der Gletscher einen kleinen Eisberg ins Wasser entl\u00e4sst (kalbt), kracht es und l\u00e4rmt und schleudert einzelne Eisbrocken Meter weit. Wir haben das Spektakel und diese Magie 2 Tage lang genossen. Der R\u00fcckweg am Abend auf unseren freien sch\u00f6nen Campingplatz 70 km entfernt ist f\u00fcr argentinische Verh\u00e4ltnisse ein Katzensprung. Wir wundern uns immer noch dar\u00fcber, in Deutschland w\u00e4re das Dorf und der Campingplatz viel n\u00e4her an der Sehensw\u00fcrdigkeit \u2013 hier ist die Sehensw\u00fcrdigkeit Natur pur, umgeben von Natur pur und die Leute m\u00fcssen mit ihrer Zivilisation und allem was daran h\u00e4ngt einen respektvollen Abstand wahren. Perito Moreno Gletscher, du bist so sch\u00f6n und bisher mein Reisehighlight!<\/p>\n","protected":false},"excerpt":{"rendered":"<p>[Zeige Bilderliste] Wie versprochen sind wir nach rechts abgebogen und sehen pl\u00f6tzlich &#8211; wie aus dem Nichts &#8211; die Anden vor uns aufragen. Hier wollen wir hin, hier wollen wir wandern. Wir erreichen El Chalten, die Bergsteigerstadt am Fusse des Fitz Roy &#8211; ein gem\u00fctliches Dorf mit vielen Touristen aus der ganzen Welt! Der Ausgangspunkt &hellip; <a href=\"http:\/\/www.vogel-art.de\/blog\/?p=1077\" class=\"more-link\"><span class=\"screen-reader-text\">Vom Flachland in die Berge<\/span> weiterlesen <span class=\"meta-nav\">&rarr;<\/span><\/a><\/p>\n","protected":false},"author":2,"featured_media":1078,"comment_status":"open","ping_status":"open","sticky":false,"template":"","format":"gallery","meta":{"ngg_post_thumbnail":0,"footnotes":""},"categories":[16,12],"tags":[],"class_list":["post-1077","post","type-post","status-publish","format-gallery","has-post-thumbnail","hentry","category-argentinien","category-die-grosse-reise","post_format-post-format-gallery"],"_links":{"self":[{"href":"http:\/\/www.vogel-art.de\/blog\/index.php?rest_route=\/wp\/v2\/posts\/1077","targetHints":{"allow":["GET"]}}],"collection":[{"href":"http:\/\/www.vogel-art.de\/blog\/index.php?rest_route=\/wp\/v2\/posts"}],"about":[{"href":"http:\/\/www.vogel-art.de\/blog\/index.php?rest_route=\/wp\/v2\/types\/post"}],"author":[{"embeddable":true,"href":"http:\/\/www.vogel-art.de\/blog\/index.php?rest_route=\/wp\/v2\/users\/2"}],"replies":[{"embeddable":true,"href":"http:\/\/www.vogel-art.de\/blog\/index.php?rest_route=%2Fwp%2Fv2%2Fcomments&post=1077"}],"version-history":[{"count":8,"href":"http:\/\/www.vogel-art.de\/blog\/index.php?rest_route=\/wp\/v2\/posts\/1077\/revisions"}],"predecessor-version":[{"id":1088,"href":"http:\/\/www.vogel-art.de\/blog\/index.php?rest_route=\/wp\/v2\/posts\/1077\/revisions\/1088"}],"wp:featuredmedia":[{"embeddable":true,"href":"http:\/\/www.vogel-art.de\/blog\/index.php?rest_route=\/wp\/v2\/media\/1078"}],"wp:attachment":[{"href":"http:\/\/www.vogel-art.de\/blog\/index.php?rest_route=%2Fwp%2Fv2%2Fmedia&parent=1077"}],"wp:term":[{"taxonomy":"category","embeddable":true,"href":"http:\/\/www.vogel-art.de\/blog\/index.php?rest_route=%2Fwp%2Fv2%2Fcategories&post=1077"},{"taxonomy":"post_tag","embeddable":true,"href":"http:\/\/www.vogel-art.de\/blog\/index.php?rest_route=%2Fwp%2Fv2%2Ftags&post=1077"}],"curies":[{"name":"wp","href":"https:\/\/api.w.org\/{rel}","templated":true}]}}